{"id":27893,"date":"2019-06-11T11:49:34","date_gmt":"2019-06-11T09:49:34","guid":{"rendered":"https:\/\/www.mojevrijeme.hr\/magazin\/?p=27893"},"modified":"2019-06-11T12:12:39","modified_gmt":"2019-06-11T10:12:39","slug":"sever-objavio-kada-ce-odnijeti-kutije-sa-potpisima-u-sabor-objasnio-je-i-proceduru","status":"publish","type":"post","link":"https:\/\/www.mojevrijeme.hr\/magazin\/2019\/06\/sever-objavio-kada-ce-odnijeti-kutije-sa-potpisima-u-sabor-objasnio-je-i-proceduru\/","title":{"rendered":"Sever objavio kada \u0107e odnijeti kutije sa potpisima u Sabor. Objasnio je i proceduru"},"content":{"rendered":"\n<p>&#8220;Ju\u010der je do\u0161ao poziv od Hrvatskog sabora za predaju potpisa. Pozvani smo u \u010detvrtak u 11:30. Najavljeno je da \u0107emo razgovarati i s predsjednikom Hrvatskog sabora Gordanom Jandrokovi\u0107em&#8221;, kazao je u programu <a rel=\"noreferrer noopener\" aria-label=\"N1 televizije (opens in a new tab)\" href=\"http:\/\/hr.n1info.com\/Vijesti\/a409935\/Kresimir-Sever-65-kutija-s-potpisima-predajemo-u-cetvrtak-u-11-30-sati.html\" target=\"_blank\"><strong>N1 televizije<\/strong><\/a> sindikalist <strong>Kre\u0161imir Sever<\/strong>. <\/p>\n\n\n\n<p>Na pitanje postoji li prihvatljiva varijanta kompromisa, Sever je odgovorio: &#8220;Mi smo nudili prije varijante koje nisu prihva\u0107ali. Ovdje je vrlo jasno izra\u017eena volja ljudi. Pitanje je bilo vrlo jasno postavljeno. Ovih vi\u0161e od 700 tisu\u0107a potpisa je reklo da \u017eeli i\u0107i na referendum. Ovo je bila inicijativa za referendum. Mi nemamo pravo se vi\u0161e povu\u0107i&#8221;.&nbsp; <\/p>\n\n\n\n<p>&#8220;Zajedni\u010dka komisija da \u0107e otvoriti kutije, pregledati potpisne liste koje sadr\u017ee potpise i vidjeti odgovara li brojka upisnih knjiga onome \u0161to je u kutiji. Nakon \u0161to se to izvr\u0161i, odvijat \u0107e se razgovor s predsjednikom Sabora. Sabor \u0107e tra\u017eiti provjeru. O\u010dekujemo zbog brojke potpisa da \u0107e i\u0107i na slu\u010dajni odabir. Mi smo dva puta provjerili. Ukoliko se ide na Ustavni sud, oni imaju 30 dana za odluku. Mudra vlast treba znati pro\u010ditati znakove vremena&#8221;, objasnio je proceduru sindikalist.<\/p><div id=\"mojev-4165198649\" class=\"mojev-u-tekstu mojev-entity-placement\" style=\"margin-left: auto;margin-right: auto;text-align: center;\"><div class=\"mojev-adlabel\">oglas<\/div><div style=\"height: 250px;\"><script async src=\"https:\/\/pagead2.googlesyndication.com\/pagead\/js\/adsbygoogle.js?client=ca-pub-8106111766207173\"\r\n     crossorigin=\"anonymous\"><\/script>\r\n<!-- Prikazni 1 u tekstu -->\r\n<ins class=\"adsbygoogle\"\r\n     style=\"display:block\"\r\n     data-ad-client=\"ca-pub-8106111766207173\"\r\n     data-ad-slot=\"8535551207\"\r\n     data-ad-format=\"auto\"\r\n     data-full-width-responsive=\"true\"><\/ins>\r\n<script>\r\n     (adsbygoogle = window.adsbygoogle || []).push({});\r\n<\/script><\/div><\/div><br style=\"clear: both; display: block; float: none;\"\/>\n<div id=\"mojev-828033248\" class=\"mojev-kraj-teksta mojev-entity-placement\" style=\"margin-bottom: 20px;margin-left: auto;margin-right: auto;text-align: center;\"><div class=\"mojev-adlabel\">oglas<\/div><div style=\"height: 250px;\"><script async src=\"https:\/\/pagead2.googlesyndication.com\/pagead\/js\/adsbygoogle.js?client=ca-pub-8106111766207173\"\r\n     crossorigin=\"anonymous\"><\/script>\r\n<!-- Display-1 -->\r\n<ins class=\"adsbygoogle\"\r\n     style=\"display:block\"\r\n     data-ad-client=\"ca-pub-8106111766207173\"\r\n     data-ad-slot=\"1465712950\"\r\n     data-ad-format=\"auto\"\r\n     data-full-width-responsive=\"true\"><\/ins>\r\n<script>\r\n     (adsbygoogle = window.adsbygoogle || []).push({});\r\n<\/script><\/div><\/div>","protected":false},"excerpt":{"rendered":"<p>Zajedni\u010dka komisija da \u0107e otvoriti kutije, pregledati potpisne liste koje sadr\u017ee potpise i vidjeti odgovara li brojka upisnih knjiga onome \u0161to je u kutiji. Nakon \u0161to se to izvr\u0161i, odvijat \u0107e se razgovor s predsjednikom Sabora. <\/p>\n","protected":false},"author":1,"featured_media":27687,"comment_status":"closed","ping_status":"closed","sticky":false,"template":"","format":"standard","meta":{"footnotes":""},"categories":[9],"tags":[1639,1326,1116,166],"class_list":["post-27893","post","type-post","status-publish","format-standard","has-post-thumbnail","hentry","category-vijesti","tag-67jeprevise","tag-kresimir-sever","tag-mirovinska-reforma","tag-referendum"],"_links":{"self":[{"href":"https:\/\/www.mojevrijeme.hr\/magazin\/wp-json\/wp\/v2\/posts\/27893","targetHints":{"allow":["GET"]}}],"collection":[{"href":"https:\/\/www.mojevrijeme.hr\/magazin\/wp-json\/wp\/v2\/posts"}],"about":[{"href":"https:\/\/www.mojevrijeme.hr\/magazin\/wp-json\/wp\/v2\/types\/post"}],"author":[{"embeddable":true,"href":"https:\/\/www.mojevrijeme.hr\/magazin\/wp-json\/wp\/v2\/users\/1"}],"replies":[{"embeddable":true,"href":"https:\/\/www.mojevrijeme.hr\/magazin\/wp-json\/wp\/v2\/comments?post=27893"}],"version-history":[{"count":0,"href":"https:\/\/www.mojevrijeme.hr\/magazin\/wp-json\/wp\/v2\/posts\/27893\/revisions"}],"wp:featuredmedia":[{"embeddable":true,"href":"https:\/\/www.mojevrijeme.hr\/magazin\/wp-json\/wp\/v2\/media\/27687"}],"wp:attachment":[{"href":"https:\/\/www.mojevrijeme.hr\/magazin\/wp-json\/wp\/v2\/media?parent=27893"}],"wp:term":[{"taxonomy":"category","embeddable":true,"href":"https:\/\/www.mojevrijeme.hr\/magazin\/wp-json\/wp\/v2\/categories?post=27893"},{"taxonomy":"post_tag","embeddable":true,"href":"https:\/\/www.mojevrijeme.hr\/magazin\/wp-json\/wp\/v2\/tags?post=27893"}],"curies":[{"name":"wp","href":"https:\/\/api.w.org\/{rel}","templated":true}]}}