{"id":27912,"date":"2019-06-11T17:23:11","date_gmt":"2019-06-11T15:23:11","guid":{"rendered":"https:\/\/www.mojevrijeme.hr\/magazin\/?p=27912"},"modified":"2019-06-11T17:24:06","modified_gmt":"2019-06-11T15:24:06","slug":"sindikati-prebrojali-potpise-imaju-ih-dvostruko-vise-od-potrebnog-broja","status":"publish","type":"post","link":"https:\/\/www.mojevrijeme.hr\/magazin\/2019\/06\/sindikati-prebrojali-potpise-imaju-ih-dvostruko-vise-od-potrebnog-broja\/","title":{"rendered":"Sindikati prebrojali potpise, imaju ih dvostruko vi\u0161e od potrebnog broja"},"content":{"rendered":"\n<p>&#8220;<strong>748.624 ispravna potpisa!<\/strong> Dvostruko vi\u0161e od potrebnog broja! Hvala! Potpise Saboru predajemo u \u010detvrtak &#8211; idemo po referendum&#8221;, objavila je na dru\u0161tvenim mre\u017eama inicijativa &#8220;67 je previ\u0161e&#8221;. <\/p>\n\n\n\n<p>Nakon \u0161to ih donesu u Sabor u 66 kutija, mjerodavne slu\u017ebe \u0107e ih proslijediti saborskom Odboru za Ustav, poslovnik i politi\u010dki sustav. U sindikatima o\u010dekuju da Sabor ne\u0107e odugovla\u010diti s procedurom, no o\u010dekuje se da \u0107e najprije od Vlade zatra\u017eiti provjeru popisa bira\u010da.<\/p>\n\n\n\n<p><strong>Branko Ba\u010di\u0107<\/strong>, predsjednik Kluba zastupnika HDZ-a rekao je za emisiju Hrvatskog radija &#8220;U mre\u017ei Prvog&#8221; da Sabor ima dvije mogu\u0107nosti  &#8211; ili odmah raspisati referendum ili poslati zahtjev Ustavnom sudu za ocjenu ustavnosti ovakvog referendumskog pitanja.<\/p><div id=\"mojev-649106823\" class=\"mojev-u-tekstu mojev-entity-placement\" style=\"margin-left: auto;margin-right: auto;text-align: center;\"><div class=\"mojev-adlabel\">oglas<\/div><div style=\"height: 250px;\"><script async src=\"https:\/\/pagead2.googlesyndication.com\/pagead\/js\/adsbygoogle.js?client=ca-pub-8106111766207173\"\r\n     crossorigin=\"anonymous\"><\/script>\r\n<!-- Prikazni 1 u tekstu -->\r\n<ins class=\"adsbygoogle\"\r\n     style=\"display:block\"\r\n     data-ad-client=\"ca-pub-8106111766207173\"\r\n     data-ad-slot=\"8535551207\"\r\n     data-ad-format=\"auto\"\r\n     data-full-width-responsive=\"true\"><\/ins>\r\n<script>\r\n     (adsbygoogle = window.adsbygoogle || []).push({});\r\n<\/script><\/div><\/div><br style=\"clear: both; display: block; float: none;\"\/>\n\n\n\n<p>&#8220;Mislim da je Ustavni sud du\u017ean u kratkom roku od 30-ak dana odgovoriti na prijedlog Sabora za ocjenom ustavnosti, i ako Ustavni sud ocijeni da je ustavno pitanje u skladu s Ustavom, nakon toga je na Saboru da raspi\u0161e referendum&#8221;, kazao je Ba\u010di\u0107.<\/p>\n\n\n\n<p><strong>Mladen Novosel<\/strong>, predsjednik SSSH, koji je tako\u0111er gostovao u emisiji, poru\u010duje: &#8220;Budite sigurni da mi ne\u0107emo skr\u0161tenih ruku promatrati odugovla\u010denje&#8221;. <\/p>\n<div id=\"mojev-4046106276\" class=\"mojev-kraj-teksta mojev-entity-placement\" style=\"margin-bottom: 20px;margin-left: auto;margin-right: auto;text-align: center;\"><div class=\"mojev-adlabel\">oglas<\/div><div style=\"height: 250px;\"><script async src=\"https:\/\/pagead2.googlesyndication.com\/pagead\/js\/adsbygoogle.js?client=ca-pub-8106111766207173\"\r\n     crossorigin=\"anonymous\"><\/script>\r\n<!-- Display-1 -->\r\n<ins class=\"adsbygoogle\"\r\n     style=\"display:block\"\r\n     data-ad-client=\"ca-pub-8106111766207173\"\r\n     data-ad-slot=\"1465712950\"\r\n     data-ad-format=\"auto\"\r\n     data-full-width-responsive=\"true\"><\/ins>\r\n<script>\r\n     (adsbygoogle = window.adsbygoogle || []).push({});\r\n<\/script><\/div><\/div>","protected":false},"excerpt":{"rendered":"<p>U sindikatima o\u010dekuju da Sabor ne\u0107e odugovla\u010diti s procedurom, no o\u010dekuje se da \u0107e najprije od Vlade zatra\u017eiti provjeru popisa bira\u010da.<\/p>\n","protected":false},"author":1,"featured_media":18597,"comment_status":"closed","ping_status":"closed","sticky":false,"template":"","format":"standard","meta":{"footnotes":""},"categories":[9],"tags":[1639,1761,665,166],"class_list":["post-27912","post","type-post","status-publish","format-standard","has-post-thumbnail","hentry","category-vijesti","tag-67jeprevise","tag-branko-bacic","tag-hdz","tag-referendum"],"_links":{"self":[{"href":"https:\/\/www.mojevrijeme.hr\/magazin\/wp-json\/wp\/v2\/posts\/27912","targetHints":{"allow":["GET"]}}],"collection":[{"href":"https:\/\/www.mojevrijeme.hr\/magazin\/wp-json\/wp\/v2\/posts"}],"about":[{"href":"https:\/\/www.mojevrijeme.hr\/magazin\/wp-json\/wp\/v2\/types\/post"}],"author":[{"embeddable":true,"href":"https:\/\/www.mojevrijeme.hr\/magazin\/wp-json\/wp\/v2\/users\/1"}],"replies":[{"embeddable":true,"href":"https:\/\/www.mojevrijeme.hr\/magazin\/wp-json\/wp\/v2\/comments?post=27912"}],"version-history":[{"count":0,"href":"https:\/\/www.mojevrijeme.hr\/magazin\/wp-json\/wp\/v2\/posts\/27912\/revisions"}],"wp:featuredmedia":[{"embeddable":true,"href":"https:\/\/www.mojevrijeme.hr\/magazin\/wp-json\/wp\/v2\/media\/18597"}],"wp:attachment":[{"href":"https:\/\/www.mojevrijeme.hr\/magazin\/wp-json\/wp\/v2\/media?parent=27912"}],"wp:term":[{"taxonomy":"category","embeddable":true,"href":"https:\/\/www.mojevrijeme.hr\/magazin\/wp-json\/wp\/v2\/categories?post=27912"},{"taxonomy":"post_tag","embeddable":true,"href":"https:\/\/www.mojevrijeme.hr\/magazin\/wp-json\/wp\/v2\/tags?post=27912"}],"curies":[{"name":"wp","href":"https:\/\/api.w.org\/{rel}","templated":true}]}}