{"id":28370,"date":"2019-06-26T12:29:24","date_gmt":"2019-06-26T10:29:24","guid":{"rendered":"https:\/\/www.mojevrijeme.hr\/magazin\/?p=28370"},"modified":"2019-06-26T12:31:23","modified_gmt":"2019-06-26T10:31:23","slug":"kolinda-kako-god-bilo-mirovinu-cu-provesti-u-hrvatskoj-uvijek-sam-se-vracala","status":"publish","type":"post","link":"https:\/\/www.mojevrijeme.hr\/magazin\/2019\/06\/kolinda-kako-god-bilo-mirovinu-cu-provesti-u-hrvatskoj-uvijek-sam-se-vracala\/","title":{"rendered":"Kolinda: &#8216;Kako god bilo, mirovinu \u0107u provesti u Hrvatskoj. Uvijek sam se vra\u0107ala&#8217;"},"content":{"rendered":"\n<p>Ho\u0107e li se predsjednica <strong>Kolinda Grabar-Kitarovi\u0107<\/strong> uop\u0107e natjecati za drugi mandat? Pitanje je to koje ve\u0107 neko vrijeme postavljaju novinar, politi\u010dari, a sada ve\u0107 i gra\u0111ani. <\/p>\n\n\n\n<p>Ju\u010der je, podsjetimo, na Pantov\u010daku nakon sve\u010danosti povodom Dana dr\u017eavnosti za Novu TV izjavila: &#8220;\u017delim predsjedni\u010dki mandat odraditi do kraja. \u0160to \u0107e biti nakon toga \u2013 ne znam. Narod \u0107e odlu\u010diti. Ne bojim se ni\u010dega. Posla uvijek ima u svijetu. Kad vam se jedna vrata zatvore, druga se otvore.&#8221;<\/p>\n\n\n\n<p>I danas je u Vukovaru ponovila kako posla ima za one koji\nho\u0107e raditi. &#8220;Ja sebe vidim u Hrvatskoj. \u010cesto sam odlazila zbog\n\u0161kolovanja i posla i uvijek sam se vra\u0107ala. Kako god moj \u017eivot bude i\u0161ao,\nmirovinu \u0107u provesti u Hrvatskoj&#8221;, ka\u017ee predsjednica. <\/p><div id=\"mojev-1936123050\" class=\"mojev-u-tekstu mojev-entity-placement\" style=\"margin-left: auto;margin-right: auto;text-align: center;\"><div class=\"mojev-adlabel\">oglas<\/div><div style=\"height: 250px;\"><script async src=\"https:\/\/pagead2.googlesyndication.com\/pagead\/js\/adsbygoogle.js?client=ca-pub-8106111766207173\"\r\n     crossorigin=\"anonymous\"><\/script>\r\n<!-- Prikazni 1 u tekstu -->\r\n<ins class=\"adsbygoogle\"\r\n     style=\"display:block\"\r\n     data-ad-client=\"ca-pub-8106111766207173\"\r\n     data-ad-slot=\"8535551207\"\r\n     data-ad-format=\"auto\"\r\n     data-full-width-responsive=\"true\"><\/ins>\r\n<script>\r\n     (adsbygoogle = window.adsbygoogle || []).push({});\r\n<\/script><\/div><\/div><br style=\"clear: both; display: block; float: none;\"\/>\n\n\n\n<p>\u0160to \u0107e se dogoditi ako ne osvoji drugi mandat? &nbsp;&#8220;To je hipotetsko pitanje i te\u0161ko je na njega odgovarati. Voljela bih da se usredoto\u010dimo na to kako ljudi \u017eive, kako da otvorimo radna mjesta, kako da vratimo mlade koji su oti\u0161li&#8221;, ka\u017ee Kolinda Grabar-Kitarovi\u0107. <\/p>\n<div id=\"mojev-2885737427\" class=\"mojev-kraj-teksta mojev-entity-placement\" style=\"margin-bottom: 20px;margin-left: auto;margin-right: auto;text-align: center;\"><div class=\"mojev-adlabel\">oglas<\/div><div style=\"height: 250px;\"><script async src=\"https:\/\/pagead2.googlesyndication.com\/pagead\/js\/adsbygoogle.js?client=ca-pub-8106111766207173\"\r\n     crossorigin=\"anonymous\"><\/script>\r\n<!-- Display-1 -->\r\n<ins class=\"adsbygoogle\"\r\n     style=\"display:block\"\r\n     data-ad-client=\"ca-pub-8106111766207173\"\r\n     data-ad-slot=\"1465712950\"\r\n     data-ad-format=\"auto\"\r\n     data-full-width-responsive=\"true\"><\/ins>\r\n<script>\r\n     (adsbygoogle = window.adsbygoogle || []).push({});\r\n<\/script><\/div><\/div>","protected":false},"excerpt":{"rendered":"<p>Novinari predsjednicu gotovo svaki dan pitaju kada \u0107e se kandidirati za drugi mandat. Iako ima potporu HDZ-a, svoje namjere jo\u0161 nije objavila. No jedno zna &#8211; starost \u0107e provesti u domovini. <\/p>\n","protected":false},"author":1,"featured_media":26915,"comment_status":"closed","ping_status":"closed","sticky":false,"template":"","format":"standard","meta":{"footnotes":""},"categories":[9],"tags":[1329,223,359,957],"class_list":["post-28370","post","type-post","status-publish","format-standard","has-post-thumbnail","hentry","category-vijesti","tag-domoljublje","tag-izbori","tag-kolinda","tag-mirovina"],"_links":{"self":[{"href":"https:\/\/www.mojevrijeme.hr\/magazin\/wp-json\/wp\/v2\/posts\/28370","targetHints":{"allow":["GET"]}}],"collection":[{"href":"https:\/\/www.mojevrijeme.hr\/magazin\/wp-json\/wp\/v2\/posts"}],"about":[{"href":"https:\/\/www.mojevrijeme.hr\/magazin\/wp-json\/wp\/v2\/types\/post"}],"author":[{"embeddable":true,"href":"https:\/\/www.mojevrijeme.hr\/magazin\/wp-json\/wp\/v2\/users\/1"}],"replies":[{"embeddable":true,"href":"https:\/\/www.mojevrijeme.hr\/magazin\/wp-json\/wp\/v2\/comments?post=28370"}],"version-history":[{"count":0,"href":"https:\/\/www.mojevrijeme.hr\/magazin\/wp-json\/wp\/v2\/posts\/28370\/revisions"}],"wp:featuredmedia":[{"embeddable":true,"href":"https:\/\/www.mojevrijeme.hr\/magazin\/wp-json\/wp\/v2\/media\/26915"}],"wp:attachment":[{"href":"https:\/\/www.mojevrijeme.hr\/magazin\/wp-json\/wp\/v2\/media?parent=28370"}],"wp:term":[{"taxonomy":"category","embeddable":true,"href":"https:\/\/www.mojevrijeme.hr\/magazin\/wp-json\/wp\/v2\/categories?post=28370"},{"taxonomy":"post_tag","embeddable":true,"href":"https:\/\/www.mojevrijeme.hr\/magazin\/wp-json\/wp\/v2\/tags?post=28370"}],"curies":[{"name":"wp","href":"https:\/\/api.w.org\/{rel}","templated":true}]}}