{"id":28523,"date":"2019-07-02T20:40:38","date_gmt":"2019-07-02T18:40:38","guid":{"rendered":"https:\/\/www.mojevrijeme.hr\/magazin\/?p=28523"},"modified":"2019-07-03T07:05:45","modified_gmt":"2019-07-03T05:05:45","slug":"iza-nas-je-najtopliji-mjesec-ikad-izmjeren-na-zemlji","status":"publish","type":"post","link":"https:\/\/www.mojevrijeme.hr\/magazin\/2019\/07\/iza-nas-je-najtopliji-mjesec-ikad-izmjeren-na-zemlji\/","title":{"rendered":"Iza nas je najtopliji lipanj ikad izmjeren na Zemlji"},"content":{"rendered":"\n<p>Lipanj iza nas bio je najtopliji mjesec lipanj ikad zabilje\u017een na Zemlji, javila je Satelitska agencija Europske unije. <strong>Indipendent<\/strong> prenosi podatke Copernicusa, slu\u017ebe za klimatske promjene, a koje je implementirao Europski centar za srednjoro\u010dnu vremensku prognozu. Oni dokazuju da je globalna prosje\u010dna temperatura za lipanj 2019. rekord.<\/p>\n\n\n\n<p>Lipanjska temperatura u Europi bila je 2 stupnja iznad prosjeka, dok su Njema\u010dka, Francuska i sjeverna \u0160panjolska zabilje\u017eile i do 10 stupnjeva vi\u0161e od prosjeka za zadnje dane mjeseca. Globalni prosjek ve\u0107i je za 0,1 \u00b0C u odnosu na rekordni lipanj 2016. koji je sada nadma\u0161en. <\/p>\n\n\n\n<p>&#8220;Znali smo da je lipanj bio vru\u0107 u Europi, ali ova studija pokazuje da temperaturni rekordi nisu samo sru\u0161eni, ve\u0107 su potpuno izbrisani&#8221;, kazala je profesorica <strong>Hannah Cloke<\/strong> sa Sveu\u010dili\u0161ta u Readingu. <strong>Peter Scott<\/strong>, stru\u010dnjak za klimatske promjene tvrdi da bi sli\u010dan toplinski val prije 100 godina bio 4\u00b0C hladniji. <\/p><div id=\"mojev-2221271525\" class=\"mojev-u-tekstu mojev-entity-placement\" style=\"margin-left: auto;margin-right: auto;text-align: center;\"><div class=\"mojev-adlabel\">oglas<\/div><div style=\"height: 250px;\"><script async src=\"https:\/\/pagead2.googlesyndication.com\/pagead\/js\/adsbygoogle.js?client=ca-pub-8106111766207173\"\r\n     crossorigin=\"anonymous\"><\/script>\r\n<!-- Prikazni 1 u tekstu -->\r\n<ins class=\"adsbygoogle\"\r\n     style=\"display:block\"\r\n     data-ad-client=\"ca-pub-8106111766207173\"\r\n     data-ad-slot=\"8535551207\"\r\n     data-ad-format=\"auto\"\r\n     data-full-width-responsive=\"true\"><\/ins>\r\n<script>\r\n     (adsbygoogle = window.adsbygoogle || []).push({});\r\n<\/script><\/div><\/div><br style=\"clear: both; display: block; float: none;\"\/>\n\n\n\n<p>Temperature u ju\u017enoj francuskoj regiji Gard u petak su\ndosegnule \u010dak 45,9 stupnjeva Celzija. U \u0160panjolskoj je u 40 od 50 regija izdano\nupozorenje o izvanrednim vremenskim uvjetima, a u sedam pokrajina vladaju\nekstremni uvjeti.<\/p>\n<div id=\"mojev-18528256\" class=\"mojev-kraj-teksta mojev-entity-placement\" style=\"margin-bottom: 20px;margin-left: auto;margin-right: auto;text-align: center;\"><div class=\"mojev-adlabel\">oglas<\/div><div style=\"height: 250px;\"><script async src=\"https:\/\/pagead2.googlesyndication.com\/pagead\/js\/adsbygoogle.js?client=ca-pub-8106111766207173\"\r\n     crossorigin=\"anonymous\"><\/script>\r\n<!-- Display-1 -->\r\n<ins class=\"adsbygoogle\"\r\n     style=\"display:block\"\r\n     data-ad-client=\"ca-pub-8106111766207173\"\r\n     data-ad-slot=\"1465712950\"\r\n     data-ad-format=\"auto\"\r\n     data-full-width-responsive=\"true\"><\/ins>\r\n<script>\r\n     (adsbygoogle = window.adsbygoogle || []).push({});\r\n<\/script><\/div><\/div>","protected":false},"excerpt":{"rendered":"<p>&#8216;Znali smo da je lipanj bio vru\u0107 u Europi, ali ova studija pokazuje da temperaturni rekordi nisu samo sru\u0161eni, ve\u0107 su potpuno izbrisani&#8217;, kazala je profesorica Hannah Cloke sa Sveu\u010dili\u0161ta u Readingu.<\/p>\n","protected":false},"author":1,"featured_media":28392,"comment_status":"closed","ping_status":"closed","sticky":false,"template":"","format":"standard","meta":{"footnotes":""},"categories":[9],"tags":[1405,1775,597],"class_list":["post-28523","post","type-post","status-publish","format-standard","has-post-thumbnail","hentry","category-vijesti","tag-klimatske-promjene","tag-toplinski-val","tag-vrucine"],"_links":{"self":[{"href":"https:\/\/www.mojevrijeme.hr\/magazin\/wp-json\/wp\/v2\/posts\/28523","targetHints":{"allow":["GET"]}}],"collection":[{"href":"https:\/\/www.mojevrijeme.hr\/magazin\/wp-json\/wp\/v2\/posts"}],"about":[{"href":"https:\/\/www.mojevrijeme.hr\/magazin\/wp-json\/wp\/v2\/types\/post"}],"author":[{"embeddable":true,"href":"https:\/\/www.mojevrijeme.hr\/magazin\/wp-json\/wp\/v2\/users\/1"}],"replies":[{"embeddable":true,"href":"https:\/\/www.mojevrijeme.hr\/magazin\/wp-json\/wp\/v2\/comments?post=28523"}],"version-history":[{"count":0,"href":"https:\/\/www.mojevrijeme.hr\/magazin\/wp-json\/wp\/v2\/posts\/28523\/revisions"}],"wp:featuredmedia":[{"embeddable":true,"href":"https:\/\/www.mojevrijeme.hr\/magazin\/wp-json\/wp\/v2\/media\/28392"}],"wp:attachment":[{"href":"https:\/\/www.mojevrijeme.hr\/magazin\/wp-json\/wp\/v2\/media?parent=28523"}],"wp:term":[{"taxonomy":"category","embeddable":true,"href":"https:\/\/www.mojevrijeme.hr\/magazin\/wp-json\/wp\/v2\/categories?post=28523"},{"taxonomy":"post_tag","embeddable":true,"href":"https:\/\/www.mojevrijeme.hr\/magazin\/wp-json\/wp\/v2\/tags?post=28523"}],"curies":[{"name":"wp","href":"https:\/\/api.w.org\/{rel}","templated":true}]}}