{"id":28565,"date":"2019-07-04T09:27:17","date_gmt":"2019-07-04T07:27:17","guid":{"rendered":"https:\/\/www.mojevrijeme.hr\/magazin\/?p=28565"},"modified":"2019-07-04T09:37:59","modified_gmt":"2019-07-04T07:37:59","slug":"kao-da-je-izasla-iz-briljantina-predsjednica-na-tematskoj-zabavi-povodom-dana-nezavisnosti","status":"publish","type":"post","link":"https:\/\/www.mojevrijeme.hr\/magazin\/2019\/07\/kao-da-je-izasla-iz-briljantina-predsjednica-na-tematskoj-zabavi-povodom-dana-nezavisnosti\/","title":{"rendered":"&#8216;Kao da je iza\u0161la iz Briljantina!&#8217; Predsjednica na tematskoj zabavi povodom Dana nezavisnosti"},"content":{"rendered":"\n<p>I Amerikanci u Hrvatskoj proslavili su Dan nezavisnosti. Sredi\u0161nju sve\u010danost organiziralo je Veleposlanstvo Sjedinjenih Dr\u017eava u Zagrebu. Zabavi s temom pedesetih godina pro\u0161log stolje\u0107a odazvala se i predsjednica <strong>Kolinda Grabar-Kitarovi\u0107<\/strong>. <\/p>\n\n\n\n<p>&#8220;Ista  Sandy Olsson! Kao da je iza\u0161la iz Briljantina&#8221;, jedan je od komentara na fotografiju koju je Veleposlanstvo objavilo na dru\u0161tvenim mre\u017eama. Naime, predsjednica je odjenula to\u010dkastu haljinicu i ko\u017enu jaknu uz ma\u010dkaste sun\u010dale nao\u010dale i \u017eutu torbicu. Doma\u0107in, veleposlanik Robert Kohorst, do\u010dekao ju je u trapericama i ko\u017enoj jakni. Pro\u0161le je godine, podsje\u0107amo, tema zabave bila Kalifornija pa se predsjednica pojavila u \u0161arenoj ko\u0161ulji. <\/p>\n\n\n\n<p>&#8220;Ameri\u010dko Veleposlanstvo u Zagrebu priredilo je zabavu povodom Dana nezavisnosti. Hvala svima koji su do\u0161li. Tema su bile pedesete. Zanimljiva zabava sa sjajnom hranom, pi\u0107em i glazbom. Sretan ro\u0111endan, Ameriko!&#8221; stoji na slu\u017ebenom Twitteru Veleposlanstva.&nbsp; <\/p><div id=\"mojev-1868920776\" class=\"mojev-u-tekstu mojev-entity-placement\" style=\"margin-left: auto;margin-right: auto;text-align: center;\"><div class=\"mojev-adlabel\">oglas<\/div><div style=\"height: 250px;\"><script async src=\"https:\/\/pagead2.googlesyndication.com\/pagead\/js\/adsbygoogle.js?client=ca-pub-8106111766207173\"\r\n     crossorigin=\"anonymous\"><\/script>\r\n<!-- Prikazni 1 u tekstu -->\r\n<ins class=\"adsbygoogle\"\r\n     style=\"display:block\"\r\n     data-ad-client=\"ca-pub-8106111766207173\"\r\n     data-ad-slot=\"8535551207\"\r\n     data-ad-format=\"auto\"\r\n     data-full-width-responsive=\"true\"><\/ins>\r\n<script>\r\n     (adsbygoogle = window.adsbygoogle || []).push({});\r\n<\/script><\/div><\/div><br style=\"clear: both; display: block; float: none;\"\/>\n<div id=\"mojev-797207508\" class=\"mojev-kraj-teksta mojev-entity-placement\" style=\"margin-bottom: 20px;margin-left: auto;margin-right: auto;text-align: center;\"><div class=\"mojev-adlabel\">oglas<\/div><div style=\"height: 250px;\"><script async src=\"https:\/\/pagead2.googlesyndication.com\/pagead\/js\/adsbygoogle.js?client=ca-pub-8106111766207173\"\r\n     crossorigin=\"anonymous\"><\/script>\r\n<!-- Display-1 -->\r\n<ins class=\"adsbygoogle\"\r\n     style=\"display:block\"\r\n     data-ad-client=\"ca-pub-8106111766207173\"\r\n     data-ad-slot=\"1465712950\"\r\n     data-ad-format=\"auto\"\r\n     data-full-width-responsive=\"true\"><\/ins>\r\n<script>\r\n     (adsbygoogle = window.adsbygoogle || []).push({});\r\n<\/script><\/div><\/div>","protected":false},"excerpt":{"rendered":"<p>Predsjednica je odjenula to\u010dkastu haljinicu, ko\u017enu jaknu i ma\u010dkaste sun\u010dale nao\u010dale. Pro\u0161le je godine, podsje\u0107amo, tema zabave bila Kalifornija pa se predsjednica pojavila u \u0161arenoj ko\u0161ulji. <\/p>\n","protected":false},"author":1,"featured_media":28567,"comment_status":"closed","ping_status":"closed","sticky":false,"template":"","format":"standard","meta":{"footnotes":""},"categories":[84],"tags":[359,276,1035],"class_list":["post-28565","post","type-post","status-publish","format-standard","has-post-thumbnail","hentry","category-show","tag-kolinda","tag-moda","tag-sjedinjene-drzave"],"_links":{"self":[{"href":"https:\/\/www.mojevrijeme.hr\/magazin\/wp-json\/wp\/v2\/posts\/28565","targetHints":{"allow":["GET"]}}],"collection":[{"href":"https:\/\/www.mojevrijeme.hr\/magazin\/wp-json\/wp\/v2\/posts"}],"about":[{"href":"https:\/\/www.mojevrijeme.hr\/magazin\/wp-json\/wp\/v2\/types\/post"}],"author":[{"embeddable":true,"href":"https:\/\/www.mojevrijeme.hr\/magazin\/wp-json\/wp\/v2\/users\/1"}],"replies":[{"embeddable":true,"href":"https:\/\/www.mojevrijeme.hr\/magazin\/wp-json\/wp\/v2\/comments?post=28565"}],"version-history":[{"count":0,"href":"https:\/\/www.mojevrijeme.hr\/magazin\/wp-json\/wp\/v2\/posts\/28565\/revisions"}],"wp:featuredmedia":[{"embeddable":true,"href":"https:\/\/www.mojevrijeme.hr\/magazin\/wp-json\/wp\/v2\/media\/28567"}],"wp:attachment":[{"href":"https:\/\/www.mojevrijeme.hr\/magazin\/wp-json\/wp\/v2\/media?parent=28565"}],"wp:term":[{"taxonomy":"category","embeddable":true,"href":"https:\/\/www.mojevrijeme.hr\/magazin\/wp-json\/wp\/v2\/categories?post=28565"},{"taxonomy":"post_tag","embeddable":true,"href":"https:\/\/www.mojevrijeme.hr\/magazin\/wp-json\/wp\/v2\/tags?post=28565"}],"curies":[{"name":"wp","href":"https:\/\/api.w.org\/{rel}","templated":true}]}}