{"id":28614,"date":"2019-07-06T18:48:47","date_gmt":"2019-07-06T16:48:47","guid":{"rendered":"https:\/\/www.mojevrijeme.hr\/magazin\/?p=28614"},"modified":"2020-04-19T18:28:41","modified_gmt":"2020-04-19T16:28:41","slug":"jednom-otocanin-uvijek-otocanin-posjetili-smo-saljski-sheraton-za-umirovljenike","status":"publish","type":"post","link":"https:\/\/www.mojevrijeme.hr\/magazin\/2019\/07\/jednom-otocanin-uvijek-otocanin-posjetili-smo-saljski-sheraton-za-umirovljenike\/","title":{"rendered":"Jednom oto\u010danin &#8211; uvijek oto\u010danin! Posjetili smo saljski &#8220;Sheraton za umirovljenike&#8221;"},"content":{"rendered":"\n<p>&#8220;Ja sam bio pomorac, vidio svijeta, no na koncu sam se vratio na svoj otok&#8221;, pri\u010da nam <strong>gospodin Danko<\/strong> <strong>Zetkov<\/strong>, stanar doma umirovljenika u pitoresknom mjestu Sali na Dugom otoku.<\/p>\n\n\n\n<p>Danko je i ro\u0111en na Dugom otoku, u mjestu Luka, pa se za njega doista mo\u017ee re\u0107i: jednom oto\u010danin, uvijek oto\u010danin. Ve\u0107 mu je 95 godina, a svi u domu ga poznaju kao pjesnika. Naime, \u010desto je znao kratiti vrijeme pi\u0161u\u0107i pjesme i kratke pri\u010de na posebnom, &#8220;bodulskom&#8221; jeziku. Tema pjesama skoro je uvijek bila ljubav, pisao je i o moru i pomorstvu, a jednu je pjesmu posvetio i svojem domu u Salima.<\/p>\n\n\n\n<p>&#8220;Moj otok mi je ipak najdra\u017ei. Dok mo\u017eemo navigati i raditi, onda je dobro. No kad vi\u0161e ne mo\u017eemo, valja nam stati. Ja sam ovdje jako zadovoljan pa sam o ovom domu napisao i pjesmu&#8221;, pri\u010da nam \u0161jor Danko koji u domu \u017eivi ve\u0107 pet godina. &#8220;Ali vi\u0161e ne pi\u0161em. Prsti i o\u010di me vi\u0161e ne slu\u017ee.&#8221;<\/p><div id=\"mojev-1706731977\" class=\"mojev-u-tekstu mojev-entity-placement\" style=\"margin-left: auto;margin-right: auto;text-align: center;\"><div class=\"mojev-adlabel\">oglas<\/div><div style=\"height: 250px;\"><script async src=\"https:\/\/pagead2.googlesyndication.com\/pagead\/js\/adsbygoogle.js?client=ca-pub-8106111766207173\"\r\n     crossorigin=\"anonymous\"><\/script>\r\n<!-- Prikazni 1 u tekstu -->\r\n<ins class=\"adsbygoogle\"\r\n     style=\"display:block\"\r\n     data-ad-client=\"ca-pub-8106111766207173\"\r\n     data-ad-slot=\"8535551207\"\r\n     data-ad-format=\"auto\"\r\n     data-full-width-responsive=\"true\"><\/ins>\r\n<script>\r\n     (adsbygoogle = window.adsbygoogle || []).push({});\r\n<\/script><\/div><\/div><br style=\"clear: both; display: block; float: none;\"\/>\n\n\n\n<figure class=\"wp-block-image\"><img loading=\"lazy\" decoding=\"async\" width=\"740\" height=\"444\" src=\"https:\/\/www.mojevrijeme.hr\/magazin\/wp-content\/uploads\/2019\/07\/danko-740x444.jpg\" alt=\"\" class=\"wp-image-28634\" srcset=\"https:\/\/www.mojevrijeme.hr\/magazin\/wp-content\/uploads\/2019\/07\/danko-740x444.jpg 740w, https:\/\/www.mojevrijeme.hr\/magazin\/wp-content\/uploads\/2019\/07\/danko-636x382.jpg 636w, https:\/\/www.mojevrijeme.hr\/magazin\/wp-content\/uploads\/2019\/07\/danko-768x461.jpg 768w, https:\/\/www.mojevrijeme.hr\/magazin\/wp-content\/uploads\/2019\/07\/danko-590x354.jpg 590w, https:\/\/www.mojevrijeme.hr\/magazin\/wp-content\/uploads\/2019\/07\/danko-400x240.jpg 400w, https:\/\/www.mojevrijeme.hr\/magazin\/wp-content\/uploads\/2019\/07\/danko-1000x600.jpg 1000w, https:\/\/www.mojevrijeme.hr\/magazin\/wp-content\/uploads\/2019\/07\/danko-820x492.jpg 820w, https:\/\/www.mojevrijeme.hr\/magazin\/wp-content\/uploads\/2019\/07\/danko.jpg 1200w\" sizes=\"auto, (max-width: 740px) 100vw, 740px\" \/><figcaption>Gospodin Danko (foto: Silvija Novak)<\/figcaption><\/figure>\n\n\n\n<p>Dom umirovljenika u Salima, koji je podru\u017enica onoga u Zadru, izvana izgleda kao kakvo odmarali\u0161te. Bijela nova zgrada na dva kata smje\u0161tena je na uzvisini iznad saljske luke i okru\u017eena mediteranskim biljem. Predvorje odaje isti dojam, no \u0161ira vrata i oprema koja olak\u0161ava kretanje te\u017ee pokretnim osobama govore da se ipak radi o domu umirovljenika.<\/p>\n\n\n\n<p>Ugostila nas je medicinska sestra <strong>Mirsada Zori\u0107<\/strong>. &#8220;Ovdje u Domu sam otpo\u010detka, od otvaranja, zna\u010di 2010. u sedmom mjesecu. Izgra\u0111en je kao nova zgrada ba\u0161 za potrebe doma umirovljenika, dijelom <strong>pomo\u0107u fondova EU<\/strong>. Otvoren je zajedno s Prekom (jo\u0161 jedna podru\u017enica Doma umirovljenika Zadar smje\u0161tena u mjestu Preko na otoku Ugljanu, op.a.). Primamo 20 korisnika i uvijek smo puni s dugom listom \u010dekanja. Svi bi rado do\u0161li k nama&#8221;, govori sestra Mirsada obja\u0161njavaju\u0107i kako postoji komisija koja vodi listu prioriteta s obzirom na dob, zdravstveno stanje i razdoblje \u010dekanja korisnika.<\/p>\n\n\n\n<h3 class=\"wp-block-heading\">Najmla\u0111i ima 73 godine<\/h3>\n\n\n\n<p>Sve sobe u domu su dvokrevetne, s tim da svaka soba ima zasebnu kupaonicu i WC kompletno prilago\u0111en osobama s invaliditetom. Postoji i stacionarni dio gdje se nalaze te\u0161ko pokretni i nepokretni korisnici.<\/p>\n\n\n\n<p>Zanimljivo, u domu umirovljenika u Salima ima jako puno osoba izrazito visoke \u017eivotne dobi. &#8220;Da, doista ima puno starijih korisnika. Ne znam u \u010demu je tajna. \u017divjeli su zdravo, hranili se zdravo. Jedna je korisnica do\u017eivjela 100 god. Trenutno ih je 11 je iznad 90 godina. Najstarija korisnica je trenutno gospo\u0111a Mladenka ro\u0111ena 1921. Zanimljivo, ona je kompletno neovisna, ne ovisi o na\u0161oj pomo\u0107i u kretanju i ostalome. Sama odlazi i u crkvu, a nama dolazi samo za terapiju. Najmla\u0111i korisnik ima 73 godine.&#8221;<\/p>\n\n\n\n<p>Oto\u010dki na\u010din \u017eivota mo\u017eda je doista klju\u010d jer svi su korisnici zapravo s mora. &#8220;Mnogi su ro\u0111eni na otoku. Neke je \u017eivot kasnije odnio dalje. Pro\u017eivjeli su Prvi pa Drugi svjetski rat, onda sad i ovaj posljednji. No ve\u0107inom su to sve ljudi s otoka koji su oti\u0161li \u017eivjeti u Zadar ili Zagreb pa su se opet vratili na otok. Na\u0161i su korisnici svi do\u0161li iz svojih stanova i ku\u0107a, ne iz drugih domova. Jedan korisnik koji je do\u0161ao nakon godina \u017eivota u Zagrebu, \u010dim je vidio ovaj prostor rekao je da je to to. Gledao je domove po Zagrebu i drugdje, no kad je vidio ovaj, rekao nam je da je to mali Sheraton&#8221;, govori nam sestra Mirsada ne kriju\u0107i ponos.<\/p>\n\n\n\n<figure class=\"wp-block-image\"><img loading=\"lazy\" decoding=\"async\" width=\"740\" height=\"444\" src=\"https:\/\/www.mojevrijeme.hr\/magazin\/wp-content\/uploads\/2019\/07\/hortenzije-740x444.jpg\" alt=\"\" class=\"wp-image-28636\" srcset=\"https:\/\/www.mojevrijeme.hr\/magazin\/wp-content\/uploads\/2019\/07\/hortenzije-740x444.jpg 740w, https:\/\/www.mojevrijeme.hr\/magazin\/wp-content\/uploads\/2019\/07\/hortenzije-636x382.jpg 636w, https:\/\/www.mojevrijeme.hr\/magazin\/wp-content\/uploads\/2019\/07\/hortenzije-768x461.jpg 768w, https:\/\/www.mojevrijeme.hr\/magazin\/wp-content\/uploads\/2019\/07\/hortenzije-590x354.jpg 590w, https:\/\/www.mojevrijeme.hr\/magazin\/wp-content\/uploads\/2019\/07\/hortenzije-400x240.jpg 400w, https:\/\/www.mojevrijeme.hr\/magazin\/wp-content\/uploads\/2019\/07\/hortenzije-1000x600.jpg 1000w, https:\/\/www.mojevrijeme.hr\/magazin\/wp-content\/uploads\/2019\/07\/hortenzije-820x492.jpg 820w, https:\/\/www.mojevrijeme.hr\/magazin\/wp-content\/uploads\/2019\/07\/hortenzije.jpg 1200w\" sizes=\"auto, (max-width: 740px) 100vw, 740px\" \/><figcaption>foto: Silvija Novak<\/figcaption><\/figure>\n\n\n\n<p>Podneblje je ono \u0161to ovaj dom izdvaja od drugih. Svjesni toga, korisnici puno vremena provode na terasama doma. Dru\u017ee se, piju kavu, potom zajedno objeduju u restoranu doma. &#8220;Dru\u017eenje je jako va\u017eno. \u010cak i neki korisnici sa stacionarnog dijela dolaze na ru\u010dak u restoran. Prije smo imali i radnu terapiju. No sad su svi korisnici doista stariji pa im je fina motorika malo poreme\u0107ena. Te radne terapije su uglavnom vezane za godi\u0161nje doba, prolje\u0107e, jesen, pa Valentinovo, Bo\u017ei\u0107 i Uskrs. Gospo\u0111e su prije mnogo plele no sad kad su ipak u poznijim godinama vi\u0161e to ne rade. Tako\u0111er, radili su stvari od ka\u0161iranog papira. Isto tako, ljudi vole raditi ono \u0161to su radili u mladosti. Zajedno radimo ukrasne vre\u0107ice od lavande koja okolo raste, zatim sapune i tome sli\u010dno. Svake godine imamo izlo\u017ebu radova u gradskoj knji\u017enici Zadar&#8221;, nastavlja sestra Mirsada.<\/p>\n\n\n\n<h3 class=\"wp-block-heading\">Djeca su im umirovljenici<\/h3>\n\n\n\n<p>&#8220;I obitelji \u010desto dolaze, uzmu korisnike k sebi za vikend ili praznike. Dosta rodbine je i vani, u Americi ili tako negdje, no kad do\u0111u uzmu korisnike na par dana ili tjedana. Naravno da svi najvi\u0161e vole biti uz svoju obitelj. Na\u0161i su korisnici 90 i ne\u0161to godi\u0161njaci tako da su i njihova djeca sad ve\u0107 u mirovini pa mogu \u010de\u0161\u0107e do\u0107i.&#8221;<\/p>\n\n\n\n<p>\u017divot na otoku je lijep, ali i izazovan, pogotovo u zimskim mjesecima. Zato je odnos s lokalnom zajednicom vrlo va\u017ean. &#8220;Odnos lokalne zajednice i doma umirovljenika je doista sjajan. U mnogim stvarima ovisimo o njihovoj pomo\u0107i, dobijamo i donacije. Kad do\u0111e roba na rivi, svi poma\u017eu da nam se to dostavi. Svi oni znaju da \u0107e i oni sami ili netko njihov ovdje zavr\u0161iti. \u017divot na otoku je lijep, no ima i komplikacija. Puno vremena se provodi u prijevozu, na trajektima. Mi svi koji radimo ovdje, ujedno i \u017eivimo na otoku, osim dvije kolegice koje dolaze iz Zadra. Iako je lijepo, ne mo\u017ee svatko tu \u017eivjeti. Zbog toga jedno vrijeme nismo mogli na\u0107i dovoljno osoblja, bili smo malo u \u0161kripcu. Ali stanje se sada popravilo&#8221;, ka\u017ee sestra Mirsada.<\/p>\n\n\n\n<p>Osobljem u domu jako je zadovoljan i \u0161jor Danko s po\u010detka ove pri\u010de. Posvetio im je zato i pjesmu.<\/p>\n\n\n\n<figure class=\"wp-block-image\"><img loading=\"lazy\" decoding=\"async\" width=\"740\" height=\"444\" src=\"https:\/\/www.mojevrijeme.hr\/magazin\/wp-content\/uploads\/2019\/07\/staracki-dom-poema-740x444.jpg\" alt=\"\" class=\"wp-image-28626\" srcset=\"https:\/\/www.mojevrijeme.hr\/magazin\/wp-content\/uploads\/2019\/07\/staracki-dom-poema-740x444.jpg 740w, https:\/\/www.mojevrijeme.hr\/magazin\/wp-content\/uploads\/2019\/07\/staracki-dom-poema-636x382.jpg 636w, https:\/\/www.mojevrijeme.hr\/magazin\/wp-content\/uploads\/2019\/07\/staracki-dom-poema-768x461.jpg 768w, https:\/\/www.mojevrijeme.hr\/magazin\/wp-content\/uploads\/2019\/07\/staracki-dom-poema-590x354.jpg 590w, https:\/\/www.mojevrijeme.hr\/magazin\/wp-content\/uploads\/2019\/07\/staracki-dom-poema-400x240.jpg 400w, https:\/\/www.mojevrijeme.hr\/magazin\/wp-content\/uploads\/2019\/07\/staracki-dom-poema-1000x600.jpg 1000w, https:\/\/www.mojevrijeme.hr\/magazin\/wp-content\/uploads\/2019\/07\/staracki-dom-poema-820x492.jpg 820w, https:\/\/www.mojevrijeme.hr\/magazin\/wp-content\/uploads\/2019\/07\/staracki-dom-poema.jpg 1200w\" sizes=\"auto, (max-width: 740px) 100vw, 740px\" \/><figcaption>Gospodin Danko i njegova pjesma (foto: Silvija Novak)<\/figcaption><\/figure>\n\n\n\n<p>&#8220;Postojala je inicijativa da se ove pjesme i pri\u010de objave, no \u0161jor Danko to ne \u017eeli. Ka\u017ee da su to pjesme za njega i za ovaj na\u0161 dom&#8221;, otkriva nam sestra Mirsada dok listamo knjigu s Dankovim rukopisima.<\/p>\n\n\n\n<h3 class=\"wp-block-heading\">Internet im ne treba<\/h3>\n\n\n\n<p>Prolazimo pored otvorenih soba korisnika. Nekolicini gospo\u0111a je upravo u posjet do\u0161la frizerka i sre\u0111uje im frizure uz ugodan razgovor. Mirsada nam obja\u0161njava da je to redovito. Ka\u017ee nam i da su sve sobe opremljene telefonima, no ne i kompjuterima jer se korisnici ne slu\u017ee internetom. Oni su, ka\u017ee, vi\u0161e za razgovor jer im je nekako nepojmljivo da &#8220;\u0161katula mo\u017ee pri\u010dati&#8221;.<\/p>\n\n\n\n<p>U \u0161etnji domom upoznajemo i gospodina <strong>Ante Beverina<\/strong>, vitalnog devedeset\u010detverogodi\u0161njaka koji nas ugo\u0161\u0107uje u svojoj sobi. Okru\u017een je knjigama i papirima. Upravo je, pokazuje nam, dovr\u0161io kri\u017ealjku. &#8220;Drago mi je da ste sad do\u0161li jer kasnije idem malo prile\u0107i.&#8221;<\/p>\n\n\n\n<figure class=\"wp-block-image\"><img loading=\"lazy\" decoding=\"async\" width=\"740\" height=\"444\" src=\"https:\/\/www.mojevrijeme.hr\/magazin\/wp-content\/uploads\/2019\/07\/ante-740x444.jpg\" alt=\"\" class=\"wp-image-28631\" srcset=\"https:\/\/www.mojevrijeme.hr\/magazin\/wp-content\/uploads\/2019\/07\/ante-740x444.jpg 740w, https:\/\/www.mojevrijeme.hr\/magazin\/wp-content\/uploads\/2019\/07\/ante-636x382.jpg 636w, https:\/\/www.mojevrijeme.hr\/magazin\/wp-content\/uploads\/2019\/07\/ante-768x461.jpg 768w, https:\/\/www.mojevrijeme.hr\/magazin\/wp-content\/uploads\/2019\/07\/ante-590x354.jpg 590w, https:\/\/www.mojevrijeme.hr\/magazin\/wp-content\/uploads\/2019\/07\/ante-400x240.jpg 400w, https:\/\/www.mojevrijeme.hr\/magazin\/wp-content\/uploads\/2019\/07\/ante-1000x600.jpg 1000w, https:\/\/www.mojevrijeme.hr\/magazin\/wp-content\/uploads\/2019\/07\/ante-820x492.jpg 820w, https:\/\/www.mojevrijeme.hr\/magazin\/wp-content\/uploads\/2019\/07\/ante.jpg 1200w\" sizes=\"auto, (max-width: 740px) 100vw, 740px\" \/><figcaption>Ante Beverin (foto: Silvija Novak)<\/figcaption><\/figure>\n\n\n\n<h3 class=\"wp-block-heading\">&#8220;Divne su, ali ponekad vi\u010du&#8221;<\/h3>\n\n\n\n<p>Pitamo ga odakle je i kakav mu je \u017eivot u domu. &#8220;Ja sam ina\u010de ro\u0111en tu u Salima. Tu sam \u017eivio do 30 i neke pa sam pre\u0161ao u Zadar. Tamo sam bio oko 25 godina pa pobjegao pred granatama i vratio se u rodnu ku\u0107u. U toj ku\u0107i imao sam suprugu, k\u0107erku i sina. \u017dena mi je umrla prije 18 godina, sin prije pet, a k\u0107er prije dvije. Tako da je pusta ku\u0107a ostala pa sam bio prisiljen do\u0107i ovdje. U sobi smo ja i kolega <strong>Jerolim Armanini<\/strong> koji je nepokretan iako je tri mjeseca mla\u0111i od mene. Bili smo i u ratu skupa (Drugom svjetskom ratu, op.a.), ja&nbsp; sam nekoliko puta i ranjen. No moram re\u0107i &#8211; ja na svojih 40 posto invalidnosti \u010ditavo vrijeme dobijam isti iznos, kao da nema promjene cijena. U domu je prvih mjeseci bilo neobi\u010dno i te\u0161ko, no sad sam se prilagodio. Sad mi je dobro. Ove curice i cure su divne prema nama. Jako pa\u017eljive. Iako ponekad vi\u010du.\u201c<\/p>\n\n\n\n<p>&#8220;Kad ste svi gluhi jer ne nosite aparate\u201c, ubacuje se uz smijeh sestra Mirsada&#8221;<\/p>\n\n\n\n<p>Pitamo ga i kako ga slu\u017ei zdravlje. &#8220;A \u010dujte, puno mi je godina, 94. Noge me ba\u0161 ne slu\u017ee, a glava je jo\u0161, \u010dini mi se, u redu. Glava radi. Ja i kolega ve\u0107 40 godina pi\u0161emo i bilje\u017eimo Saljsku povijest. Izdali smo deset knjiga i pet separata. Matica hrvatska je tiskala sve na\u0161e knjige, iako smo mi amateri&#8221;, ka\u017ee ustaju\u0107i da nam donese neke knjige.&#8221;Eto vidite, ne mogu ni do ormara bez \u0161tapa.&#8221;<\/p>\n\n\n\n<h3 class=\"wp-block-heading\">Zapisana dugooto\u010dka povijest<\/h3>\n\n\n\n<p>Donosi naslove &#8220;Saljski korijeni i ba\u0161tina&#8221; i &#8220;Libar o Dugom otoku&#8221;. Iz predgovora \u010ditamo: \u201eU prikupljanju te opse\u017ene gra\u0111e nai\u0161li su na mnoga saznanja po pojedinim ve\u0107im i manjim cjelinama iz bogate saljsko dugooto\u010dke povijesti i ba\u0161tine. Jedna od ve\u0107ih takvih cjelina je i obilje podataka o dugoj i burnoj povijesti Dugog otoka, koji su prikupljeni i objavljuju se u ovom Libru.&#8221;<\/p>\n\n\n\n<figure class=\"wp-block-image\"><img loading=\"lazy\" decoding=\"async\" width=\"740\" height=\"444\" src=\"https:\/\/www.mojevrijeme.hr\/magazin\/wp-content\/uploads\/2019\/07\/spomenik-740x444.jpg\" alt=\"\" class=\"wp-image-28637\" srcset=\"https:\/\/www.mojevrijeme.hr\/magazin\/wp-content\/uploads\/2019\/07\/spomenik-740x444.jpg 740w, https:\/\/www.mojevrijeme.hr\/magazin\/wp-content\/uploads\/2019\/07\/spomenik-636x382.jpg 636w, https:\/\/www.mojevrijeme.hr\/magazin\/wp-content\/uploads\/2019\/07\/spomenik-768x461.jpg 768w, https:\/\/www.mojevrijeme.hr\/magazin\/wp-content\/uploads\/2019\/07\/spomenik-590x354.jpg 590w, https:\/\/www.mojevrijeme.hr\/magazin\/wp-content\/uploads\/2019\/07\/spomenik-400x240.jpg 400w, https:\/\/www.mojevrijeme.hr\/magazin\/wp-content\/uploads\/2019\/07\/spomenik-1000x600.jpg 1000w, https:\/\/www.mojevrijeme.hr\/magazin\/wp-content\/uploads\/2019\/07\/spomenik-820x492.jpg 820w, https:\/\/www.mojevrijeme.hr\/magazin\/wp-content\/uploads\/2019\/07\/spomenik.jpg 1200w\" sizes=\"auto, (max-width: 740px) 100vw, 740px\" \/><figcaption>Dugi otok \u010duva svoju povijest (foto: Silvija Novak)<\/figcaption><\/figure>\n\n\n\n<p>Dok listamo knjige pred nama, uvi\u0111amo da niti jedno istra\u017eivanje Dugog otoka ne bi moglo pro\u0107i bez konzultiranja literature gospodina Beverina i njegovih suradnika jer me\u0111u temama kojima se u svojim knjigama bavio nalazimo i vrlo detaljne podatke o stanovnicima otoka, zatim ribarstvu, sto\u010darstvu, poljodjelstvu pa i elektrifikaciji Dugog otoka.<\/p>\n\n\n\n<h3 class=\"wp-block-heading\">Nova vlast im smanjila mirovine<\/h3>\n\n\n\n<p>Gospodin Ante nije tako detaljan i analiti\u010dan samo kad je rije\u010d o bilje\u017eenju povijesti Dugog otoka. Takav je, zbog prirode svoga posla, morao biti i tijekom radnog vijeka. <\/p>\n\n\n\n<p>&#8220;Jere i ja smo obojica bili \u0161efovi analiti\u010dko planskih slu\u017ebi ili ra\u010dunovodstva, tako da smo stekli prili\u010dnu mirovinu. No ovi kad su do\u0161li na vlast, to su srezali na 40 posto. No ja ipak mogu platiti dom, \u0161to je sad 3.700 kuna, i jo\u0161 mi ostane za platiti re\u017eije u ku\u0107i i za lijekove. Tako da sam s te strane relativno zadovoljan, ali trebalo bi biti vi\u0161e jer smo mi tu mirovinu za vrijeme Jugoslavije uplatili. Bili smo na odgovornim poslovima i mi smo to sve platili&#8221;, po\u017ealio nam se na kraju.<\/p>\n\n\n\n<p>Ostavljamo dom u Salima. Dok se spu\u0161tamo prema sredi\u0161tu mjesta, jo\u0161 se jednom okre\u0107emo prema velikoj bijeloj zgradi i primje\u0107ujemo nekoliko korisnika. Malo su iza\u0161li na terasu upiti ljetnog sunca prije nego se zapute na ru\u010dak.<\/p>\n\n\n\n<figure class=\"wp-block-image\"><img loading=\"lazy\" decoding=\"async\" width=\"740\" height=\"444\" src=\"https:\/\/www.mojevrijeme.hr\/magazin\/wp-content\/uploads\/2019\/07\/dom-sali-2-740x444.jpg\" alt=\"\" class=\"wp-image-28628\" srcset=\"https:\/\/www.mojevrijeme.hr\/magazin\/wp-content\/uploads\/2019\/07\/dom-sali-2-740x444.jpg 740w, https:\/\/www.mojevrijeme.hr\/magazin\/wp-content\/uploads\/2019\/07\/dom-sali-2-636x382.jpg 636w, https:\/\/www.mojevrijeme.hr\/magazin\/wp-content\/uploads\/2019\/07\/dom-sali-2-768x461.jpg 768w, https:\/\/www.mojevrijeme.hr\/magazin\/wp-content\/uploads\/2019\/07\/dom-sali-2-590x354.jpg 590w, https:\/\/www.mojevrijeme.hr\/magazin\/wp-content\/uploads\/2019\/07\/dom-sali-2-400x240.jpg 400w, https:\/\/www.mojevrijeme.hr\/magazin\/wp-content\/uploads\/2019\/07\/dom-sali-2-1000x600.jpg 1000w, https:\/\/www.mojevrijeme.hr\/magazin\/wp-content\/uploads\/2019\/07\/dom-sali-2-820x492.jpg 820w, https:\/\/www.mojevrijeme.hr\/magazin\/wp-content\/uploads\/2019\/07\/dom-sali-2.jpg 1200w\" sizes=\"auto, (max-width: 740px) 100vw, 740px\" \/><figcaption>foto: Silvija Novak<\/figcaption><\/figure>\n\n\n\n<h6><em>Ovaj prilog nastao je uz potporu Fonda za poticanje pluralizma i raznovrsnosti elektroni\u010dkih medija u okviru projekta \u201cNema predaje\u201d<\/em><\/h6>\n<div id=\"mojev-2864958716\" class=\"mojev-kraj-teksta mojev-entity-placement\" style=\"margin-bottom: 20px;margin-left: auto;margin-right: auto;text-align: center;\"><div class=\"mojev-adlabel\">oglas<\/div><div style=\"height: 250px;\"><script async src=\"https:\/\/pagead2.googlesyndication.com\/pagead\/js\/adsbygoogle.js?client=ca-pub-8106111766207173\"\r\n     crossorigin=\"anonymous\"><\/script>\r\n<!-- Display-1 -->\r\n<ins class=\"adsbygoogle\"\r\n     style=\"display:block\"\r\n     data-ad-client=\"ca-pub-8106111766207173\"\r\n     data-ad-slot=\"1465712950\"\r\n     data-ad-format=\"auto\"\r\n     data-full-width-responsive=\"true\"><\/ins>\r\n<script>\r\n     (adsbygoogle = window.adsbygoogle || []).push({});\r\n<\/script><\/div><\/div>","protected":false},"excerpt":{"rendered":"<p>Dom umirovljenika u Salima izgleda poput odmarali\u0161ta. Njegovi korisnici mahom su ro\u0111eni upravo na Dugom otoku, a mnoge krasi i izrazito dug \u017eivotni vijek. <\/p>\n","protected":false},"author":4,"featured_media":28629,"comment_status":"closed","ping_status":"closed","sticky":false,"template":"","format":"standard","meta":{"footnotes":""},"categories":[2,1008],"tags":[103,952,961,1786,97],"class_list":["post-28614","post","type-post","status-publish","format-standard","has-post-thumbnail","hentry","category-mozaik","category-nema-predaje","tag-dugi-otok","tag-nemapredaje","tag-otoci","tag-sali","tag-umirovljenicki-dom"],"_links":{"self":[{"href":"https:\/\/www.mojevrijeme.hr\/magazin\/wp-json\/wp\/v2\/posts\/28614","targetHints":{"allow":["GET"]}}],"collection":[{"href":"https:\/\/www.mojevrijeme.hr\/magazin\/wp-json\/wp\/v2\/posts"}],"about":[{"href":"https:\/\/www.mojevrijeme.hr\/magazin\/wp-json\/wp\/v2\/types\/post"}],"author":[{"embeddable":true,"href":"https:\/\/www.mojevrijeme.hr\/magazin\/wp-json\/wp\/v2\/users\/4"}],"replies":[{"embeddable":true,"href":"https:\/\/www.mojevrijeme.hr\/magazin\/wp-json\/wp\/v2\/comments?post=28614"}],"version-history":[{"count":0,"href":"https:\/\/www.mojevrijeme.hr\/magazin\/wp-json\/wp\/v2\/posts\/28614\/revisions"}],"wp:featuredmedia":[{"embeddable":true,"href":"https:\/\/www.mojevrijeme.hr\/magazin\/wp-json\/wp\/v2\/media\/28629"}],"wp:attachment":[{"href":"https:\/\/www.mojevrijeme.hr\/magazin\/wp-json\/wp\/v2\/media?parent=28614"}],"wp:term":[{"taxonomy":"category","embeddable":true,"href":"https:\/\/www.mojevrijeme.hr\/magazin\/wp-json\/wp\/v2\/categories?post=28614"},{"taxonomy":"post_tag","embeddable":true,"href":"https:\/\/www.mojevrijeme.hr\/magazin\/wp-json\/wp\/v2\/tags?post=28614"}],"curies":[{"name":"wp","href":"https:\/\/api.w.org\/{rel}","templated":true}]}}