{"id":28672,"date":"2019-07-08T12:46:19","date_gmt":"2019-07-08T10:46:19","guid":{"rendered":"https:\/\/www.mojevrijeme.hr\/magazin\/?p=28672"},"modified":"2019-07-08T12:49:31","modified_gmt":"2019-07-08T10:49:31","slug":"ljeto-je-na-pauzi-temperature-drasticno-padaju-pripremite-duge-rukave","status":"publish","type":"post","link":"https:\/\/www.mojevrijeme.hr\/magazin\/2019\/07\/ljeto-je-na-pauzi-temperature-drasticno-padaju-pripremite-duge-rukave\/","title":{"rendered":"Ljeto je na pauzi. Temperature drasti\u010dno padaju, pripremite duge rukave"},"content":{"rendered":"\n<p><strong>Europski centar za predvi\u0111anje oluja<\/strong> za danas je izdao upozorenje drugog stupnja za podru\u010dje Hrvatske. Istovremeno je <strong>Meteoalarm<\/strong> izdao \u017euto upozorenje za podru\u010dje Knina, Splita, Gospi\u0107a, Osijeka, Zagreba, Karlovca i Rijeke. To zna\u010di da postoji vjerojatnost ve\u0107a od 60% za jako grmljavinsko nevrijeme na tim podru\u010djima. <\/p>\n\n\n\n<p>Prema <strong>Dr\u017eavnom hidrometeorolo\u0161kom zavodu<\/strong>, uz postupni porast naoblake sa sjevera, na kopnu \u0107e mjestimice pasti poneki pljusak s grmljavinom. Oborina \u0107e biti \u010de\u0161\u0107a nave\u010der i prema kraju dana, a pljuskovi lokalno mogu biti izra\u017eeniji. U no\u0107i na utorak izra\u017eeniji pljuskovi mogu\u0107i su na sjevernom i dijelu srednjeg Jadrana. Vjetar slab do umjeren sjeveroisto\u010dni, na Jadranu jugozapadni i sjeverozapadni, prema ve\u010deri mjestimice bura. Najvi\u0161a dnevna temperatura od 24 do 28, u Dalmaciji do 31 \u00b0C.<\/p>\n\n\n\n<p>No do pravog zahla\u0111enja \u0107e tek do\u0107i. U utorak i srijedu temperature \u0107e u dijelovima kontinenta biti vi\u0161e jesenske, nego ljetne. Temperature \u0107e iznositi svega desetak stupnjeva, osobito u gorskim predjelima, javlja <strong>N1<\/strong>. U nastavku tjedna vrijeme \u0107e se stabilizirati. Za vru\u0107ine zasad nema naznaka da bi se mogle vratiti niti idu\u0107ih sedam do deset dana. <\/p><div id=\"mojev-3915598181\" class=\"mojev-u-tekstu mojev-entity-placement\" style=\"margin-left: auto;margin-right: auto;text-align: center;\"><div class=\"mojev-adlabel\">oglas<\/div><div style=\"height: 250px;\"><script async src=\"https:\/\/pagead2.googlesyndication.com\/pagead\/js\/adsbygoogle.js?client=ca-pub-8106111766207173\"\r\n     crossorigin=\"anonymous\"><\/script>\r\n<!-- Prikazni 1 u tekstu -->\r\n<ins class=\"adsbygoogle\"\r\n     style=\"display:block\"\r\n     data-ad-client=\"ca-pub-8106111766207173\"\r\n     data-ad-slot=\"8535551207\"\r\n     data-ad-format=\"auto\"\r\n     data-full-width-responsive=\"true\"><\/ins>\r\n<script>\r\n     (adsbygoogle = window.adsbygoogle || []).push({});\r\n<\/script><\/div><\/div><br style=\"clear: both; display: block; float: none;\"\/>\n<div id=\"mojev-4263230650\" class=\"mojev-kraj-teksta mojev-entity-placement\" style=\"margin-bottom: 20px;margin-left: auto;margin-right: auto;text-align: center;\"><div class=\"mojev-adlabel\">oglas<\/div><div style=\"height: 250px;\"><script async src=\"https:\/\/pagead2.googlesyndication.com\/pagead\/js\/adsbygoogle.js?client=ca-pub-8106111766207173\"\r\n     crossorigin=\"anonymous\"><\/script>\r\n<!-- Display-1 -->\r\n<ins class=\"adsbygoogle\"\r\n     style=\"display:block\"\r\n     data-ad-client=\"ca-pub-8106111766207173\"\r\n     data-ad-slot=\"1465712950\"\r\n     data-ad-format=\"auto\"\r\n     data-full-width-responsive=\"true\"><\/ins>\r\n<script>\r\n     (adsbygoogle = window.adsbygoogle || []).push({});\r\n<\/script><\/div><\/div>","protected":false},"excerpt":{"rendered":"<p>U utorak i srijedu temperature \u0107e u dijelovima kontinenta biti vi\u0161e jesenske, nego ljetne. Temperature \u0107e iznositi svega desetak stupnjeva, osobito u gorskim predjelima.<\/p>\n","protected":false},"author":1,"featured_media":28674,"comment_status":"closed","ping_status":"closed","sticky":false,"template":"","format":"standard","meta":{"footnotes":""},"categories":[9],"tags":[1789],"class_list":["post-28672","post","type-post","status-publish","format-standard","has-post-thumbnail","hentry","category-vijesti","tag-prognoza-vremena"],"_links":{"self":[{"href":"https:\/\/www.mojevrijeme.hr\/magazin\/wp-json\/wp\/v2\/posts\/28672","targetHints":{"allow":["GET"]}}],"collection":[{"href":"https:\/\/www.mojevrijeme.hr\/magazin\/wp-json\/wp\/v2\/posts"}],"about":[{"href":"https:\/\/www.mojevrijeme.hr\/magazin\/wp-json\/wp\/v2\/types\/post"}],"author":[{"embeddable":true,"href":"https:\/\/www.mojevrijeme.hr\/magazin\/wp-json\/wp\/v2\/users\/1"}],"replies":[{"embeddable":true,"href":"https:\/\/www.mojevrijeme.hr\/magazin\/wp-json\/wp\/v2\/comments?post=28672"}],"version-history":[{"count":0,"href":"https:\/\/www.mojevrijeme.hr\/magazin\/wp-json\/wp\/v2\/posts\/28672\/revisions"}],"wp:featuredmedia":[{"embeddable":true,"href":"https:\/\/www.mojevrijeme.hr\/magazin\/wp-json\/wp\/v2\/media\/28674"}],"wp:attachment":[{"href":"https:\/\/www.mojevrijeme.hr\/magazin\/wp-json\/wp\/v2\/media?parent=28672"}],"wp:term":[{"taxonomy":"category","embeddable":true,"href":"https:\/\/www.mojevrijeme.hr\/magazin\/wp-json\/wp\/v2\/categories?post=28672"},{"taxonomy":"post_tag","embeddable":true,"href":"https:\/\/www.mojevrijeme.hr\/magazin\/wp-json\/wp\/v2\/tags?post=28672"}],"curies":[{"name":"wp","href":"https:\/\/api.w.org\/{rel}","templated":true}]}}