{"id":28731,"date":"2019-07-09T17:02:22","date_gmt":"2019-07-09T15:02:22","guid":{"rendered":"https:\/\/www.mojevrijeme.hr\/magazin\/?p=28731"},"modified":"2023-05-14T13:07:34","modified_gmt":"2023-05-14T11:07:34","slug":"ima-li-kakvu-nekretninu-knjizevnik-pero-kvesic-prisjetio-se-vremena-kada-je-za-majku-trazio-mjesto-u-domu","status":"publish","type":"post","link":"https:\/\/www.mojevrijeme.hr\/magazin\/2019\/07\/ima-li-kakvu-nekretninu-knjizevnik-pero-kvesic-prisjetio-se-vremena-kada-je-za-majku-trazio-mjesto-u-domu\/","title":{"rendered":"&#8216;Ima li kakvu nekretninu?&#8217; Knji\u017eevnik Pero Kvesi\u0107 prisjetio se kako je za majku tra\u017eio mjesto u stara\u010dkom domu"},"content":{"rendered":"\n<p>Ugledni hrvatski novinar i knji\u017eevnik <strong>Pero Kvesi\u0107<\/strong> javnom objavom na Facebooku komentirao je prilog <a rel=\"noreferrer noopener\" aria-label=\"Podravskog lista (opens in a new tab)\" href=\"https:\/\/podravski.hr\/sadasnjoj-sefici-doma-za-starije-prepisala-stan-pa-tri-dana-kasnije-dobila-mjesto-u-domu\/\" target=\"_blank\"><strong>Podravskog lista<\/strong><\/a>. Naime Podravski problematizira \u010dinjenicu da je 2003. godine ravnateljica koprivni\u010dkog Doma za stare i nemo\u0107ne Vesna Kri\u017ean, dok je bila zaposlenica Doma i \u010delnica povjerenstva koje je odlu\u010divalo o smje\u0161taju u tu ustanovu, sklopila ugovor o do\u017eivotnom uzdr\u017eavanju sa \u017eenom koja je tri dana nakon toga dobila smje\u0161taj u domu.<\/p>\n\n\n\n<p>Kri\u017eanovi su brinuli o \u017eeni pet godina, no iako je umrla 2008. godine, do danas nisu u\u0161li u stan na elitnoj lokaciji u Zagrebu, a koji im je pripao sklapanjem ugovora. Danas u stanu u Ulici kneza Vi\u0161eslava, usprkos sudskim presudama u korist Kri\u017ean, \u017eivi ne\u0107akinja nekada\u0161nje vlasnice s obitelji, a slu\u010daj revidira Vrhovni sud. Va\u017eno je re\u0107i da je u me\u0111uvremenu zakonom zabranjeno djelatnicima takvih ustanova sklopiti ugovor o uzdr\u017eavanju sa \u0161ti\u0107enikom.<\/p>\n\n\n\n<p>Kvesi\u0107a je sve to podsjetilo na vrijeme kada je za vlastitu majku poku\u0161avao prona\u0107i mjesto u domu. Objavu prenosimo u cijelosti:<\/p><div id=\"mojev-3207004611\" class=\"mojev-u-tekstu mojev-entity-placement\" style=\"margin-left: auto;margin-right: auto;text-align: center;\"><div class=\"mojev-adlabel\">oglas<\/div><div style=\"height: 250px;\"><script async src=\"https:\/\/pagead2.googlesyndication.com\/pagead\/js\/adsbygoogle.js?client=ca-pub-8106111766207173\"\r\n     crossorigin=\"anonymous\"><\/script>\r\n<!-- Prikazni 1 u tekstu -->\r\n<ins class=\"adsbygoogle\"\r\n     style=\"display:block\"\r\n     data-ad-client=\"ca-pub-8106111766207173\"\r\n     data-ad-slot=\"8535551207\"\r\n     data-ad-format=\"auto\"\r\n     data-full-width-responsive=\"true\"><\/ins>\r\n<script>\r\n     (adsbygoogle = window.adsbygoogle || []).push({});\r\n<\/script><\/div><\/div><br style=\"clear: both; display: block; float: none;\"\/>\n\n\n\n<p>&#8220;Jo\u0161 u naponu snage i pri punoj svijesti moja je majka odlu\u010dila da \u0107e kad ostari oti\u0107i \u017eivjeti u stara\u010dki dom. Znaju\u0107i da se na slobodno mjesto dugo \u010deka i da sve bude u redu oti\u0161la je i upisala se na listu \u010dekanja u zagreba\u010dki dom koji je sama odabrala. Dvadesetak godina kasnije, na samom po\u010detku devedesetih, majka je ve\u0107 fizi\u010dki dosta oslabila iako je i dalje bila potpuno bistra u glavi, pa je zaklju\u010dila da je do\u0161lo vrijeme za premje\u0161taj u odabranu ustanovu. Zamolila me je da odem tamo i osobno pitam kad bi je mogli primiti, da ne obavljamo tako zna\u010dajan razgovor telefonom. Najavio sam se i dogovorio sastanak s ravnateljicom, direktoricom, upraviteljicom, kako li je ve\u0107 bila njena titula. Nikada ne\u0107u zaboraviti taj razgovor.<\/p>\n\n\n\n<p>Na po\u010detku sam rekao da se moja majka prijavila ve\u0107 prije dvadesetak godina i to nije bilo po ni\u010demu sporno. Direktorica je uzvratila da ne mo\u017ee re\u0107i kad \u0107e se osloboditi sljede\u0107e mjesto i da \u010dekanje mo\u017ee biti dugotrajno. Upozorio sam da majka \u010deka ve\u0107 vi\u0161e od dvadeset godina. Direktorica je odgovorila da uva\u017eava tu \u010dinjenicu, ali ipak ne mo\u017ee ni\u0161ta obe\u0107ati: postoji &#8220;lista prioriteta&#8221;, a oni s te liste se uzimaju prvi, te oni koji nisu prioritetni mogu \u010dekati neodre\u0111eno, dovijeka. Situacija je izgledala beznadna, sve dok moja sugovornica nije zapitala: <\/p>\n\n\n\n<p>&#8211; A ima li Va\u0161a majka neku nekretninu?<\/p>\n\n\n\n<p>Rekoh da ima stan u vlasni\u0161tvu.<\/p>\n\n\n\n<p>&#8211; Kad bi nam majka poklonila taj stan, upisali bismo je na prioritetnu listu\u2026<\/p>\n\n\n\n<p>I gledamo se kao pokera\u0161i iznad jo\u0161 neotvorenih karata. Uop\u0107e nije pitala kakav stan i gdje. Vjerojatno je o tome ovisilo koliko visoko na tu listu bi je upisali. Nisam bi pitao tko je to &#8220;nama&#8221;, tko su to ili tko je to &#8220;mi&#8221;. Samo sam zahvalio na ljubaznoj ponudi.<\/p>\n\n\n\n<p>Po izlasku mi je palo na pamet da bih doga\u0111aj mogao prijaviti, ali tada je bilo vrijeme da policija, tu\u017eila\u0161tvo i sudovi nisu reagirali ni na daleko drasti\u010dnije zloupotrebe, kr\u0161enja zakona i \u010dak zlo\u010dine, da su vijesti o takvim zbivanjima dopirale svakodnevno s raznih strana; tu\u017eila\u0161tvo, policija i sudovi nisu \u010desto \u010dak ni zaprimali prijave, dapa\u010de &#8211; oni koji su to prijavljivali postajali su \u010desto meta progona i medijskog lin\u010da. Ono, &#8220;da institucije rade svoj posao&#8221; bila je farsa od samog po\u010detka kao i danas. Utoliko me nedavna vijest da je neka sirotica u Koprivnici prepisala vrijedan stan u Zagrebu \u0161efici Doma za starije osobe, pa ve\u0107 tri dana kasnije dobila mjesto u Domu nije nimalo iznenadila. Instititucije su se uhodale&#8221;, zaklju\u010duje Kvesi\u0107. <\/p>\n<div id=\"mojev-18316251\" class=\"mojev-kraj-teksta mojev-entity-placement\" style=\"margin-bottom: 20px;margin-left: auto;margin-right: auto;text-align: center;\"><div class=\"mojev-adlabel\">oglas<\/div><div style=\"height: 250px;\"><script async src=\"https:\/\/pagead2.googlesyndication.com\/pagead\/js\/adsbygoogle.js?client=ca-pub-8106111766207173\"\r\n     crossorigin=\"anonymous\"><\/script>\r\n<!-- Display-1 -->\r\n<ins class=\"adsbygoogle\"\r\n     style=\"display:block\"\r\n     data-ad-client=\"ca-pub-8106111766207173\"\r\n     data-ad-slot=\"1465712950\"\r\n     data-ad-format=\"auto\"\r\n     data-full-width-responsive=\"true\"><\/ins>\r\n<script>\r\n     (adsbygoogle = window.adsbygoogle || []).push({});\r\n<\/script><\/div><\/div>","protected":false},"excerpt":{"rendered":"<p>Uop\u0107e nije pitala kakav stan i gdje. Vjerojatno je o tome ovisilo koliko visoko na tu listu bi je upisali. Nisam bi pitao tko je to &#8216;nama&#8217;, tko su to ili tko je to &#8216;mi&#8217;. Samo sam zahvalio na ljubaznoj ponudi.<\/p>\n","protected":false},"author":1,"featured_media":28736,"comment_status":"closed","ping_status":"closed","sticky":false,"template":"","format":"standard","meta":{"footnotes":""},"categories":[2],"tags":[683,1794,97],"class_list":["post-28731","post","type-post","status-publish","format-standard","has-post-thumbnail","hentry","category-mozaik","tag-dozivotno-uzdrzavanje","tag-pero-kvesic","tag-umirovljenicki-dom"],"_links":{"self":[{"href":"https:\/\/www.mojevrijeme.hr\/magazin\/wp-json\/wp\/v2\/posts\/28731","targetHints":{"allow":["GET"]}}],"collection":[{"href":"https:\/\/www.mojevrijeme.hr\/magazin\/wp-json\/wp\/v2\/posts"}],"about":[{"href":"https:\/\/www.mojevrijeme.hr\/magazin\/wp-json\/wp\/v2\/types\/post"}],"author":[{"embeddable":true,"href":"https:\/\/www.mojevrijeme.hr\/magazin\/wp-json\/wp\/v2\/users\/1"}],"replies":[{"embeddable":true,"href":"https:\/\/www.mojevrijeme.hr\/magazin\/wp-json\/wp\/v2\/comments?post=28731"}],"version-history":[{"count":0,"href":"https:\/\/www.mojevrijeme.hr\/magazin\/wp-json\/wp\/v2\/posts\/28731\/revisions"}],"wp:featuredmedia":[{"embeddable":true,"href":"https:\/\/www.mojevrijeme.hr\/magazin\/wp-json\/wp\/v2\/media\/28736"}],"wp:attachment":[{"href":"https:\/\/www.mojevrijeme.hr\/magazin\/wp-json\/wp\/v2\/media?parent=28731"}],"wp:term":[{"taxonomy":"category","embeddable":true,"href":"https:\/\/www.mojevrijeme.hr\/magazin\/wp-json\/wp\/v2\/categories?post=28731"},{"taxonomy":"post_tag","embeddable":true,"href":"https:\/\/www.mojevrijeme.hr\/magazin\/wp-json\/wp\/v2\/tags?post=28731"}],"curies":[{"name":"wp","href":"https:\/\/api.w.org\/{rel}","templated":true}]}}