{"id":28786,"date":"2019-07-11T08:40:10","date_gmt":"2019-07-11T06:40:10","guid":{"rendered":"https:\/\/www.mojevrijeme.hr\/magazin\/?p=28786"},"modified":"2019-07-26T12:34:54","modified_gmt":"2019-07-26T10:34:54","slug":"opet-citamo-stari-fake-news-da-ranije-umirovljenje-znaci-i-duzi-zivot-tko-stoji-iza-toga","status":"publish","type":"post","link":"https:\/\/www.mojevrijeme.hr\/magazin\/2019\/07\/opet-citamo-stari-fake-news-da-ranije-umirovljenje-znaci-i-duzi-zivot-tko-stoji-iza-toga\/","title":{"rendered":"Opet \u010ditamo stari fake news da ranije umirovljenje zna\u010di i du\u017ei \u017eivot. Tko stoji iza toga?"},"content":{"rendered":"\n<p>&#8220;Deset godina rada mo\u017ee vas ko\u0161tati dvadeset godina mirovine!&#8221; Ovi dana neki hrvatski portali, neskloni provjeri podataka, donijeli su &#8220;\u0161okantnu analizu&#8221; koja pokazuje da rad u zreloj dobi znatno skra\u0107uje \u017eivot. <\/p>\n\n\n\n<p>Pa se tako tvrdi da aktuarska analiza <strong>dr. Ephrema Chenga<\/strong>, vode\u0107eg stru\u010dnjaka za mirovinski sustav, provedena na mirovinskim podacima <strong>Boeinga<\/strong> i nekoliko drugih velikih kompanija pokazuje da su radnici umirovljeni sa 65 godina \u017eivota u prosjeku po\u017eivjeli jo\u0161 18 mjeseci, dok su njihove kolege koje su se umirovile s 55 godina u mirovini u\u017eivale jo\u0161 25 godina. <\/p>\n\n\n\n<p>Kao izvor ove vijesti, koju su spremno prenijeli i neki sindikati na svojim stranicama i dru\u0161tvenim mre\u017eama, navodi se objava portala <strong>biznews.com iz rujna 2013.<\/strong> u kojoj &#8220;financijski savjetnik <strong>Alec Riddle<\/strong>&#8221; obja\u0161njava razloge za\u0161to je tomu tako. <\/p><div id=\"mojev-2058405432\" class=\"mojev-u-tekstu mojev-entity-placement\" style=\"margin-left: auto;margin-right: auto;text-align: center;\"><div class=\"mojev-adlabel\">oglas<\/div><div style=\"height: 250px;\"><script async src=\"https:\/\/pagead2.googlesyndication.com\/pagead\/js\/adsbygoogle.js?client=ca-pub-8106111766207173\"\r\n     crossorigin=\"anonymous\"><\/script>\r\n<!-- Prikazni 1 u tekstu -->\r\n<ins class=\"adsbygoogle\"\r\n     style=\"display:block\"\r\n     data-ad-client=\"ca-pub-8106111766207173\"\r\n     data-ad-slot=\"8535551207\"\r\n     data-ad-format=\"auto\"\r\n     data-full-width-responsive=\"true\"><\/ins>\r\n<script>\r\n     (adsbygoogle = window.adsbygoogle || []).push({});\r\n<\/script><\/div><\/div><br style=\"clear: both; display: block; float: none;\"\/>\n\n\n\n<p>Zaista \u0161okantno, zar ne? No kada je ne\u0161to ba\u0161 toliko \u0161okantno, postoji velika vjerojatnost da nije istinito, pogotovo kada u sebi ne sadr\u017ei informaciju za koju instituciju i kada je analiza provedena te na kojem uzorku, a sve bez poveznice na originalni materijal ili reference na dublji izvor. I pri tome proturje\u010di kredibilnim istra\u017eivanjima koje mo\u017eemo na\u0107i u ozbiljnim znanstvenim bazama.<\/p>\n\n\n\n<p>I sami smo, prije nekoliko godina, razmi\u0161ljali o preno\u0161enju\nove vijesti, no nismo to u\u010dinili. Ovo su na\u0161i razlozi. <\/p>\n\n\n\n<h3 class=\"wp-block-heading\">Pri\u010da se poziva na autoritete, no tko su oni? <\/h3>\n\n\n\n<p><strong>Dr. Ephrem (Siao Chung) Cheng<\/strong> nepoznanica je internetu, osim kada se radi o ovoj vijesti koju izda\u0161no prenose <strong>izdanci financijske industrije<\/strong>, prvenstveno stranice iza kojih stoje <strong>privatna mirovinska osiguranja<\/strong> i financijski savjetnici. Nismo prona\u0161li kredibilan izvor koji bi nam rekao kakvo je njegovo obrazovanje niti za koga radi ili je radio. Iako je njegova navodna analiza pokazala \u0161okantne podatke, dr. Cheng je uspje\u0161no izbjegao gostovanja na televizijama, u radijskim programima i \u010dasopisima. Samozatajno. <\/p>\n\n\n\n<p>Provjerili smo i financijskog savjetnika <strong>Aleca Riddlea<\/strong> koji je napisao &#8220;otre\u017enjuju\u0107i tekst koji bi nas trebao potaknuti na razmi\u0161ljanje o vlastitim mirovinskim opcijama i strategijama&#8221;, kako sugerira biznews.com. Ju\u017enoafri\u010dki financijski savjetnik i motivacijski govornik Alec Riddle na linkedinu, mre\u017ei koja okuplja poslovne ljude, pojavljuje se pod tri profila. Od toga su dva bez kontakata, a tre\u0107i broji vi\u0161e od 500 konekcija. Prema onome \u0161to je napisao, radi za investicijsku ku\u0107u Private Wealth Managament te dr\u017ei inspiracijske govore o tome kako je pobijedio pretilost i postigao zavidne sportske uspjehe na Ironmanu. <\/p>\n\n\n\n<h3 class=\"wp-block-heading\">Kako su ozbiljni mediji popratili ovu pri\u010du? <\/h3>\n\n\n\n<p>&#8220;Boeing studija je citirana u novinama, magazinima i me\u0111u stru\u010dnjacima. Kru\u017ei internetom godinama. Problem je \u0161to Boeing jednostavno ka\u017ee da nije istinita&#8221;, pi\u0161e <strong>BBC u kolovozu 2012. godine<\/strong>, dakle prije objave na biznews.com. &#8220;Na stranu Boeing, postoji li bilo kakav dokaz koji bi mogao poduprijeti ideju da rano umirovljenje produ\u017euje \u017eivot? Iznena\u0111uju\u0107e, istina bi mogla biti potpuno suprotna: kasnije umirovljenje \u2013 du\u017ei \u017eivot&#8221;, navodi ovaj ugledni medij <a href=\"https:\/\/www.bbc.com\/news\/magazine-18952037\" target=\"_blank\" rel=\"noreferrer noopener\" aria-label=\"u analizi (opens in a new tab)\">u analizi<\/a> koja detaljno &#8216;rastavlja&#8217; ovaj mit. <\/p>\n\n\n\n<h3 class=\"wp-block-heading\">BBC nas je zaintrigirao. A \u0161to to\u010dno ka\u017ee Boeing? <\/h3>\n\n\n\n<p>S obzirom na &#8220;bradatost&#8221; ove vijesti, ne \u010dudi da nismo prona\u0161li slu\u017ebenu objavu na kompanijinim stranicama. No ta objava pod nazivom &#8220;Umirovimo glasine o o\u010dekivanom \u017eivotnom vijeku&#8221;, citirana je na nekoliko blogova. Poslu\u017eili smo se <a href=\"https:\/\/www.intmath.com\/\" target=\"_blank\" rel=\"noreferrer noopener\" aria-label=\"blogom (opens in a new tab)\">blogom<\/a> australskog profesora matematike <strong>Murraya Bourna<\/strong>.<\/p>\n\n\n\n<p>&#8220;Ne postoji korelacija izme\u0111u dobi umirovljenja i \u017eivotnog vijeka Boeingovih umirovljenika&#8221;, stoji u Boeingovom priop\u0107enju uz grafikon koji prikazuje stvarnu dob umirovljenja i \u017eivotni vijek promatranih radnika. &#8220;Prvi neto\u010dni podaci o \u017eivotnom vijeku pojavili su se u ranim osamdesetim godinama, a njihove verzije kru\u017ee godinama, gotovo kao urbani mit. Internet ove dezinformacije \u0161iri dalje, br\u017ee i u oblicima koji izgledaju profesionalnije. Boeing i druge kompanije su poku\u0161ale razbiti ovu zabludu. Ali, na\u017ealost, lo\u0161e vijesti, \u010dak i kada su izma\u0161tane, privla\u010de pozornost. Istovremeno su dobre vijesti (da Boeingovi radnici \u017eive du\u017ee od nacionalnog prosjeka) to\u010dne i nezapa\u017eene&#8221;, stoji u tom priop\u0107enju. Na Bourneovim stranicama mo\u017eete prona\u0107i i interpretaciju problema i podataka. <\/p>\n\n\n\n<h3 class=\"wp-block-heading\">\u0160to ka\u017eu komentari?<\/h3>\n\n\n\n<p>Iako komentari na internetu nisu pouzdani izvor informiranja, pogotovo kada se objavljuju pod pseudonimima, zanimljivim smo procijenili one ostavljena na forumima koji okupljaju profesionalne pilote i ljude iz prate\u0107e industrije, s obzirom da se primarna vijest navodno bazira na podacima avio-industrije, a aktualizira se kada kompanije \u017eele pomladiti kadar i poslati u raniju mirovinu ve\u0107i kontingent starijih radnika. <\/p>\n\n\n\n<p>&#8220;Sje\u0107am se sredine devedesetih kada je uprava Douglas Aircrafta objavila ovu tablicu u poku\u0161aju nagovaranja starijih zaposlenika da se umirove kako bi stvorili mjesto za mla\u0111u radnu snagu. Kako sam u to vrijeme bio sindikalni povjerenik, dobivao sam puno poziva oko ovog dokumenta&#8221;, stoji u jednom komentaru ostavljenom na Bournovom blogu. <\/p>\n\n\n\n<h3 class=\"wp-block-heading\">\u0160to smo vam, zapravo, htjeli re\u0107i? <\/h3>\n\n\n\n<p>Kao i uvijek, pazite \u010demu vjerujete. Ne dopustite da se netko okoristi va\u0161im predrasudama i emocijama. Provjeravajte prije nego \u0161to podijelite.<\/p>\n\n\n\n<div id=\"crveno\"><\/p>\n\n\n\n<h2 class=\"wp-block-heading\">Fake news: Oti\u0111ite u mirovinu s 55 i \u017eivite do 80; oti\u0111ite u mirovinu sa 65 i umrite sa 67<\/h2>\n\n\n\n<p>Zamislite da radite dokle god je to mogu\u0107e i onda u zaslu\u017eenoj penziji u\u017eivate tek dvije godine. Studija koja je provedena analizom nekih od najve\u0107ih mirovinskih fondova u SAD-u, pokazala je da zaposlenici koji rade do 65. godine, naj\u010de\u0161\u0107e umru unutar sljede\u0107e dvije godine, pi\u0161e <a href=\"https:\/\/www.biznews.com\/thought-leaders\/2013\/09\/10\/retire-at-55-and-live-to-80-work-till-youre-65-and-die-at-67-startling-new-data-shows-how-work-pounds-older-bodies?fbclid=IwAR0JsQ4WUE9cxpxn8MQ87ibFAx1gFmslgBCux_RdSLy3zrqXIeAsRSnZSZ0\" target=\"_blank\" rel=\"noreferrer noopener\" aria-label=\" (opens in a new tab)\">Biznews<\/a>. Studiju o korelaciji duljine \u017eivotnog i radnog vijeka proveo je doktor <strong>Ephrem (Siao Chung) Cheng<\/strong>.<\/p>\n\n\n\n<h3 class=\"wp-block-heading\">Deset godina rada ko\u0161tat \u0107e vas dvadeset godina \u017eivota u mirovini<\/h3>\n\n\n\n<p>Studija je temeljena na broju odrezaka mirovine poslane korisnicima mirovinskog fonda Boeinga. Ustanovljeno je da oni koji su oti\u0161li u mirovinu sa 65, odreske dobivaju jo\u0161 otprilike 18 mjeseci. Sli\u010dno je ustanovljeno i nakon analize poslanih mirovinskih odrezaka korisnika mirovinskog fonda Lockheed Martin koji mirovinu primaju u prosjeku tek 17 mjeseci.<\/p>\n\n\n\n<p>Sli\u010dna iskustva imaju i u mirovinskom fondu Ford Motor Company i Bell Labs. Iako najve\u0107i broj ljudi zaposlenih u velikim ameri\u010dkim kompanijama odlazi u mirovinu oko 57. godine, pa su oni koji u penziju odlaze sa 65 zapravo manjina, ovakvi podaci o \u017eivotnom vijeku prili\u010dno su alarmantni.<\/p>\n\n\n\n<p>Zaklju\u010dak koji se mo\u017ee izvu\u0107i iz ovih podataka je sljede\u0107i: zaposlenici koji naporno rade i u kasnijoj dobi, zna\u010dajno optere\u0107uju svoje tijelo i um pa zbog stresa obolijevaju od niza bolesti. Sve to dovodi do smrti unutar razdoblja od dvije godine nakon umirovljenja. S druge strane, oni koji u mirovinu odu ranije, recimo oko 55. godine, obi\u010dno u mirovini u\u017eivaju oko 25 godina. Za pretpostaviti je da oni koji su u poziciji da se penzioniraju ranije, u \u017eivotu imaju manje stresa te imaju bolje isplaniranu financijsku budu\u0107nost te mogu \u017eivjeti komotno i nakon prestanka radnog odnosa.<\/p>\n\n\n\n<h3 class=\"wp-block-heading\">Poguban stres<\/h3>\n\n\n\n<p>Va\u017eno je naglasiti i da oni koji su oti\u0161li u mirovinu s 55, nu\u017eno ne miruju, no pod zna\u010dajno su manjim stresom od ljudi iste dobi koji jo\u0161 uvijek rade. To zna\u010di da i mla\u0111i umirovljenici rade na pola radnog vremena ili se bave kakvim hobijem, no to im uzrokuje zna\u010dajno manje stresa nego posao na puno radno vrijeme. Zaklju\u010diti se mo\u017ee sljede\u0107e: ljudi koji su u mogu\u0107nosti ranije oti\u0107i u mirovinu, u toj \u0107e mirovini u\u017eivati zna\u010dajno du\u017ee od onih koji su morali raditi do krajnjih granica. <em>(sn)<\/em><\/div>\n\n\n\n<h6><em>Ovaj prilog nastao je uz potporu Fonda za poticanje pluralizma i raznovrsnosti elektroni\u010dkih medija u okviru projekta \u201cNema predaje\u201d<\/em><\/h6>\n<div id=\"mojev-11033932\" class=\"mojev-kraj-teksta mojev-entity-placement\" style=\"margin-bottom: 20px;margin-left: auto;margin-right: auto;text-align: center;\"><div class=\"mojev-adlabel\">oglas<\/div><div style=\"height: 250px;\"><script async src=\"https:\/\/pagead2.googlesyndication.com\/pagead\/js\/adsbygoogle.js?client=ca-pub-8106111766207173\"\r\n     crossorigin=\"anonymous\"><\/script>\r\n<!-- Display-1 -->\r\n<ins class=\"adsbygoogle\"\r\n     style=\"display:block\"\r\n     data-ad-client=\"ca-pub-8106111766207173\"\r\n     data-ad-slot=\"1465712950\"\r\n     data-ad-format=\"auto\"\r\n     data-full-width-responsive=\"true\"><\/ins>\r\n<script>\r\n     (adsbygoogle = window.adsbygoogle || []).push({});\r\n<\/script><\/div><\/div>","protected":false},"excerpt":{"rendered":"<p>I sami smo, prije nekoliko godina, razmi\u0161ljali o preno\u0161enju ove vijesti, no nismo to u\u010dinili. Ovo su na\u0161i razlozi. <\/p>\n","protected":false},"author":10,"featured_media":28806,"comment_status":"closed","ping_status":"closed","sticky":false,"template":"","format":"standard","meta":{"footnotes":""},"categories":[2,1008],"tags":[64,982,1333,957,952,921],"class_list":["post-28786","post","type-post","status-publish","format-standard","has-post-thumbnail","hentry","category-mozaik","category-nema-predaje","tag-dugovjecnost","tag-fake-news","tag-medijska-pismenost","tag-mirovina","tag-nemapredaje","tag-radni-vijek"],"_links":{"self":[{"href":"https:\/\/www.mojevrijeme.hr\/magazin\/wp-json\/wp\/v2\/posts\/28786","targetHints":{"allow":["GET"]}}],"collection":[{"href":"https:\/\/www.mojevrijeme.hr\/magazin\/wp-json\/wp\/v2\/posts"}],"about":[{"href":"https:\/\/www.mojevrijeme.hr\/magazin\/wp-json\/wp\/v2\/types\/post"}],"author":[{"embeddable":true,"href":"https:\/\/www.mojevrijeme.hr\/magazin\/wp-json\/wp\/v2\/users\/10"}],"replies":[{"embeddable":true,"href":"https:\/\/www.mojevrijeme.hr\/magazin\/wp-json\/wp\/v2\/comments?post=28786"}],"version-history":[{"count":0,"href":"https:\/\/www.mojevrijeme.hr\/magazin\/wp-json\/wp\/v2\/posts\/28786\/revisions"}],"wp:featuredmedia":[{"embeddable":true,"href":"https:\/\/www.mojevrijeme.hr\/magazin\/wp-json\/wp\/v2\/media\/28806"}],"wp:attachment":[{"href":"https:\/\/www.mojevrijeme.hr\/magazin\/wp-json\/wp\/v2\/media?parent=28786"}],"wp:term":[{"taxonomy":"category","embeddable":true,"href":"https:\/\/www.mojevrijeme.hr\/magazin\/wp-json\/wp\/v2\/categories?post=28786"},{"taxonomy":"post_tag","embeddable":true,"href":"https:\/\/www.mojevrijeme.hr\/magazin\/wp-json\/wp\/v2\/tags?post=28786"}],"curies":[{"name":"wp","href":"https:\/\/api.w.org\/{rel}","templated":true}]}}