{"id":29062,"date":"2019-07-22T19:24:42","date_gmt":"2019-07-22T17:24:42","guid":{"rendered":"https:\/\/www.mojevrijeme.hr\/magazin\/?p=29062"},"modified":"2019-10-11T13:52:55","modified_gmt":"2019-10-11T11:52:55","slug":"zapovjednik-tigrova-posjetio-je-pretucenog-starca-ispricao-se-zbog-ponasanja-vojnika","status":"publish","type":"post","link":"https:\/\/www.mojevrijeme.hr\/magazin\/2019\/07\/zapovjednik-tigrova-posjetio-je-pretucenog-starca-ispricao-se-zbog-ponasanja-vojnika\/","title":{"rendered":"Zapovjednik Tigrova posjetio je pretu\u010denog umirovljenika. Ispri\u010dao se zbog pona\u0161anja vojnika"},"content":{"rendered":"\n<p>Zapovjednik 1. mehanizirane bojne Tigrovi, Gardijske mehanizirane brigade Hrvatske kopnene vojske, bojnik&nbsp;<strong>Kre\u0161imir Kr\u0161ini\u0107<\/strong>,  posjetio je <a rel=\"noreferrer noopener\" href=\"https:\/\/www.mojevrijeme.hr\/magazin\/2019\/07\/trojica-mladica-u-puli-iz-obijesti-prebili-starca\/\" target=\"_blank\">pretu\u010denog Evelina Vale<\/a> (77) u pulskoj bolnici i &nbsp;ispri\u010dao se zbog nedopustivog pona\u0161anja pripadnika Hrvatske vojske.<\/p>\n\n\n\n<p>Tako\u0111er, tijekom dana\u0161njeg dana i potpredsjednik Vlade i ministar obrane&nbsp;<strong>Damir Krsti\u010devi\u0107<\/strong>&nbsp;telefonom je razgovarao s gospodinom Valeom te mu se ispri\u010dao i za\u017eelio mu brzi oporavak, <a rel=\"noreferrer noopener\" aria-label=\"prenosi N1 (opens in a new tab)\" href=\"http:\/\/hr.n1info.com\/Vijesti\/a421266\/Zapovjednik-Tigrova-posjetio-pretucenog-umirovljenika.html\" target=\"_blank\">prenosi N1<\/a> priop\u0107enje MORH-a. <\/p>\n\n\n\n<p>Obzirom da postoje osnovane sumnje da je jedan od trojice napada\u010da pripadnik Hrvatske vojske, uputio je isprike zbog takvog nedopustivog i nevojni\u010dkog pona\u0161anja te istaknuo kako Hrvatska vojska najo\u0161trije osu\u0111uje ovaj napad i o\u0161tro sankcionira svaki oblik nasilja.<\/p><div id=\"mojev-801212298\" class=\"mojev-u-tekstu mojev-entity-placement\" style=\"margin-left: auto;margin-right: auto;text-align: center;\"><div class=\"mojev-adlabel\">oglas<\/div><div style=\"height: 250px;\"><script async src=\"https:\/\/pagead2.googlesyndication.com\/pagead\/js\/adsbygoogle.js?client=ca-pub-8106111766207173\"\r\n     crossorigin=\"anonymous\"><\/script>\r\n<!-- Prikazni 1 u tekstu -->\r\n<ins class=\"adsbygoogle\"\r\n     style=\"display:block\"\r\n     data-ad-client=\"ca-pub-8106111766207173\"\r\n     data-ad-slot=\"8535551207\"\r\n     data-ad-format=\"auto\"\r\n     data-full-width-responsive=\"true\"><\/ins>\r\n<script>\r\n     (adsbygoogle = window.adsbygoogle || []).push({});\r\n<\/script><\/div><\/div><br style=\"clear: both; display: block; float: none;\"\/>\n<div id=\"mojev-3559326295\" class=\"mojev-kraj-teksta mojev-entity-placement\" style=\"margin-bottom: 20px;margin-left: auto;margin-right: auto;text-align: center;\"><div class=\"mojev-adlabel\">oglas<\/div><div style=\"height: 250px;\"><script async src=\"https:\/\/pagead2.googlesyndication.com\/pagead\/js\/adsbygoogle.js?client=ca-pub-8106111766207173\"\r\n     crossorigin=\"anonymous\"><\/script>\r\n<!-- Display-1 -->\r\n<ins class=\"adsbygoogle\"\r\n     style=\"display:block\"\r\n     data-ad-client=\"ca-pub-8106111766207173\"\r\n     data-ad-slot=\"1465712950\"\r\n     data-ad-format=\"auto\"\r\n     data-full-width-responsive=\"true\"><\/ins>\r\n<script>\r\n     (adsbygoogle = window.adsbygoogle || []).push({});\r\n<\/script><\/div><\/div>","protected":false},"excerpt":{"rendered":"<p>Uputio je isprike zbog takvog nedopustivog i nevojni\u010dkog pona\u0161anja te istaknuo kako Hrvatska vojska najo\u0161trije osu\u0111uje ovaj napad i o\u0161tro sankcionira svaki oblik nasilja.<\/p>\n","protected":false},"author":1,"featured_media":29064,"comment_status":"closed","ping_status":"closed","sticky":false,"template":"","format":"standard","meta":{"footnotes":""},"categories":[9],"tags":[1897,1811,500,1812],"class_list":["post-29062","post","type-post","status-publish","format-standard","has-post-thumbnail","hentry","category-vijesti","tag-evelin-vale","tag-hrvatska-vojska","tag-nasilje","tag-pula"],"_links":{"self":[{"href":"https:\/\/www.mojevrijeme.hr\/magazin\/wp-json\/wp\/v2\/posts\/29062","targetHints":{"allow":["GET"]}}],"collection":[{"href":"https:\/\/www.mojevrijeme.hr\/magazin\/wp-json\/wp\/v2\/posts"}],"about":[{"href":"https:\/\/www.mojevrijeme.hr\/magazin\/wp-json\/wp\/v2\/types\/post"}],"author":[{"embeddable":true,"href":"https:\/\/www.mojevrijeme.hr\/magazin\/wp-json\/wp\/v2\/users\/1"}],"replies":[{"embeddable":true,"href":"https:\/\/www.mojevrijeme.hr\/magazin\/wp-json\/wp\/v2\/comments?post=29062"}],"version-history":[{"count":0,"href":"https:\/\/www.mojevrijeme.hr\/magazin\/wp-json\/wp\/v2\/posts\/29062\/revisions"}],"wp:featuredmedia":[{"embeddable":true,"href":"https:\/\/www.mojevrijeme.hr\/magazin\/wp-json\/wp\/v2\/media\/29064"}],"wp:attachment":[{"href":"https:\/\/www.mojevrijeme.hr\/magazin\/wp-json\/wp\/v2\/media?parent=29062"}],"wp:term":[{"taxonomy":"category","embeddable":true,"href":"https:\/\/www.mojevrijeme.hr\/magazin\/wp-json\/wp\/v2\/categories?post=29062"},{"taxonomy":"post_tag","embeddable":true,"href":"https:\/\/www.mojevrijeme.hr\/magazin\/wp-json\/wp\/v2\/tags?post=29062"}],"curies":[{"name":"wp","href":"https:\/\/api.w.org\/{rel}","templated":true}]}}