{"id":29166,"date":"2019-07-25T18:32:00","date_gmt":"2019-07-25T16:32:00","guid":{"rendered":"https:\/\/www.mojevrijeme.hr\/magazin\/?p=29166"},"modified":"2019-07-25T18:33:33","modified_gmt":"2019-07-25T16:33:33","slug":"kolinda-ponosna-sam-jer-stanem-u-hlace-koje-sam-kupila-prije-deset-godina","status":"publish","type":"post","link":"https:\/\/www.mojevrijeme.hr\/magazin\/2019\/07\/kolinda-ponosna-sam-jer-stanem-u-hlace-koje-sam-kupila-prije-deset-godina\/","title":{"rendered":"Kolinda: Ponosna sam jer stanem u maskirne hla\u010de koje sam kupila prije deset godina"},"content":{"rendered":"\n<p>Predsjednica <strong>Kolinda Grabar-Kitarovi\u0107<\/strong> ugostila je novinare <a rel=\"noreferrer noopener\" aria-label=\"Glorije (opens in a new tab)\" href=\"https:\/\/www.gloria.hr\/fokus\/zvjezdane-staze\/ekskluzivno-na-odmoru-s-predsjednicom-kolinda-grabar-kitarovic-pripremila-nam-je-nekoliko-zdravih-obroka-koji-su-tajna-njezine-vitke-linije\/9161177\/\" target=\"_blank\">Glorije<\/a> na Brijunima gdje im je demonstrirala svoj prehrambeni re\u017eim pripremaju\u0107i jela od <strong>kvinoje, piletine i avokada<\/strong>. Takovoj prehrani, ka\u017ee, duguje svoj novi izgled. <\/p>\n\n\n\n<p>&#8220;Iznimno mi je va\u017eno \u0161to jedem i ne bih mogla biti na dijeti koja uklju\u010duje post. Zbog obveza ne smijem biti gladna jer u suprotnom mozak ne funkcionira kako treba. Priznajem, prije sam se znala tje\u0161iti hranom, pogotovo sendvi\u010dima nakon napornog radnog dana, \u0161to me i dovelo do vi\u0161ka kilograma. No danas sam ponosna jer ponovno stanem u maskirne hla\u010de koje sam kupila prije deset godina u SAD-u&#8221;, izjavila je za Gloriju. <\/p>\n\n\n\n<p>&#8220;Mnogi me pitaju u \u010demu je tajna moje vitkosti, a ja ka\u017eem da dobru liniju zahvaljujem kretanju i mediteranskoj prehrani. Me\u0111utim, svima savjetujem da se, prije nego \u0161to krenu mr\u0161avjeti, posavjetuju s lije\u010dnikom ili nutricionistom. Ja sam gotovo sasvim izbacila \u0161e\u0107er i ne jedem bijeli kruh. Pijem samo vodu, ve\u0107inom iz slavine, kavu izbjegavam zbog kofeina, kao i crno vino zbog intolerancije na histamin. Od masno\u0107a koristim isklju\u010divo doam\u0107e maslinovo ulje i malo maslaca. U mojem hladnjaku uvijek je mnogo vo\u0107a i povr\u0107a, pogotovo avokada&#8221;, istaknula je Kolinda Grabar-Kitarovi\u0107.<\/p><div id=\"mojev-1756269292\" class=\"mojev-u-tekstu mojev-entity-placement\" style=\"margin-left: auto;margin-right: auto;text-align: center;\"><div class=\"mojev-adlabel\">oglas<\/div><div style=\"height: 250px;\"><script async src=\"https:\/\/pagead2.googlesyndication.com\/pagead\/js\/adsbygoogle.js?client=ca-pub-8106111766207173\"\r\n     crossorigin=\"anonymous\"><\/script>\r\n<!-- Prikazni 1 u tekstu -->\r\n<ins class=\"adsbygoogle\"\r\n     style=\"display:block\"\r\n     data-ad-client=\"ca-pub-8106111766207173\"\r\n     data-ad-slot=\"8535551207\"\r\n     data-ad-format=\"auto\"\r\n     data-full-width-responsive=\"true\"><\/ins>\r\n<script>\r\n     (adsbygoogle = window.adsbygoogle || []).push({});\r\n<\/script><\/div><\/div><br style=\"clear: both; display: block; float: none;\"\/>\n\n\n\n<figure class=\"wp-block-embed-youtube wp-block-embed is-type-video is-provider-youtube wp-embed-aspect-16-9 wp-has-aspect-ratio\"><div class=\"wp-block-embed__wrapper\">\n<iframe loading=\"lazy\" title=\"Kolinda Grabar Kitarovi\u0107 na Brijunima\" width=\"740\" height=\"416\" src=\"https:\/\/www.youtube.com\/embed\/4oNbel88kfM?feature=oembed\" frameborder=\"0\" allow=\"accelerometer; autoplay; encrypted-media; gyroscope; picture-in-picture\" allowfullscreen><\/iframe>\n<\/div><\/figure>\n<div id=\"mojev-594937457\" class=\"mojev-kraj-teksta mojev-entity-placement\" style=\"margin-bottom: 20px;margin-left: auto;margin-right: auto;text-align: center;\"><div class=\"mojev-adlabel\">oglas<\/div><div style=\"height: 250px;\"><script async src=\"https:\/\/pagead2.googlesyndication.com\/pagead\/js\/adsbygoogle.js?client=ca-pub-8106111766207173\"\r\n     crossorigin=\"anonymous\"><\/script>\r\n<!-- Display-1 -->\r\n<ins class=\"adsbygoogle\"\r\n     style=\"display:block\"\r\n     data-ad-client=\"ca-pub-8106111766207173\"\r\n     data-ad-slot=\"1465712950\"\r\n     data-ad-format=\"auto\"\r\n     data-full-width-responsive=\"true\"><\/ins>\r\n<script>\r\n     (adsbygoogle = window.adsbygoogle || []).push({});\r\n<\/script><\/div><\/div>","protected":false},"excerpt":{"rendered":"<p>&#8216;Od masno\u0107a koristim isklju\u010divo doam\u0107e maslinovo ulje i malo maslaca. U mojem hladnjaku uvijek je mnogo vo\u0107a i povr\u0107a, pogotovo avokada.&#8217;<\/p>\n","protected":false},"author":1,"featured_media":29168,"comment_status":"closed","ping_status":"closed","sticky":false,"template":"","format":"standard","meta":{"footnotes":""},"categories":[84],"tags":[677,359,1819,391],"class_list":["post-29166","post","type-post","status-publish","format-standard","has-post-thumbnail","hentry","category-show","tag-dijeta","tag-kolinda","tag-piletina","tag-pretilost"],"_links":{"self":[{"href":"https:\/\/www.mojevrijeme.hr\/magazin\/wp-json\/wp\/v2\/posts\/29166","targetHints":{"allow":["GET"]}}],"collection":[{"href":"https:\/\/www.mojevrijeme.hr\/magazin\/wp-json\/wp\/v2\/posts"}],"about":[{"href":"https:\/\/www.mojevrijeme.hr\/magazin\/wp-json\/wp\/v2\/types\/post"}],"author":[{"embeddable":true,"href":"https:\/\/www.mojevrijeme.hr\/magazin\/wp-json\/wp\/v2\/users\/1"}],"replies":[{"embeddable":true,"href":"https:\/\/www.mojevrijeme.hr\/magazin\/wp-json\/wp\/v2\/comments?post=29166"}],"version-history":[{"count":0,"href":"https:\/\/www.mojevrijeme.hr\/magazin\/wp-json\/wp\/v2\/posts\/29166\/revisions"}],"wp:featuredmedia":[{"embeddable":true,"href":"https:\/\/www.mojevrijeme.hr\/magazin\/wp-json\/wp\/v2\/media\/29168"}],"wp:attachment":[{"href":"https:\/\/www.mojevrijeme.hr\/magazin\/wp-json\/wp\/v2\/media?parent=29166"}],"wp:term":[{"taxonomy":"category","embeddable":true,"href":"https:\/\/www.mojevrijeme.hr\/magazin\/wp-json\/wp\/v2\/categories?post=29166"},{"taxonomy":"post_tag","embeddable":true,"href":"https:\/\/www.mojevrijeme.hr\/magazin\/wp-json\/wp\/v2\/tags?post=29166"}],"curies":[{"name":"wp","href":"https:\/\/api.w.org\/{rel}","templated":true}]}}