{"id":29584,"date":"2019-08-10T09:33:48","date_gmt":"2019-08-10T07:33:48","guid":{"rendered":"https:\/\/www.mojevrijeme.hr\/magazin\/?p=29584"},"modified":"2019-08-10T12:39:57","modified_gmt":"2019-08-10T10:39:57","slug":"nudeni-su-joj-unosni-poslovi-no-kolinda-kaze-da-ne-moze-napustiti-hrvatski-narod","status":"publish","type":"post","link":"https:\/\/www.mojevrijeme.hr\/magazin\/2019\/08\/nudeni-su-joj-unosni-poslovi-no-kolinda-kaze-da-ne-moze-napustiti-hrvatski-narod\/","title":{"rendered":"Nu\u0111eni su joj unosni poslovi, no Kolinda ka\u017ee da &#8216;ne mo\u017ee napustiti hrvatski narod&#8217;"},"content":{"rendered":"\n<p>Nakon \u0161to je le\u017eerno tijekom obilje\u017eavanja Dana pobjede objavila da \u0107e biti predsjednica i idu\u0107ih pet godina, Kolinda Grabar-Kitarovi\u0107 potvrdila je da \u0107e se kandidirati u razgovoru za radikalno desni Hrvatski tjednik. <\/p>\n\n\n\n<p>Naime, u prvoj predsjedni\u010dkoj kampanji obra\u0107ala se tvr\u0111em desnom bira\u010dkom tijelu putem televizijske emisije Bujica, no kako su joj sada ta vrata zatvorena \u2013 odlu\u010dila se za tiskovinu koja ju je prije godinu dana s naslovnice nazivala bestidinicom.  &#8220;Naravno, idem u kandidaturu za novi predsjedni\u010dki mandat, objavit \u0107u je uskoro. Ali \u017eelim prije toga raditi kao predsjednica \u0161to ve\u0107i dio mandatnog vremena&#8221;, rekla je predjednica. <\/p>\n\n\n\n<p>&#8220;Kako bi to sada izgledalo da ja okrenem le\u0111a Hrvatskoj\ni prihvatim neki od poslova koji mi se nude, koji su mnogo vi\u0161e pla\u0107eni diljem\nEurope i svijeta, a ja da napustim svoj hrvatski narod i svoju vlastitu djecu,\nkoja vide budu\u0107nost ovdje&#8221;, objasnila je u tjedniku i dodala se oslanja\nprije svega na hrvatski narod, ali da ne\u0107e le\u0111a okrenuti stranci iz koje je\nizrasla ma koliko god se u nekim aspektima ne slagala s njezinim politikama,\nbilo to u vrijeme Ive Sanadera ili bilo koga drugoga.<\/p><div id=\"mojev-2402329190\" class=\"mojev-u-tekstu mojev-entity-placement\" style=\"margin-left: auto;margin-right: auto;text-align: center;\"><div class=\"mojev-adlabel\">oglas<\/div><div style=\"height: 250px;\"><script async src=\"https:\/\/pagead2.googlesyndication.com\/pagead\/js\/adsbygoogle.js?client=ca-pub-8106111766207173\"\r\n     crossorigin=\"anonymous\"><\/script>\r\n<!-- Prikazni 1 u tekstu -->\r\n<ins class=\"adsbygoogle\"\r\n     style=\"display:block\"\r\n     data-ad-client=\"ca-pub-8106111766207173\"\r\n     data-ad-slot=\"8535551207\"\r\n     data-ad-format=\"auto\"\r\n     data-full-width-responsive=\"true\"><\/ins>\r\n<script>\r\n     (adsbygoogle = window.adsbygoogle || []).push({});\r\n<\/script><\/div><\/div><br style=\"clear: both; display: block; float: none;\"\/>\n\n\n\n<p>&#8220;To \u0161to sam ja vjerna HDZ-u, ne zna\u010di da nisam vjerna cijelom spektru ljudi koji vole Hrvatsku&#8221;, rekla je Grabar Kitarovi\u0107 za novi broj tog lista koji se smatra da je desne politi\u010dke orijentacije.<\/p>\n\n\n\n<div class=\"wp-block-image\"><figure class=\"aligncenter is-resized\"><img loading=\"lazy\" decoding=\"async\" src=\"https:\/\/www.mojevrijeme.hr\/magazin\/wp-content\/uploads\/2019\/08\/bestidnica-naslovnica-548x740.png\" alt=\"\" class=\"wp-image-29590\" width=\"548\" height=\"740\" srcset=\"https:\/\/www.mojevrijeme.hr\/magazin\/wp-content\/uploads\/2019\/08\/bestidnica-naslovnica-548x740.png 548w, https:\/\/www.mojevrijeme.hr\/magazin\/wp-content\/uploads\/2019\/08\/bestidnica-naslovnica-471x636.png 471w, https:\/\/www.mojevrijeme.hr\/magazin\/wp-content\/uploads\/2019\/08\/bestidnica-naslovnica.png 601w\" sizes=\"auto, (max-width: 548px) 100vw, 548px\" \/><figcaption>Pro\u0161logodi\u0161nja naslovnica tjednika kojemu je predsjednica dala intervju<\/figcaption><\/figure><\/div>\n\n\n\n<p>Na pitanje Hrvatskog tjednika &#8220;nije li sramotno \u0161to prakti\u010dki skrive\u0107ki ide na Bleiburg dan prije naroda&#8221;, predsjednica je rekla da ima isti odnos prema svim totalitarinim re\u017eimima. &#8220;Apsolutno ih osu\u0111ujem &#8211; i nacizam i fa\u0161izam, i komunizam i njihove totalitaristi\u010dke derivate u Hrvatskoj, kao i \u010detni\u0161tvo&#8221;, kazala je. <\/p>\n\n\n\n<p>Govore\u0107i o pozdravu Za dom spremni, novinar Hrvatskog\ntjednika je upitao nije li shizofrena i nenormalna situacija da je pozdrav pod\nkojim je branjen Vukovar kompromitiran, a zvijezda petokraka nije. Grabar\nKitarovi\u0107 je odgovorila da nijedan pozdrav pod kojim je branjen Vukovar ne mo\u017ee\nbiti kompromitiran. &#8220;Nije pitanje rije\u010di, pitanje je namjere. Za\nbranitelje HOS-a to nije upitno, ali ako se tim pozdravom obnavljaju simpatize\nza NDH onda mi taj pozdrav nije prihvatljiv&#8221;, rekla je.<\/p>\n<div id=\"mojev-3918600278\" class=\"mojev-kraj-teksta mojev-entity-placement\" style=\"margin-bottom: 20px;margin-left: auto;margin-right: auto;text-align: center;\"><div class=\"mojev-adlabel\">oglas<\/div><div style=\"height: 250px;\"><script async src=\"https:\/\/pagead2.googlesyndication.com\/pagead\/js\/adsbygoogle.js?client=ca-pub-8106111766207173\"\r\n     crossorigin=\"anonymous\"><\/script>\r\n<!-- Display-1 -->\r\n<ins class=\"adsbygoogle\"\r\n     style=\"display:block\"\r\n     data-ad-client=\"ca-pub-8106111766207173\"\r\n     data-ad-slot=\"1465712950\"\r\n     data-ad-format=\"auto\"\r\n     data-full-width-responsive=\"true\"><\/ins>\r\n<script>\r\n     (adsbygoogle = window.adsbygoogle || []).push({});\r\n<\/script><\/div><\/div>","protected":false},"excerpt":{"rendered":"<p>&#8216;To \u0161to sam ja vjerna HDZ-u, ne zna\u010di da nisam vjerna cijelom spektru ljudi koji vole Hrvatsku.&#8217;<\/p>\n","protected":false},"author":1,"featured_media":27460,"comment_status":"closed","ping_status":"closed","sticky":false,"template":"","format":"standard","meta":{"footnotes":""},"categories":[9],"tags":[223,359,238],"class_list":["post-29584","post","type-post","status-publish","format-standard","has-post-thumbnail","hentry","category-vijesti","tag-izbori","tag-kolinda","tag-politika"],"_links":{"self":[{"href":"https:\/\/www.mojevrijeme.hr\/magazin\/wp-json\/wp\/v2\/posts\/29584","targetHints":{"allow":["GET"]}}],"collection":[{"href":"https:\/\/www.mojevrijeme.hr\/magazin\/wp-json\/wp\/v2\/posts"}],"about":[{"href":"https:\/\/www.mojevrijeme.hr\/magazin\/wp-json\/wp\/v2\/types\/post"}],"author":[{"embeddable":true,"href":"https:\/\/www.mojevrijeme.hr\/magazin\/wp-json\/wp\/v2\/users\/1"}],"replies":[{"embeddable":true,"href":"https:\/\/www.mojevrijeme.hr\/magazin\/wp-json\/wp\/v2\/comments?post=29584"}],"version-history":[{"count":0,"href":"https:\/\/www.mojevrijeme.hr\/magazin\/wp-json\/wp\/v2\/posts\/29584\/revisions"}],"wp:featuredmedia":[{"embeddable":true,"href":"https:\/\/www.mojevrijeme.hr\/magazin\/wp-json\/wp\/v2\/media\/27460"}],"wp:attachment":[{"href":"https:\/\/www.mojevrijeme.hr\/magazin\/wp-json\/wp\/v2\/media?parent=29584"}],"wp:term":[{"taxonomy":"category","embeddable":true,"href":"https:\/\/www.mojevrijeme.hr\/magazin\/wp-json\/wp\/v2\/categories?post=29584"},{"taxonomy":"post_tag","embeddable":true,"href":"https:\/\/www.mojevrijeme.hr\/magazin\/wp-json\/wp\/v2\/tags?post=29584"}],"curies":[{"name":"wp","href":"https:\/\/api.w.org\/{rel}","templated":true}]}}