{"id":29703,"date":"2019-08-15T07:59:40","date_gmt":"2019-08-15T05:59:40","guid":{"rendered":"https:\/\/www.mojevrijeme.hr\/magazin\/?p=29703"},"modified":"2019-08-15T08:05:53","modified_gmt":"2019-08-15T06:05:53","slug":"30-mladih-ne-zna-da-je-u-sfrj-bila-jednopartijska-drugi-kazu-da-je-bila-monarhija","status":"publish","type":"post","link":"https:\/\/www.mojevrijeme.hr\/magazin\/2019\/08\/30-mladih-ne-zna-da-je-u-sfrj-bila-jednopartijska-drugi-kazu-da-je-bila-monarhija\/","title":{"rendered":"Tre\u0107ina mladih ne zna da je SFRJ bila jednopartijska, neki ka\u017eu da je bila monarhija"},"content":{"rendered":"\n<p>Kada govorimo o mladima, \u010dak i hrvatski studenti, oni od kojih o\u010dekujemo bolje temeljno obrazovanje, slabo poznaju dr\u017eavno i politi\u010dko ure\u0111enje biv\u0161e Jugoslavije. \u010culi su za Domovinski rat, ali ne znaju kakvog je karaktera bio. <\/p>\n\n\n\n<p>Svjedo\u010di o tome istra\u017eivanje <strong>dr. Miljenka Brekala<\/strong>, voditelja Instituta dru\u0161tvenih znanosti &#8220;Ivo Pilar&#8221; &#8211; Podru\u010dni centar Osijek koji je ispitao koliko noviju povijest poznaju osje\u010dki studenti, javlja <a rel=\"noreferrer noopener\" aria-label=\"Jutarnji list (opens in a new tab)\" href=\"https:\/\/www.jutarnji.hr\/vijesti\/hrvatska\/ogroman-broj-studenata-nema-ni-najosnovnija-znanja-o-recentnoj-proslosti-vise-od-polovice-ih-ne-zna-za-zloglasnu-liniju-virovitica-karlovac-karlobag\/9235274\/\" target=\"_blank\"><strong>Jutarnji list<\/strong><\/a>. Iz istra\u017eivanja u kojem je sudjelovao 1091 student i studentica prenosimo najva\u017enije akcente. <\/p>\n\n\n\n<p>Od ukupnog broja anketiranih studenata, njih 764 ispravno\nodgovorilo da je u SFRJ vladao jednopartijski sustav na \u010delu sa Savezom\nkomunista Jugoslavije, odnosno republi\u010dkim organizacijama te partije. Bez\nodgovora na to pitanje bila su dva studenta, 114 ih je odgovorilo da je na\npoliti\u010dkoj sceni bio demokratski pluralizam, 22 studenta dala su odgovor\ndemokratski rojalizam, a 76 ih je odgovorilo da je vladao monarhisti\u010dki totalitarizam.\nDrugim rije\u010dima, \u010dak 30 posto dana\u0161njih 20-godi\u0161njaka nije upoznato s temeljnim\npodatkom &#8211; da je socijalisti\u010dki sustav bio jednopartijski.<\/p><div id=\"mojev-2040352211\" class=\"mojev-u-tekstu mojev-entity-placement\" style=\"margin-left: auto;margin-right: auto;text-align: center;\"><div class=\"mojev-adlabel\">oglas<\/div><div style=\"height: 250px;\"><script async src=\"https:\/\/pagead2.googlesyndication.com\/pagead\/js\/adsbygoogle.js?client=ca-pub-8106111766207173\"\r\n     crossorigin=\"anonymous\"><\/script>\r\n<!-- Prikazni 1 u tekstu -->\r\n<ins class=\"adsbygoogle\"\r\n     style=\"display:block\"\r\n     data-ad-client=\"ca-pub-8106111766207173\"\r\n     data-ad-slot=\"8535551207\"\r\n     data-ad-format=\"auto\"\r\n     data-full-width-responsive=\"true\"><\/ins>\r\n<script>\r\n     (adsbygoogle = window.adsbygoogle || []).push({});\r\n<\/script><\/div><\/div><br style=\"clear: both; display: block; float: none;\"\/>\n\n\n\n<p>Na pitanje kakvoga je karaktera bio Domovinski tri ispitanika bila su bez odgovora, 119 je navelo gra\u0111anski rat, 312 narodnooslobodila\u010dki rat, 91 me\u0111unarodni sukob, 34 osobe nisu ni\u0161ta navele, a samo je 532 studenata ili 48,8 posto njih to\u010dno odgovorilo da se radilo o obrambenom ratu.<\/p>\n\n\n\n<p>Tako\u0111er, o\u010dito je da studenti tek povr\u0161no znaju \u0161to ozna\u010dava koncept Velike Srbije. To je vidljivo iz odgovora u kojem vi\u0161e od 50 posto studentske populacije nije znalo odgovoriti gdje su zapadne granice tzv. velike Srbije. Osam ih je bilo bez odgovora, 296 ih je odgovorilo na liniji Virovitica &#8211; Pakrac &#8211; Sisak &#8211; Knin, 181 na liniji Virovitica &#8211; Sisak &#8211; Knin &#8211; Split, 25 smatra da nije bilo nikakvoga plana zauzimanja hrvatskoga dr\u017eavnog teritorija, 71 ispitanik nije naveo ni\u0161ta, a 500 ih je to\u010dno odgovorilo: na liniji Virovitica &#8211; Karlovac &#8211; Karlobag. Zna\u010di, ponovno manje od polovice. <\/p>\n<div id=\"mojev-2865968930\" class=\"mojev-kraj-teksta mojev-entity-placement\" style=\"margin-bottom: 20px;margin-left: auto;margin-right: auto;text-align: center;\"><div class=\"mojev-adlabel\">oglas<\/div><div style=\"height: 250px;\"><script async src=\"https:\/\/pagead2.googlesyndication.com\/pagead\/js\/adsbygoogle.js?client=ca-pub-8106111766207173\"\r\n     crossorigin=\"anonymous\"><\/script>\r\n<!-- Display-1 -->\r\n<ins class=\"adsbygoogle\"\r\n     style=\"display:block\"\r\n     data-ad-client=\"ca-pub-8106111766207173\"\r\n     data-ad-slot=\"1465712950\"\r\n     data-ad-format=\"auto\"\r\n     data-full-width-responsive=\"true\"><\/ins>\r\n<script>\r\n     (adsbygoogle = window.adsbygoogle || []).push({});\r\n<\/script><\/div><\/div>","protected":false},"excerpt":{"rendered":"<p>Kada govorimo o mladima, \u010dak i hrvatski studenti, oni od kojih o\u010dekujemo bolje temeljno obrazovanje, slabo poznaju dr\u017eavno i politi\u010dko ure\u0111enje biv\u0161e Jugoslavije. \u010culi su za Domovinski rat, ali ne znaju kakvog je karaktera bio. Svjedo\u010di o tome istra\u017eivanje dr. Miljenka Brekala, voditelja Instituta dru\u0161tvenih znanosti &#8220;Ivo Pilar&#8221; &#8211; Podru\u010dni centar Osijek koji je ispitao [&hellip;]<\/p>\n","protected":false},"author":1,"featured_media":21009,"comment_status":"closed","ping_status":"closed","sticky":false,"template":"","format":"standard","meta":{"footnotes":""},"categories":[9],"tags":[1847,188,714,1089,1359],"class_list":["post-29703","post","type-post","status-publish","format-standard","has-post-thumbnail","hentry","category-vijesti","tag-domovinski-rat","tag-jugoslavija","tag-komunizam","tag-socijalizam","tag-studenti"],"_links":{"self":[{"href":"https:\/\/www.mojevrijeme.hr\/magazin\/wp-json\/wp\/v2\/posts\/29703","targetHints":{"allow":["GET"]}}],"collection":[{"href":"https:\/\/www.mojevrijeme.hr\/magazin\/wp-json\/wp\/v2\/posts"}],"about":[{"href":"https:\/\/www.mojevrijeme.hr\/magazin\/wp-json\/wp\/v2\/types\/post"}],"author":[{"embeddable":true,"href":"https:\/\/www.mojevrijeme.hr\/magazin\/wp-json\/wp\/v2\/users\/1"}],"replies":[{"embeddable":true,"href":"https:\/\/www.mojevrijeme.hr\/magazin\/wp-json\/wp\/v2\/comments?post=29703"}],"version-history":[{"count":0,"href":"https:\/\/www.mojevrijeme.hr\/magazin\/wp-json\/wp\/v2\/posts\/29703\/revisions"}],"wp:featuredmedia":[{"embeddable":true,"href":"https:\/\/www.mojevrijeme.hr\/magazin\/wp-json\/wp\/v2\/media\/21009"}],"wp:attachment":[{"href":"https:\/\/www.mojevrijeme.hr\/magazin\/wp-json\/wp\/v2\/media?parent=29703"}],"wp:term":[{"taxonomy":"category","embeddable":true,"href":"https:\/\/www.mojevrijeme.hr\/magazin\/wp-json\/wp\/v2\/categories?post=29703"},{"taxonomy":"post_tag","embeddable":true,"href":"https:\/\/www.mojevrijeme.hr\/magazin\/wp-json\/wp\/v2\/tags?post=29703"}],"curies":[{"name":"wp","href":"https:\/\/api.w.org\/{rel}","templated":true}]}}