{"id":29775,"date":"2019-08-18T23:09:45","date_gmt":"2019-08-18T21:09:45","guid":{"rendered":"https:\/\/www.mojevrijeme.hr\/magazin\/?p=29775"},"modified":"2019-08-19T23:48:19","modified_gmt":"2019-08-19T21:48:19","slug":"cijelo-spanjolsko-selo-pretvoreno-je-u-umirovljenicki-dom-ovo-je-sjajan-zivot","status":"publish","type":"post","link":"https:\/\/www.mojevrijeme.hr\/magazin\/2019\/08\/cijelo-spanjolsko-selo-pretvoreno-je-u-umirovljenicki-dom-ovo-je-sjajan-zivot\/","title":{"rendered":"Cijelo \u0161panjolsko selo pretvoreno je u umirovljeni\u010dki dom. &#8216;Ovo je sjajan \u017eivot!&#8217;"},"content":{"rendered":"\n<p>Pescueza u zapadnoj \u0160panjolskoj je selo umirovljenika. Naime, prilago\u0111eno je starijoj populaciji kroz program &#8220;Ostani s nama&#8221;. Stariji \u017eitelji ovog sela \u010dine dvije tre\u0107ine njegova stanovni\u0161tva. Na raspolaganju su im usluge zahvaljuju\u0107i kojima mogu \u017eivjeti <strong>punim \u017eivotom<\/strong> i, \u0161to im je najva\u017enije, <strong>dostojanstveno i samostalno<\/strong>. <\/p>\n\n\n\n<p>Cijelo selo pretvoreno je u veliki stara\u010dki dom, javlja BBC. &#8220;Pescueza \u017eeli biti zajednica, prijateljski teritorij za starije ljude. \u017delimo da ljudi \u017eele ostati u svojim domovima, u svojoj okolini i da zadovoljimo sve njihove potrebe&#8221;, govori <strong>Constanzio Rodriguez<\/strong>, predsjednik udruge &#8220;Prijatelji Pescueze&#8221;. <\/p>\n\n\n\n<p>Starenje populacije izazov je s kojim se susre\u0107e ve\u0107ina dr\u017eava,\na \u0160panjolska je me\u0111u zemljama svijeta s najdu\u017eim o\u010dekivanim \u017eivotnim vijekom \u2013\n\u010dak 83 godine! <\/p><div id=\"mojev-1326449499\" class=\"mojev-u-tekstu mojev-entity-placement\" style=\"margin-left: auto;margin-right: auto;text-align: center;\"><div class=\"mojev-adlabel\">oglas<\/div><div style=\"height: 250px;\"><script async src=\"https:\/\/pagead2.googlesyndication.com\/pagead\/js\/adsbygoogle.js?client=ca-pub-8106111766207173\"\r\n     crossorigin=\"anonymous\"><\/script>\r\n<!-- Prikazni 1 u tekstu -->\r\n<ins class=\"adsbygoogle\"\r\n     style=\"display:block\"\r\n     data-ad-client=\"ca-pub-8106111766207173\"\r\n     data-ad-slot=\"8535551207\"\r\n     data-ad-format=\"auto\"\r\n     data-full-width-responsive=\"true\"><\/ins>\r\n<script>\r\n     (adsbygoogle = window.adsbygoogle || []).push({});\r\n<\/script><\/div><\/div><br style=\"clear: both; display: block; float: none;\"\/>\n\n\n\n<p>&#8220;Uskoro \u0107u navr\u0161iti 94 godine.&#8221; &#8220;Imam 80 godina.&#8221; &#8220;Ja imam 76 i cijeli \u017eivot \u017eivim ovdje!&#8221; Izjave su to nekih od stanovnika ovog sela koji broji 130 \u017eitelja i tek je svaki tre\u0107i mla\u0111i od 65 godina. <\/p>\n\n\n\n<p>Kroz projekt &#8220;Ostani s nama&#8221; ugra\u0111eni su rukohvati i protuklizne povr\u0161ine na ulicama. Organiziran je Dnevni centar koji svakodnevno priprema hranu i odr\u017eava satove tjelovje\u017ebe za seljane. Mnogi od njih, nakon rada u vrtu ili vinogradu, dolaze u restoran kolektivne prehrane zbog hrane, ali i dru\u0161tva. Osigurana je i slu\u017eba \u010di\u0161\u0107enja, kao i prijevoz za seniore. &#8220;Od svih stvari koje su napravili za starije, najbolji je Dnevni centar \u2013 jer se u njemu dru\u017eimo&#8221;, ka\u017ee jedan od korisnika usluga &#8211; <strong>Pio (76)<\/strong>. Naime, mje\u0161tani se u ovakvom selu osje\u0107aju sigurno i ne pate od usamljenosti. <\/p>\n\n\n\n<p>Projekt financiraju lokalna i regionalna uprava, a sufinanciraju ga i korisnici programa. Svi su opremljeni mobitelima s &#8220;crvenim gumbom&#8221; koji izravno poziva pomo\u0107. Postoji nada da \u0107e se ovakav model brige o starijima kopirati u drugim dijelovima \u0160panjolske. &#8220;Da ne \u017eivim u ovom selu, ne bih bio \u017eiv&#8221;, zaklju\u010duje Pio. Pogledajte vi\u0161e u videu. <\/p>\n\n\n\n<iframe loading=\"lazy\" width=\"740\" height=\"400\" frameborder=\"0\" src=\"https:\/\/www.bbc.com\/news\/av\/embed\/p07kgsrz\/49322780\"><\/iframe>\n<div id=\"mojev-2889044878\" class=\"mojev-kraj-teksta mojev-entity-placement\" style=\"margin-bottom: 20px;margin-left: auto;margin-right: auto;text-align: center;\"><div class=\"mojev-adlabel\">oglas<\/div><div style=\"height: 250px;\"><script async src=\"https:\/\/pagead2.googlesyndication.com\/pagead\/js\/adsbygoogle.js?client=ca-pub-8106111766207173\"\r\n     crossorigin=\"anonymous\"><\/script>\r\n<!-- Display-1 -->\r\n<ins class=\"adsbygoogle\"\r\n     style=\"display:block\"\r\n     data-ad-client=\"ca-pub-8106111766207173\"\r\n     data-ad-slot=\"1465712950\"\r\n     data-ad-format=\"auto\"\r\n     data-full-width-responsive=\"true\"><\/ins>\r\n<script>\r\n     (adsbygoogle = window.adsbygoogle || []).push({});\r\n<\/script><\/div><\/div>","protected":false},"excerpt":{"rendered":"<p>Starenje populacije izazov je s kojim se susre\u0107e ve\u0107ina dr\u017eava, a \u0160panjolska je me\u0111u zemljama svijeta s najdu\u017eim o\u010dekivanim \u017eivotnim vijekom \u2013 \u010dak 83 godine! <\/p>\n","protected":false},"author":1,"featured_media":29779,"comment_status":"closed","ping_status":"closed","sticky":false,"template":"","format":"standard","meta":{"footnotes":""},"categories":[2],"tags":[957,1136,929,97],"class_list":["post-29775","post","type-post","status-publish","format-standard","has-post-thumbnail","hentry","category-mozaik","tag-mirovina","tag-spanjolska","tag-stanovanje","tag-umirovljenicki-dom"],"_links":{"self":[{"href":"https:\/\/www.mojevrijeme.hr\/magazin\/wp-json\/wp\/v2\/posts\/29775","targetHints":{"allow":["GET"]}}],"collection":[{"href":"https:\/\/www.mojevrijeme.hr\/magazin\/wp-json\/wp\/v2\/posts"}],"about":[{"href":"https:\/\/www.mojevrijeme.hr\/magazin\/wp-json\/wp\/v2\/types\/post"}],"author":[{"embeddable":true,"href":"https:\/\/www.mojevrijeme.hr\/magazin\/wp-json\/wp\/v2\/users\/1"}],"replies":[{"embeddable":true,"href":"https:\/\/www.mojevrijeme.hr\/magazin\/wp-json\/wp\/v2\/comments?post=29775"}],"version-history":[{"count":0,"href":"https:\/\/www.mojevrijeme.hr\/magazin\/wp-json\/wp\/v2\/posts\/29775\/revisions"}],"wp:featuredmedia":[{"embeddable":true,"href":"https:\/\/www.mojevrijeme.hr\/magazin\/wp-json\/wp\/v2\/media\/29779"}],"wp:attachment":[{"href":"https:\/\/www.mojevrijeme.hr\/magazin\/wp-json\/wp\/v2\/media?parent=29775"}],"wp:term":[{"taxonomy":"category","embeddable":true,"href":"https:\/\/www.mojevrijeme.hr\/magazin\/wp-json\/wp\/v2\/categories?post=29775"},{"taxonomy":"post_tag","embeddable":true,"href":"https:\/\/www.mojevrijeme.hr\/magazin\/wp-json\/wp\/v2\/tags?post=29775"}],"curies":[{"name":"wp","href":"https:\/\/api.w.org\/{rel}","templated":true}]}}