{"id":29786,"date":"2019-08-19T14:16:45","date_gmt":"2019-08-19T12:16:45","guid":{"rendered":"https:\/\/www.mojevrijeme.hr\/magazin\/?p=29786"},"modified":"2019-08-19T14:17:18","modified_gmt":"2019-08-19T12:17:18","slug":"silvano-hrelja-izlazi-iz-kluba-glasa-vracam-se-starom-jatu","status":"publish","type":"post","link":"https:\/\/www.mojevrijeme.hr\/magazin\/2019\/08\/silvano-hrelja-izlazi-iz-kluba-glasa-vracam-se-starom-jatu\/","title":{"rendered":"Silvano Hrelja izlazi iz Kluba Glasa: &#8216;Vra\u0107am se starom jatu!&#8217;"},"content":{"rendered":"\n<p>Predsjednik Hrvatske stranke umirovljenika (HSU) <strong>Silvano Hrelja<\/strong> izlazi iz Kluba saborskih zastupnika Glasa da bi u\u0161ao u Klub nezavisnih zastupnika. <\/p>\n\n\n\n<p>U Amsterdamsku koaliciju je u\u0161ao, ka\u017ee, jer je ta koalicija bila jedina mogu\u0107nost za izlazak stranke na europarlamentarne izbore. Sada se, objasnio je, vra\u0107a u staro jato i koalicijskom sporazumu s SDP-om kako bi zajedno prona\u0161li rje\u0161enje za hrvatske probleme. <\/p>\n\n\n\n<p>&nbsp;<\/p>\n\n\n\n<p>&#8220;Dosta&nbsp;se dru\u017eim sa SDP-ovcima i poku\u0161avamo osmi\u0161ljavati zajedni\u010dke platforme&nbsp;i suradnja je odli\u010dna, podr\u017eali smo istog predsjedni\u010dkog kandidata i to je to&#8221;, rekao je Hrelja na upit Hine o intenziviranju suradnje&nbsp;sa&nbsp; SDP-om. &#8220;Ima puno posla, a Hrvatska krenula previ\u0161e krivo da bi se jeftino mogla izvu\u0107i&#8221;, zaklju\u010duje prvak HSU-a. <\/p><div id=\"mojev-489025131\" class=\"mojev-u-tekstu mojev-entity-placement\" style=\"margin-left: auto;margin-right: auto;text-align: center;\"><div class=\"mojev-adlabel\">oglas<\/div><div style=\"height: 250px;\"><script async src=\"https:\/\/pagead2.googlesyndication.com\/pagead\/js\/adsbygoogle.js?client=ca-pub-8106111766207173\"\r\n     crossorigin=\"anonymous\"><\/script>\r\n<!-- Prikazni 1 u tekstu -->\r\n<ins class=\"adsbygoogle\"\r\n     style=\"display:block\"\r\n     data-ad-client=\"ca-pub-8106111766207173\"\r\n     data-ad-slot=\"8535551207\"\r\n     data-ad-format=\"auto\"\r\n     data-full-width-responsive=\"true\"><\/ins>\r\n<script>\r\n     (adsbygoogle = window.adsbygoogle || []).push({});\r\n<\/script><\/div><\/div><br style=\"clear: both; display: block; float: none;\"\/>\n<div id=\"mojev-2312786384\" class=\"mojev-kraj-teksta mojev-entity-placement\" style=\"margin-bottom: 20px;margin-left: auto;margin-right: auto;text-align: center;\"><div class=\"mojev-adlabel\">oglas<\/div><div style=\"height: 250px;\"><script async src=\"https:\/\/pagead2.googlesyndication.com\/pagead\/js\/adsbygoogle.js?client=ca-pub-8106111766207173\"\r\n     crossorigin=\"anonymous\"><\/script>\r\n<!-- Display-1 -->\r\n<ins class=\"adsbygoogle\"\r\n     style=\"display:block\"\r\n     data-ad-client=\"ca-pub-8106111766207173\"\r\n     data-ad-slot=\"1465712950\"\r\n     data-ad-format=\"auto\"\r\n     data-full-width-responsive=\"true\"><\/ins>\r\n<script>\r\n     (adsbygoogle = window.adsbygoogle || []).push({});\r\n<\/script><\/div><\/div>","protected":false},"excerpt":{"rendered":"<p>Ima puno posla, a Hrvatska krenula previ\u0161e krivo da bi se jeftino mogla izvu\u0107i, ka\u017ee predsjednik Hrvatske stranke umirovljenika.<\/p>\n","protected":false},"author":1,"featured_media":13130,"comment_status":"closed","ping_status":"closed","sticky":false,"template":"","format":"standard","meta":{"footnotes":""},"categories":[9],"tags":[111,553],"class_list":["post-29786","post","type-post","status-publish","format-standard","has-post-thumbnail","hentry","category-vijesti","tag-hrvatska-stranka-umirovljenika","tag-silvano-hrelja"],"_links":{"self":[{"href":"https:\/\/www.mojevrijeme.hr\/magazin\/wp-json\/wp\/v2\/posts\/29786","targetHints":{"allow":["GET"]}}],"collection":[{"href":"https:\/\/www.mojevrijeme.hr\/magazin\/wp-json\/wp\/v2\/posts"}],"about":[{"href":"https:\/\/www.mojevrijeme.hr\/magazin\/wp-json\/wp\/v2\/types\/post"}],"author":[{"embeddable":true,"href":"https:\/\/www.mojevrijeme.hr\/magazin\/wp-json\/wp\/v2\/users\/1"}],"replies":[{"embeddable":true,"href":"https:\/\/www.mojevrijeme.hr\/magazin\/wp-json\/wp\/v2\/comments?post=29786"}],"version-history":[{"count":0,"href":"https:\/\/www.mojevrijeme.hr\/magazin\/wp-json\/wp\/v2\/posts\/29786\/revisions"}],"wp:featuredmedia":[{"embeddable":true,"href":"https:\/\/www.mojevrijeme.hr\/magazin\/wp-json\/wp\/v2\/media\/13130"}],"wp:attachment":[{"href":"https:\/\/www.mojevrijeme.hr\/magazin\/wp-json\/wp\/v2\/media?parent=29786"}],"wp:term":[{"taxonomy":"category","embeddable":true,"href":"https:\/\/www.mojevrijeme.hr\/magazin\/wp-json\/wp\/v2\/categories?post=29786"},{"taxonomy":"post_tag","embeddable":true,"href":"https:\/\/www.mojevrijeme.hr\/magazin\/wp-json\/wp\/v2\/tags?post=29786"}],"curies":[{"name":"wp","href":"https:\/\/api.w.org\/{rel}","templated":true}]}}