{"id":30012,"date":"2019-08-30T14:35:04","date_gmt":"2019-08-30T12:35:04","guid":{"rendered":"https:\/\/www.mojevrijeme.hr\/magazin\/?p=30012"},"modified":"2019-08-30T22:04:02","modified_gmt":"2019-08-30T20:04:02","slug":"hrvatska-predsjednica-dobila-je-americku-nagradu-za-zivotno-djelo","status":"publish","type":"post","link":"https:\/\/www.mojevrijeme.hr\/magazin\/2019\/08\/hrvatska-predsjednica-dobila-je-americku-nagradu-za-zivotno-djelo\/","title":{"rendered":"Hrvatska predsjednica dobila je ameri\u010dku nagradu za \u017eivotno djelo"},"content":{"rendered":"\n<p>Predsjednica <strong>Kolinda Grabar-Kitarovi\u0107<\/strong> ovogodi\u0161nja je dobitnica nagrade za \u017eivotno djelo Dru\u0161tva Fulbright. Naime, predsjednica je biv\u0161a Fulbrigtova stipendistica i kao takva \u0107e dobiti nagradu zbog izuzetnih doprinosa kao \u010delnice, diplomatkinje i javne slu\u017ebenice.<\/p>\n\n\n\n<p>Predsjednica utjelovljuje najbolje osobine \u010delnika u\nvremenima nesmanjenih globalnih kriza i izazova i tako \u0107e se pridru\u017eiti\nuglednom dru\u0161tvu drugih dobitnika, kao \u0161to su John Hope Franklin, Renee\nFleming, Philip Glass, David Bradley, Rita Hauser, Thomas Pickering, Ruth\nSimmons, John Lithgow i Rita Dove, objavili su iz Fulbrighta.<\/p>\n\n\n\n<p>&#8220;Voljela bih da je to mo\u017eda malo kasnije objavljeno kada je ve\u0107 nagrada primljena. Iznimno sam po\u010da\u0161\u0107ena. Radim na promicanju Fulbrightova programa i svega onoga \u0161to on podrazumijeva. Ono \u0161to je dobro oko tog programa jest jednom kad ste sudjelovali u njemu imate obvezu vratiti se u svoju mati\u010dnu dr\u017eavu. Dakle, svi koji odlaze u SAD ili negdje drugdje temeljem Fulbrightove stipendije moraju se vratiti u Hrvatsku i prenijeti to svoje ste\u010deno znanje. Mislim da je to jedan od elemenata na koji u budu\u0107nosti moramo gledati kao na iskorak koji \u0107e nas izvu\u0107i iz tog nekakvog kruga u kojem se neprestano vrtimo u nedostatku novih ideja. Zato \u017eelim stvoriti uvjete da se svi na\u0161i mladi i svi ostali vrate u Hrvatsku&#8221;, komentirala je za HTV ovo veliko postignu\u0107e Grabar-Kitarovi\u0107.<\/p><div id=\"mojev-1802690955\" class=\"mojev-u-tekstu mojev-entity-placement\" style=\"margin-left: auto;margin-right: auto;text-align: center;\"><div class=\"mojev-adlabel\">oglas<\/div><div style=\"height: 250px;\"><script async src=\"https:\/\/pagead2.googlesyndication.com\/pagead\/js\/adsbygoogle.js?client=ca-pub-8106111766207173\"\r\n     crossorigin=\"anonymous\"><\/script>\r\n<!-- Prikazni 1 u tekstu -->\r\n<ins class=\"adsbygoogle\"\r\n     style=\"display:block\"\r\n     data-ad-client=\"ca-pub-8106111766207173\"\r\n     data-ad-slot=\"8535551207\"\r\n     data-ad-format=\"auto\"\r\n     data-full-width-responsive=\"true\"><\/ins>\r\n<script>\r\n     (adsbygoogle = window.adsbygoogle || []).push({});\r\n<\/script><\/div><\/div><br style=\"clear: both; display: block; float: none;\"\/>\n\n\n\n<p>Ciljevi programa koji je 1946. godine osnovao &nbsp;ameri\u010dki senator James William Fulbright su, me\u0111u ostalim, stipendistima omogu\u0107iti da na me\u0111unarodnoj razmjeni steknu nova iskustva i saznanja te provode istra\u017eivanja vezana uz podru\u010dja kojima se bave. Dru\u0161tvo Fulbright osnovano je 1977. godine i okuplja biv\u0161e stipendiste Zaklade Fulbright. <\/p>\n\n\n\n<h3 class=\"wp-block-heading\">Sudbinski vezana za Sjedinjene Dr\u017eave<\/h3>\n\n\n\n<p>Podsjetimo, predsjednica je u tre\u0107em razredu gimnazije saznala za mogu\u0107nost \u0161kolske razmjene sa Sjedinjenim Dr\u017eavama. Stoga se po\u010dela pripremati kako bi, u slu\u010daju razmjene, \u010detvrti razred srednje \u0161kole zavr\u0161ila tamo &#8211; izvadila si je vizu, kupila zrakoplovnu kartu i rije\u0161ila ostale formalnosti. Kao sedamnaestogodi\u0161njakinja otputovala je u gradi\u0107 Los Alamos, gdje je u mjesnoj srednjoj \u0161koli zavr\u0161ila \u010detvrti razred.<\/p>\n\n\n\n<p>Nakon \u0161to je maturirala u Sjedinjenim Dr\u017eavama, vratila se u tada\u0161nju Jugoslaviju pa je u Zagrebu upisala engleski i \u0161panjolski jezik na Filozofskom fakultetu. Diplomirala je 1993. godine. Potom je 2000. godine stekla titulu magistra znanosti po zavr\u0161etku dvogodi\u0161njeg poslijediplomskog studija iz me\u0111unarodnih odnosa na Fakultetu politi\u010dkih znanosti Sveu\u010dili\u0161ta u Zagrebu. <\/p>\n\n\n\n<p>No Sjedinjenene Dr\u017eave nije zaboravila. Od 2002. do 2003. godine bila je Fulbrightova stipendistica na uglednoj \u0160koli za me\u0111unarodne odnose Elliot koja djeluje pri Sveu\u010dili\u0161tu George Washington u Washingtonu. Upravo se u taj grad, ameri\u010dku prijestolnicu, vratila 2008. godine kao hrvatska veleposlanica. <\/p>\n\n\n\n<p>\u010cak je i predsjedni\u010dina k\u0107i <a rel=\"noreferrer noopener\" aria-label=\"Katarina (opens in a new tab)\" href=\"https:\/\/www.mojevrijeme.hr\/magazin\/2019\/05\/predsjednicina-kci-upisala-harvard-zasto-hrvati-ne-mogu-prihvatiti-njezin-uspjeh\/\" target=\"_blank\">Katarina<\/a> prije nekoliko dana otputovala u Sjedinjene Dr\u017eave. Naime, u svibnju je primljena na \u010dak \u010detiri ameri\u010dka sveu\u010dili\u0161ta koja su joj ponudila stipendiju, a odabrala je Harvard.<\/p>\n\n\n\n<p>Me\u0111u Fulbrightovim stipendistima iz Hrvatske su i Slavenka Drakuli\u0107, Tvrtko Jakovina, Ivan Grde\u0161i\u0107, Daria Marjanovi\u0107, Tena Peri\u0161in, Lamija Ale\u010dkovi\u0107, Milorad Pupovac, Josip Kregar i brojni drugi. <\/p>\n\n\n\n<p>Hrvatskoj \u0107e predsjednici nagrada biti dodijeljena 26. listopada u gradu Arlingtonu, u ameri\u010dkoj saveznoj dr\u017eavi Virginiji.<\/p>\n<div id=\"mojev-2194300617\" class=\"mojev-kraj-teksta mojev-entity-placement\" style=\"margin-bottom: 20px;margin-left: auto;margin-right: auto;text-align: center;\"><div class=\"mojev-adlabel\">oglas<\/div><div style=\"height: 250px;\"><script async src=\"https:\/\/pagead2.googlesyndication.com\/pagead\/js\/adsbygoogle.js?client=ca-pub-8106111766207173\"\r\n     crossorigin=\"anonymous\"><\/script>\r\n<!-- Display-1 -->\r\n<ins class=\"adsbygoogle\"\r\n     style=\"display:block\"\r\n     data-ad-client=\"ca-pub-8106111766207173\"\r\n     data-ad-slot=\"1465712950\"\r\n     data-ad-format=\"auto\"\r\n     data-full-width-responsive=\"true\"><\/ins>\r\n<script>\r\n     (adsbygoogle = window.adsbygoogle || []).push({});\r\n<\/script><\/div><\/div>","protected":false},"excerpt":{"rendered":"<p>Kolinda Grabar-Kitarovi\u0107 bila je od 2002. do 2003. godine Fulbrightova stipendistica na \u0160koli za me\u0111unarodne odnose Elliot u Sjedinjenim Dr\u017eavama. <\/p>\n","protected":false},"author":1,"featured_media":28567,"comment_status":"closed","ping_status":"closed","sticky":false,"template":"","format":"standard","meta":{"footnotes":""},"categories":[9],"tags":[359,1859,1035],"class_list":["post-30012","post","type-post","status-publish","format-standard","has-post-thumbnail","hentry","category-vijesti","tag-kolinda","tag-nagrade","tag-sjedinjene-drzave"],"_links":{"self":[{"href":"https:\/\/www.mojevrijeme.hr\/magazin\/wp-json\/wp\/v2\/posts\/30012","targetHints":{"allow":["GET"]}}],"collection":[{"href":"https:\/\/www.mojevrijeme.hr\/magazin\/wp-json\/wp\/v2\/posts"}],"about":[{"href":"https:\/\/www.mojevrijeme.hr\/magazin\/wp-json\/wp\/v2\/types\/post"}],"author":[{"embeddable":true,"href":"https:\/\/www.mojevrijeme.hr\/magazin\/wp-json\/wp\/v2\/users\/1"}],"replies":[{"embeddable":true,"href":"https:\/\/www.mojevrijeme.hr\/magazin\/wp-json\/wp\/v2\/comments?post=30012"}],"version-history":[{"count":0,"href":"https:\/\/www.mojevrijeme.hr\/magazin\/wp-json\/wp\/v2\/posts\/30012\/revisions"}],"wp:featuredmedia":[{"embeddable":true,"href":"https:\/\/www.mojevrijeme.hr\/magazin\/wp-json\/wp\/v2\/media\/28567"}],"wp:attachment":[{"href":"https:\/\/www.mojevrijeme.hr\/magazin\/wp-json\/wp\/v2\/media?parent=30012"}],"wp:term":[{"taxonomy":"category","embeddable":true,"href":"https:\/\/www.mojevrijeme.hr\/magazin\/wp-json\/wp\/v2\/categories?post=30012"},{"taxonomy":"post_tag","embeddable":true,"href":"https:\/\/www.mojevrijeme.hr\/magazin\/wp-json\/wp\/v2\/tags?post=30012"}],"curies":[{"name":"wp","href":"https:\/\/api.w.org\/{rel}","templated":true}]}}