{"id":30113,"date":"2019-09-03T17:03:57","date_gmt":"2019-09-03T15:03:57","guid":{"rendered":"https:\/\/www.mojevrijeme.hr\/magazin\/?p=30113"},"modified":"2019-09-03T17:05:32","modified_gmt":"2019-09-03T15:05:32","slug":"mrsic-trazi-izdvajanje-braniteljskih-mirovina-iz-hzmo-a-hdz-gradi-drustvo-nejednakosti","status":"publish","type":"post","link":"https:\/\/www.mojevrijeme.hr\/magazin\/2019\/09\/mrsic-trazi-izdvajanje-braniteljskih-mirovina-iz-hzmo-a-hdz-gradi-drustvo-nejednakosti\/","title":{"rendered":"Mrsi\u0107 tra\u017ei izdvajanje braniteljskih mirovina iz HZMO-a: &#8216;HDZ gradi dru\u0161tvo nejednakosti&#8217;"},"content":{"rendered":"\n<p>Biv\u0161i SDP-ov ministar rada, aktualni predsjednik i saborski zastupnik Demokrata, <strong>Mirando Mrsi\u0107<\/strong> proglasio je mirovinsku reformu \u2013 mrtvom. Jo\u0161 je jednom naglasio problem povla\u0161tenih mirovina, a me\u0111u njima posebno onih braniteljskih za koje ka\u017ee da ih HDZ-ova vlada konstantno pove\u0107ava. <\/p>\n\n\n\n<p>&#8220;Danas ovdje postavljam pitanje HDZ-u, Plenkovi\u0107u, Medvedu ili bilo kome u HDZ-u, \u0161to \u0107ete napraviti kada sustav do\u017eivi kolaps, kad jo\u0161 tisu\u0107e ljudi odu iz Hrvatske, tko \u0107e onda upla\u0107ivati doprinose za povla\u0161tene mirovine? Kako \u0107ete onda kupovati glasove braniteljske populacije?&#8221; pita Mrsi\u0107. <\/p>\n\n\n\n<p>&#8220;Povla\u0161tene mirovine bit \u0107e jo\u0161 ve\u0107i problem kada potpuno stupi na snagu Medvedov zakon o pravima branitelja iz Domovinskog rata. Va\u0161a budu\u0107a mirovina u rukama je ministra Tome Medveda i moneta je za kupovanje braniteljskih glasova&#8221;, rekao je Mrsi\u0107 na konferenciji za medije u Hrvatskom saboru.<\/p><div id=\"mojev-3794897848\" class=\"mojev-u-tekstu mojev-entity-placement\" style=\"margin-left: auto;margin-right: auto;text-align: center;\"><div class=\"mojev-adlabel\">oglas<\/div><div style=\"height: 250px;\"><script async src=\"https:\/\/pagead2.googlesyndication.com\/pagead\/js\/adsbygoogle.js?client=ca-pub-8106111766207173\"\r\n     crossorigin=\"anonymous\"><\/script>\r\n<!-- Prikazni 1 u tekstu -->\r\n<ins class=\"adsbygoogle\"\r\n     style=\"display:block\"\r\n     data-ad-client=\"ca-pub-8106111766207173\"\r\n     data-ad-slot=\"8535551207\"\r\n     data-ad-format=\"auto\"\r\n     data-full-width-responsive=\"true\"><\/ins>\r\n<script>\r\n     (adsbygoogle = window.adsbygoogle || []).push({});\r\n<\/script><\/div><\/div><br style=\"clear: both; display: block; float: none;\"\/>\n\n\n\n<p>Prema posljednjim podatcima, u Hrvatskoj je, nastavlja Mrsi\u0107, <strong>113 tisu\u0107a branitelja i \u010dlanova njihovih obitelji<\/strong>, preko 71 tisu\u0107u ih prima mirovine od 5.616 kuna, dok 35 tisu\u0107a branitelja mirovinu prima po op\u0107im propisima. Tu je, dodaje, i <strong>7000 pripadnika HVO-a<\/strong> s mirovinom od 2.900 kuna, a zahvaljuju\u0107i izmjenama Zakona o pravima branitelja, poru\u010duje, broj tih mirovina se mo\u017ee i pove\u0107ati.<\/p>\n\n\n\n<p>&#8220;Godi\u0161nji ceh tih mirovina \u0107e 2025. godine iznositi preko <strong>10 milijardi kuna<\/strong>, ove godine braniteljske mirovine stoje 7 milijardi kuna. Plenkovi\u0107 koji se \u010desto voli pozivati na europska pravila je po ovom pitanju napravio upravo suprotno od onoga \u0161to je EU od nas tra\u017eila i pove\u0107ao je povla\u0161tene mirovine umjesto da ih smanji&#8221;, govori Mrsi\u0107 i dodaje kako je Plenkovi\u0107eva vlada reformirala mirovinski sustav tako da ve\u0107ina gra\u0111ana ima manje mirovine, dok braniteljske, ka\u017ee, i dalje rastu.<\/p>\n\n\n\n<p>Zbog kolapsa sustava, Demokrati \u0107e, ka\u017ee, u saborsku\nproceduru uputiti prijedlog izmjena Zakona o mirovinskom osiguranju. Prema\nnjima bi HZMO ispla\u0107ivao samo radni\u010dke mirovine, dok bi takozvane povla\u0161tene\ni\u0161le na teret resornog ministarstva.<\/p>\n<div id=\"mojev-563688232\" class=\"mojev-kraj-teksta mojev-entity-placement\" style=\"margin-bottom: 20px;margin-left: auto;margin-right: auto;text-align: center;\"><div class=\"mojev-adlabel\">oglas<\/div><div style=\"height: 250px;\"><script async src=\"https:\/\/pagead2.googlesyndication.com\/pagead\/js\/adsbygoogle.js?client=ca-pub-8106111766207173\"\r\n     crossorigin=\"anonymous\"><\/script>\r\n<!-- Display-1 -->\r\n<ins class=\"adsbygoogle\"\r\n     style=\"display:block\"\r\n     data-ad-client=\"ca-pub-8106111766207173\"\r\n     data-ad-slot=\"1465712950\"\r\n     data-ad-format=\"auto\"\r\n     data-full-width-responsive=\"true\"><\/ins>\r\n<script>\r\n     (adsbygoogle = window.adsbygoogle || []).push({});\r\n<\/script><\/div><\/div>","protected":false},"excerpt":{"rendered":"<p>Prema posljednjim podatcima, u Hrvatskoj je, ka\u017ee Mrsi\u0107, 113 tisu\u0107a branitelja i \u010dlanova njihovih obitelji, preko 71 tisu\u0107u ih prima mirovine od 5.616 kuna, dok 35 tisu\u0107a branitelja mirovinu prima po op\u0107im propisima.<\/p>\n","protected":false},"author":1,"featured_media":30115,"comment_status":"closed","ping_status":"closed","sticky":false,"template":"","format":"standard","meta":{"footnotes":""},"categories":[9],"tags":[627,623,18,238,934],"class_list":["post-30113","post","type-post","status-publish","format-standard","has-post-thumbnail","hentry","category-vijesti","tag-branitelji","tag-mirando-mrsic","tag-mirovine","tag-politika","tag-povlastene-mirovine"],"_links":{"self":[{"href":"https:\/\/www.mojevrijeme.hr\/magazin\/wp-json\/wp\/v2\/posts\/30113","targetHints":{"allow":["GET"]}}],"collection":[{"href":"https:\/\/www.mojevrijeme.hr\/magazin\/wp-json\/wp\/v2\/posts"}],"about":[{"href":"https:\/\/www.mojevrijeme.hr\/magazin\/wp-json\/wp\/v2\/types\/post"}],"author":[{"embeddable":true,"href":"https:\/\/www.mojevrijeme.hr\/magazin\/wp-json\/wp\/v2\/users\/1"}],"replies":[{"embeddable":true,"href":"https:\/\/www.mojevrijeme.hr\/magazin\/wp-json\/wp\/v2\/comments?post=30113"}],"version-history":[{"count":0,"href":"https:\/\/www.mojevrijeme.hr\/magazin\/wp-json\/wp\/v2\/posts\/30113\/revisions"}],"wp:featuredmedia":[{"embeddable":true,"href":"https:\/\/www.mojevrijeme.hr\/magazin\/wp-json\/wp\/v2\/media\/30115"}],"wp:attachment":[{"href":"https:\/\/www.mojevrijeme.hr\/magazin\/wp-json\/wp\/v2\/media?parent=30113"}],"wp:term":[{"taxonomy":"category","embeddable":true,"href":"https:\/\/www.mojevrijeme.hr\/magazin\/wp-json\/wp\/v2\/categories?post=30113"},{"taxonomy":"post_tag","embeddable":true,"href":"https:\/\/www.mojevrijeme.hr\/magazin\/wp-json\/wp\/v2\/tags?post=30113"}],"curies":[{"name":"wp","href":"https:\/\/api.w.org\/{rel}","templated":true}]}}