{"id":30205,"date":"2019-09-09T10:29:01","date_gmt":"2019-09-09T08:29:01","guid":{"rendered":"https:\/\/www.mojevrijeme.hr\/magazin\/?p=30205"},"modified":"2019-09-09T10:29:03","modified_gmt":"2019-09-09T08:29:03","slug":"moze-li-zagreb-2022-godine-postati-europska-zelena-prijestolnica","status":"publish","type":"post","link":"https:\/\/www.mojevrijeme.hr\/magazin\/2019\/09\/moze-li-zagreb-2022-godine-postati-europska-zelena-prijestolnica\/","title":{"rendered":"Mo\u017ee li Zagreb 2022. godine postati Europska zelena prijestolnica?"},"content":{"rendered":"\n<p>Zagreb namjerava postati Europska zelena prijestolnica i to ve\u0107 2022. godine. Za ostvarenje tog ambicioznog plana treba biti najbolji u 12 kategorija, me\u0111u kojima je i otpad, javlja <a rel=\"noreferrer noopener\" aria-label=\"Ve\u010dernji list (opens in a new tab)\" href=\"https:\/\/www.vecernji.hr\/zagreb\/zagreb-se-natjece-za-titulu-europske-zelene-prijestolnice-1342856\" target=\"_blank\"><strong>Ve\u010dernji list<\/strong><\/a>. Valja posti\u0107i zavidne rezultate i u kategorijama obnovljivih izvora energije, kori\u0161tenja javnog prijevoza, kontroliranja buke i \u00a0smanjenja gubitaka pitke vode u sustavu.<\/p>\n\n\n\n<p>Radna skupina, koja \u0107e skupiti i pripremiti sve dokumente potrebne da metropola uop\u0107e bude kandidat za Europsku zelenu prijestolnicu, osnovana je, a na njenu su \u010delu dvije \u017eene iz Gradskog ureda za strategijsko planiranje, Sanja Jerkovi\u0107 i Irena Matkovi\u0107. <\/p>\n\n\n\n<p>Osim njih dvije, jo\u0161 je 18 \u010dlanova komisije, a svi oni imat \u0107e zada\u0107u, me\u0111u ostalim, pripremiti &#8220;relevantne pokazatelje vezane za teme ubla\u017eavanja i prilagodbe klimatskim promjenama, odr\u017eive urbane mobilnosti, odr\u017eivog kori\u0161tenja zemlji\u0161ta, prirodne i biolo\u0161ke raznolikosti, kvalitete zraka, buke, otpada, vode, zelenog rasta i inovacija, energetike i upravljanja&#8221;. A to treba raditi 20 ljudi jer, objasnili su iz Grada, takav je obim posla.<\/p><div id=\"mojev-1275133897\" class=\"mojev-u-tekstu mojev-entity-placement\" style=\"margin-left: auto;margin-right: auto;text-align: center;\"><div class=\"mojev-adlabel\">oglas<\/div><div style=\"height: 250px;\"><script async src=\"https:\/\/pagead2.googlesyndication.com\/pagead\/js\/adsbygoogle.js?client=ca-pub-8106111766207173\"\r\n     crossorigin=\"anonymous\"><\/script>\r\n<!-- Prikazni 1 u tekstu -->\r\n<ins class=\"adsbygoogle\"\r\n     style=\"display:block\"\r\n     data-ad-client=\"ca-pub-8106111766207173\"\r\n     data-ad-slot=\"8535551207\"\r\n     data-ad-format=\"auto\"\r\n     data-full-width-responsive=\"true\"><\/ins>\r\n<script>\r\n     (adsbygoogle = window.adsbygoogle || []).push({});\r\n<\/script><\/div><\/div><br style=\"clear: both; display: block; float: none;\"\/>\n\n\n\n<figure class=\"wp-block-image\"><img loading=\"lazy\" decoding=\"async\" width=\"740\" height=\"494\" src=\"https:\/\/www.mojevrijeme.hr\/magazin\/wp-content\/uploads\/2017\/08\/maksimir-20-740x494.jpg\" alt=\"\" class=\"wp-image-10294\" srcset=\"https:\/\/www.mojevrijeme.hr\/magazin\/wp-content\/uploads\/2017\/08\/maksimir-20-740x494.jpg 740w, https:\/\/www.mojevrijeme.hr\/magazin\/wp-content\/uploads\/2017\/08\/maksimir-20-636x424.jpg 636w, https:\/\/www.mojevrijeme.hr\/magazin\/wp-content\/uploads\/2017\/08\/maksimir-20-768x512.jpg 768w, https:\/\/www.mojevrijeme.hr\/magazin\/wp-content\/uploads\/2017\/08\/maksimir-20.jpg 1000w\" sizes=\"auto, (max-width: 740px) 100vw, 740px\" \/><figcaption>Maksimir (foto: Sandro Bura) <\/figcaption><\/figure>\n\n\n\n<p>Nagradom Europska zelena prijestolnica prepoznaju se i nagra\u0111uju lokalni napori za pobolj\u0161anje okoli\u0161a, gospodarstva i kvalitete \u017eivota u gradovima, a cilj je nagrade i ohrabriti gradove na postavljanje novih, ambicioznijih ciljeva, kao i za predani rad na daljnjim pobolj\u0161anjima u podru\u010djima kvalitete okoli\u0161a i odr\u017eivog urbanog razvoja \u2013 obrazla\u017eu u gradskoj upravi pa dodaju kako se ona svake godine dodjeljuje gradovima s vi\u0161e od sto tisu\u0107a stanovnika koji doka\u017eu doprinos okoli\u0161noj, dru\u0161tvenoj i ekonomskoj odr\u017eivosti. A sam preduvjet prijave Zagreba jest &#8220;provedba niza aktivnosti koje zbog zna\u010daja, opsega i slo\u017eenosti poslova&#8221;. Te aktivnosti zahtijevaju uklju\u010denost ve\u0107eg broja slu\u017ebenika.<\/p>\n<div id=\"mojev-662353856\" class=\"mojev-kraj-teksta mojev-entity-placement\" style=\"margin-bottom: 20px;margin-left: auto;margin-right: auto;text-align: center;\"><div class=\"mojev-adlabel\">oglas<\/div><div style=\"height: 250px;\"><script async src=\"https:\/\/pagead2.googlesyndication.com\/pagead\/js\/adsbygoogle.js?client=ca-pub-8106111766207173\"\r\n     crossorigin=\"anonymous\"><\/script>\r\n<!-- Display-1 -->\r\n<ins class=\"adsbygoogle\"\r\n     style=\"display:block\"\r\n     data-ad-client=\"ca-pub-8106111766207173\"\r\n     data-ad-slot=\"1465712950\"\r\n     data-ad-format=\"auto\"\r\n     data-full-width-responsive=\"true\"><\/ins>\r\n<script>\r\n     (adsbygoogle = window.adsbygoogle || []).push({});\r\n<\/script><\/div><\/div>","protected":false},"excerpt":{"rendered":"<p>Zagreb namjerava postati Europska zelena prijestolnica i to ve\u0107 2022. godine. Za ostvarenje tog ambicioznog plana treba biti najbolji u 12 kategorija, me\u0111u kojima je i otpad, javlja Ve\u010dernji list. Valja posti\u0107i zavidne rezultate i u kategorijama obnovljivih izvora energije, kori\u0161tenja javnog prijevoza, kontroliranja buke i \u00a0smanjenja gubitaka pitke vode u sustavu. Radna skupina, koja [&hellip;]<\/p>\n","protected":false},"author":1,"featured_media":29972,"comment_status":"closed","ping_status":"closed","sticky":false,"template":"","format":"standard","meta":{"footnotes":""},"categories":[9],"tags":[513,605,39],"class_list":["post-30205","post","type-post","status-publish","format-standard","has-post-thumbnail","hentry","category-vijesti","tag-ekologija","tag-otpad","tag-zagreb"],"_links":{"self":[{"href":"https:\/\/www.mojevrijeme.hr\/magazin\/wp-json\/wp\/v2\/posts\/30205","targetHints":{"allow":["GET"]}}],"collection":[{"href":"https:\/\/www.mojevrijeme.hr\/magazin\/wp-json\/wp\/v2\/posts"}],"about":[{"href":"https:\/\/www.mojevrijeme.hr\/magazin\/wp-json\/wp\/v2\/types\/post"}],"author":[{"embeddable":true,"href":"https:\/\/www.mojevrijeme.hr\/magazin\/wp-json\/wp\/v2\/users\/1"}],"replies":[{"embeddable":true,"href":"https:\/\/www.mojevrijeme.hr\/magazin\/wp-json\/wp\/v2\/comments?post=30205"}],"version-history":[{"count":0,"href":"https:\/\/www.mojevrijeme.hr\/magazin\/wp-json\/wp\/v2\/posts\/30205\/revisions"}],"wp:featuredmedia":[{"embeddable":true,"href":"https:\/\/www.mojevrijeme.hr\/magazin\/wp-json\/wp\/v2\/media\/29972"}],"wp:attachment":[{"href":"https:\/\/www.mojevrijeme.hr\/magazin\/wp-json\/wp\/v2\/media?parent=30205"}],"wp:term":[{"taxonomy":"category","embeddable":true,"href":"https:\/\/www.mojevrijeme.hr\/magazin\/wp-json\/wp\/v2\/categories?post=30205"},{"taxonomy":"post_tag","embeddable":true,"href":"https:\/\/www.mojevrijeme.hr\/magazin\/wp-json\/wp\/v2\/tags?post=30205"}],"curies":[{"name":"wp","href":"https:\/\/api.w.org\/{rel}","templated":true}]}}