{"id":30227,"date":"2019-09-10T19:52:37","date_gmt":"2019-09-10T17:52:37","guid":{"rendered":"https:\/\/www.mojevrijeme.hr\/magazin\/?p=30227"},"modified":"2019-09-10T19:58:53","modified_gmt":"2019-09-10T17:58:53","slug":"vratila-se-sinead-oconnor-progovorila-je-o-islamu-i-starenju","status":"publish","type":"post","link":"https:\/\/www.mojevrijeme.hr\/magazin\/2019\/09\/vratila-se-sinead-oconnor-progovorila-je-o-islamu-i-starenju\/","title":{"rendered":"Vratila se Sinead O&#8217;Connor, progovorila je o starenju i prelasku na islam"},"content":{"rendered":"\n<p>Nakon petogodi\u0161nje pauze, turnejama se vratila proslavljena irska pjeva\u010dica nekad znana kao <strong>Shinead O&#8217;Connor<\/strong>, a danas Shuhada Sadaquat. Pod crvenim hid\u017eabom, otpjevala je svoj najve\u0107i hit <em>Nothing compares to U<\/em> u emisiji <em>The Late Late Show<\/em>. Pjesma je to koju je originalno izvodio Prince, no upravo je s njom Sinead obilje\u017eila po\u010detak devedesetih. <\/p>\n\n\n\n<p>Svoje pro\u0161logodi\u0161nje <a href=\"https:\/\/www.mojevrijeme.hr\/magazin\/2018\/10\/zvijezda-ranih-devedesetih-sinead-je-prigrlila-islam-i-postala-suada\/\" target=\"_blank\" rel=\"noreferrer noopener\" aria-label=\"obra\u0107enje na islam (opens in a new tab)\">obra\u0107enje na islam<\/a> objasnila je rije\u010dima kako je, prou\u010davaju\u0107i svete spise, shvatila da je cijeli \u017eivot muslimanka. &#8220;Imam 52 godine. Odrasla sam u nekoj drugoj Irskoj koja je bila religijski neslobodna. I svi su bili jadni, nitko nije pronalazio radost u bogu&#8221;, ispri\u010dala je pjeva\u010dica voditelju <strong>Ryanu Tubridyju<\/strong>.<\/p>\n\n\n\n<p>Jo\u0161 od djetinjstva je, obja\u0161njava, prou\u010davala razne svete spise tra\u017ee\u0107i boga, a islam je ostavila za kraj. Ka\u017ee, imala je predrasuda prema toj religiji. &#8220;Tada sam shvatila da sam doma. Muslimanka sam cijeli \u017eivot, a nisam znala do tog trenutka.&#8221;<\/p><div id=\"mojev-2595069334\" class=\"mojev-u-tekstu mojev-entity-placement\" style=\"margin-left: auto;margin-right: auto;text-align: center;\"><div class=\"mojev-adlabel\">oglas<\/div><div style=\"height: 250px;\"><script async src=\"https:\/\/pagead2.googlesyndication.com\/pagead\/js\/adsbygoogle.js?client=ca-pub-8106111766207173\"\r\n     crossorigin=\"anonymous\"><\/script>\r\n<!-- Prikazni 1 u tekstu -->\r\n<ins class=\"adsbygoogle\"\r\n     style=\"display:block\"\r\n     data-ad-client=\"ca-pub-8106111766207173\"\r\n     data-ad-slot=\"8535551207\"\r\n     data-ad-format=\"auto\"\r\n     data-full-width-responsive=\"true\"><\/ins>\r\n<script>\r\n     (adsbygoogle = window.adsbygoogle || []).push({});\r\n<\/script><\/div><\/div><br style=\"clear: both; display: block; float: none;\"\/>\n\n\n\n<p>U emisiji je progovorila i o starenju. Ka\u017ee, iako ima 52 godine, osje\u0107a se kao da je 17-ogodi\u0161njakinja. &#8220;\u0160to mi je tijelo starije, ja se osje\u0107am mla\u0111e. To je moje iskustvo starenja.&#8221; <\/p>\n\n\n\n<p>\u0160to se nekog velikog povratka na veliku scenu ti\u010de, pjeva\u010dica ka\u017ee da nije bila sigurna da jo\u0161 uvijek ima publiku: &#8220;Ali da, ovo je neki mali povratak. Mislila sam da vi\u0161e nikoga ne zanimam. Mislila sam da nitko ne\u0107e kupiti karte za nastupe ili me anga\u017eirati.&#8221;<\/p>\n\n\n\n<figure class=\"wp-block-embed-youtube wp-block-embed is-type-video is-provider-youtube wp-embed-aspect-16-9 wp-has-aspect-ratio\"><div class=\"wp-block-embed__wrapper\">\n<iframe loading=\"lazy\" title=\"Sinead O&#039;Connor | Nothing Compares 2 U | The Late Late Show | RT\u00c9 One\" width=\"740\" height=\"416\" src=\"https:\/\/www.youtube.com\/embed\/5KuGUP-C9Ko?feature=oembed\" frameborder=\"0\" allow=\"accelerometer; autoplay; encrypted-media; gyroscope; picture-in-picture\" allowfullscreen><\/iframe>\n<\/div><\/figure>\n\n\n\n<p>Kao aktivistica Sinead se zalagala za \u017eenska prava,\nsudjelovala je u kampanjama protiv rata i zlostavljanja djece, pjevala je na\nbrojnim humanitarnim koncertima. Javnim nastupima je poku\u0161avala i destigmatizirati\nmentalne bolesti. Udavala se \u010detiri puta i ima \u010detvero djece. U 2015. godini\npostala je baka.<\/p>\n<div id=\"mojev-2364222810\" class=\"mojev-kraj-teksta mojev-entity-placement\" style=\"margin-bottom: 20px;margin-left: auto;margin-right: auto;text-align: center;\"><div class=\"mojev-adlabel\">oglas<\/div><div style=\"height: 250px;\"><script async src=\"https:\/\/pagead2.googlesyndication.com\/pagead\/js\/adsbygoogle.js?client=ca-pub-8106111766207173\"\r\n     crossorigin=\"anonymous\"><\/script>\r\n<!-- Display-1 -->\r\n<ins class=\"adsbygoogle\"\r\n     style=\"display:block\"\r\n     data-ad-client=\"ca-pub-8106111766207173\"\r\n     data-ad-slot=\"1465712950\"\r\n     data-ad-format=\"auto\"\r\n     data-full-width-responsive=\"true\"><\/ins>\r\n<script>\r\n     (adsbygoogle = window.adsbygoogle || []).push({});\r\n<\/script><\/div><\/div>","protected":false},"excerpt":{"rendered":"<p>Jo\u0161 od djetinjstva je, obja\u0161njava, prou\u010davala razne svete spise tra\u017ee\u0107i boga, a islam je ostavila za kraj. Ka\u017ee, imala je predrasuda prema toj religiji. <\/p>\n","protected":false},"author":1,"featured_media":30231,"comment_status":"closed","ping_status":"closed","sticky":false,"template":"","format":"standard","meta":{"footnotes":""},"categories":[84,9],"tags":[1866,270,303,1419],"class_list":["post-30227","post","type-post","status-publish","format-standard","has-post-thumbnail","hentry","category-show","category-vijesti","tag-islam","tag-pjevaci","tag-religija","tag-sinead-o-connor"],"_links":{"self":[{"href":"https:\/\/www.mojevrijeme.hr\/magazin\/wp-json\/wp\/v2\/posts\/30227","targetHints":{"allow":["GET"]}}],"collection":[{"href":"https:\/\/www.mojevrijeme.hr\/magazin\/wp-json\/wp\/v2\/posts"}],"about":[{"href":"https:\/\/www.mojevrijeme.hr\/magazin\/wp-json\/wp\/v2\/types\/post"}],"author":[{"embeddable":true,"href":"https:\/\/www.mojevrijeme.hr\/magazin\/wp-json\/wp\/v2\/users\/1"}],"replies":[{"embeddable":true,"href":"https:\/\/www.mojevrijeme.hr\/magazin\/wp-json\/wp\/v2\/comments?post=30227"}],"version-history":[{"count":0,"href":"https:\/\/www.mojevrijeme.hr\/magazin\/wp-json\/wp\/v2\/posts\/30227\/revisions"}],"wp:featuredmedia":[{"embeddable":true,"href":"https:\/\/www.mojevrijeme.hr\/magazin\/wp-json\/wp\/v2\/media\/30231"}],"wp:attachment":[{"href":"https:\/\/www.mojevrijeme.hr\/magazin\/wp-json\/wp\/v2\/media?parent=30227"}],"wp:term":[{"taxonomy":"category","embeddable":true,"href":"https:\/\/www.mojevrijeme.hr\/magazin\/wp-json\/wp\/v2\/categories?post=30227"},{"taxonomy":"post_tag","embeddable":true,"href":"https:\/\/www.mojevrijeme.hr\/magazin\/wp-json\/wp\/v2\/tags?post=30227"}],"curies":[{"name":"wp","href":"https:\/\/api.w.org\/{rel}","templated":true}]}}