{"id":30724,"date":"2019-09-25T13:24:10","date_gmt":"2019-09-25T11:24:10","guid":{"rendered":"https:\/\/www.mojevrijeme.hr\/magazin\/?p=30724"},"modified":"2019-09-25T15:06:06","modified_gmt":"2019-09-25T13:06:06","slug":"predsjednica-medu-iseljenicima-kritizirala-komunizam-pa-odlucila-dokazati-da-zna-pjevati","status":"publish","type":"post","link":"https:\/\/www.mojevrijeme.hr\/magazin\/2019\/09\/predsjednica-medu-iseljenicima-kritizirala-komunizam-pa-odlucila-dokazati-da-zna-pjevati\/","title":{"rendered":"Kolinda iseljenicima kritizirala komunizam pa odlu\u010dila dokazati da zna pjevati"},"content":{"rendered":"\n<p>Predsjednica <strong>Kolinda Grabar-Kitarovi\u0107<\/strong> u&nbsp;New Yorku se susrela s hrvatskim iseljenicima. U svom obra\u0107anju, ponovila je ono \u0161to uvijek ka\u017ee: Vi ste dio Hrvatske, Hrvatska vas treba, javlja <a rel=\"noreferrer noopener\" aria-label=\"HTV (opens in a new tab)\" href=\"https:\/\/vijesti.hrt.hr\/544959\/predsjednica-zapjevala-s-hrvatima-u-new-yorku\" target=\"_blank\"><strong>HTV<\/strong><\/a>.<\/p>\n\n\n\n<p>&#8220;Ne tra\u017eimo novce, ne tra\u017eimo financije. Tra\u017eimo srce, tra\u017eimo du\u0161u, domoljublje, znanje, iskustvo i novu radnu etiku. Tra\u017eimo drugi na\u010din razmi\u0161ljanja od onog koji je postojao u komunizmu i socijalizmu&#8221;, poru\u010dila je predsjednica. <\/p>\n\n\n\n<p>Na susretu s iseljenicima s predsjednicom je bio i \u0161ef diplomacije&nbsp;<strong>Gordan Grli\u0107 Radman<\/strong>. Oboje su i zapjevali&nbsp;pjesmu &#8216;Croatio iz du\u0161e te ljubim&#8217;. Okupljenima se po\u017ealila da mediji pi\u0161u kako ne zna pjevati. A ona, ka\u017ee, ba\u0161 zna pjevati. Najnoviji nastup Kolinde Grabar-Kitarovi\u0107 pogledajte u prilo\u017eenom video. Ranije hitove <strong><a rel=\"noreferrer noopener\" aria-label=\"potra\u017eite ovdje (opens in a new tab)\" href=\"https:\/\/www.mojevrijeme.hr\/magazin\/2018\/12\/moje-pjesme-moji-snovi-svi-kolindini-hitovi-na-jednom-mjestu\/\" target=\"_blank\">potra\u017eite ovdje<\/a><\/strong>. <\/p><div id=\"mojev-1668112678\" class=\"mojev-u-tekstu mojev-entity-placement\" style=\"margin-left: auto;margin-right: auto;text-align: center;\"><div class=\"mojev-adlabel\">oglas<\/div><div style=\"height: 250px;\"><script async src=\"https:\/\/pagead2.googlesyndication.com\/pagead\/js\/adsbygoogle.js?client=ca-pub-8106111766207173\"\r\n     crossorigin=\"anonymous\"><\/script>\r\n<!-- Prikazni 1 u tekstu -->\r\n<ins class=\"adsbygoogle\"\r\n     style=\"display:block\"\r\n     data-ad-client=\"ca-pub-8106111766207173\"\r\n     data-ad-slot=\"8535551207\"\r\n     data-ad-format=\"auto\"\r\n     data-full-width-responsive=\"true\"><\/ins>\r\n<script>\r\n     (adsbygoogle = window.adsbygoogle || []).push({});\r\n<\/script><\/div><\/div><br style=\"clear: both; display: block; float: none;\"\/>\n\n\n\n<blockquote class=\"twitter-tweet\" data-lang=\"en\"><p lang=\"und\" dir=\"ltr\">PREDSJEDNICA ZAPJEVALA S HRVATIMA U NEW YORKU<br>Predsjednica Kolinda Grabar-Kitarovi\u0107 u New Yorku se susrela s hrvatskim iseljenicima. S njom je bio i \u0161ef diplomacije Gordan Grli\u0107 Radman. Oboje su zapjevali. Vi\u0161e: <a href=\"https:\/\/t.co\/oFg8CJDmy2\">https:\/\/t.co\/oFg8CJDmy2<\/a> <a href=\"https:\/\/t.co\/PGPhuqADmD\">pic.twitter.com\/PGPhuqADmD<\/a><\/p>\u2014 HRT vijesti (@hrtvijesti) <a href=\"https:\/\/twitter.com\/hrtvijesti\/status\/1176806032464646144?ref_src=twsrc%5Etfw\">September 25, 2019<\/a><\/blockquote>\n<script async=\"\" src=\"https:\/\/platform.twitter.com\/widgets.js\" charset=\"utf-8\"><\/script>\n<div id=\"mojev-4210164358\" class=\"mojev-kraj-teksta mojev-entity-placement\" style=\"margin-bottom: 20px;margin-left: auto;margin-right: auto;text-align: center;\"><div class=\"mojev-adlabel\">oglas<\/div><div style=\"height: 250px;\"><script async src=\"https:\/\/pagead2.googlesyndication.com\/pagead\/js\/adsbygoogle.js?client=ca-pub-8106111766207173\"\r\n     crossorigin=\"anonymous\"><\/script>\r\n<!-- Display-1 -->\r\n<ins class=\"adsbygoogle\"\r\n     style=\"display:block\"\r\n     data-ad-client=\"ca-pub-8106111766207173\"\r\n     data-ad-slot=\"1465712950\"\r\n     data-ad-format=\"auto\"\r\n     data-full-width-responsive=\"true\"><\/ins>\r\n<script>\r\n     (adsbygoogle = window.adsbygoogle || []).push({});\r\n<\/script><\/div><\/div>","protected":false},"excerpt":{"rendered":"<p>Na susretu s iseljenicima s predsjednicom je bio i \u0161ef diplomacije Gordan Grli\u0107 Radman. Oboje su i zapjevali pjesmu &#8216;Croatio iz du\u0161e te ljubim&#8217;.    <\/p>\n","protected":false},"author":1,"featured_media":30734,"comment_status":"closed","ping_status":"closed","sticky":false,"template":"","format":"standard","meta":{"footnotes":""},"categories":[84,9],"tags":[359,714,1442],"class_list":["post-30724","post","type-post","status-publish","format-standard","has-post-thumbnail","hentry","category-show","category-vijesti","tag-kolinda","tag-komunizam","tag-pjevanje"],"_links":{"self":[{"href":"https:\/\/www.mojevrijeme.hr\/magazin\/wp-json\/wp\/v2\/posts\/30724","targetHints":{"allow":["GET"]}}],"collection":[{"href":"https:\/\/www.mojevrijeme.hr\/magazin\/wp-json\/wp\/v2\/posts"}],"about":[{"href":"https:\/\/www.mojevrijeme.hr\/magazin\/wp-json\/wp\/v2\/types\/post"}],"author":[{"embeddable":true,"href":"https:\/\/www.mojevrijeme.hr\/magazin\/wp-json\/wp\/v2\/users\/1"}],"replies":[{"embeddable":true,"href":"https:\/\/www.mojevrijeme.hr\/magazin\/wp-json\/wp\/v2\/comments?post=30724"}],"version-history":[{"count":0,"href":"https:\/\/www.mojevrijeme.hr\/magazin\/wp-json\/wp\/v2\/posts\/30724\/revisions"}],"wp:featuredmedia":[{"embeddable":true,"href":"https:\/\/www.mojevrijeme.hr\/magazin\/wp-json\/wp\/v2\/media\/30734"}],"wp:attachment":[{"href":"https:\/\/www.mojevrijeme.hr\/magazin\/wp-json\/wp\/v2\/media?parent=30724"}],"wp:term":[{"taxonomy":"category","embeddable":true,"href":"https:\/\/www.mojevrijeme.hr\/magazin\/wp-json\/wp\/v2\/categories?post=30724"},{"taxonomy":"post_tag","embeddable":true,"href":"https:\/\/www.mojevrijeme.hr\/magazin\/wp-json\/wp\/v2\/tags?post=30724"}],"curies":[{"name":"wp","href":"https:\/\/api.w.org\/{rel}","templated":true}]}}