{"id":30814,"date":"2019-09-28T09:31:01","date_gmt":"2019-09-28T07:31:01","guid":{"rendered":"https:\/\/www.mojevrijeme.hr\/magazin\/?p=30814"},"modified":"2019-09-28T09:31:03","modified_gmt":"2019-09-28T07:31:03","slug":"aladrovic-o-povlastenim-mirovinama-nuzno-je-postivati-stecena-prava","status":"publish","type":"post","link":"https:\/\/www.mojevrijeme.hr\/magazin\/2019\/09\/aladrovic-o-povlastenim-mirovinama-nuzno-je-postivati-stecena-prava\/","title":{"rendered":"Aladrovi\u0107 o povla\u0161tenim mirovinama: Nu\u017eno je po\u0161tivati ste\u010dena prava"},"content":{"rendered":"\n<p>U op\u0161irnom razgovoru za <a rel=\"noreferrer noopener\" aria-label=\"Ve\u010dernji list (opens in a new tab)\" href=\"https:\/\/www.vecernji.hr\/premium\/tko-bude-radio-do-68-godina-mirovina-ce-mu-biti-20-veca-1348558\" target=\"_blank\">Ve\u010dernji list<\/a>, ministar rada i mirovinskog sustava <strong>Josip Aladrovi\u0107<\/strong> komentirao je i mogu\u0107nost revizije mirovina po posebnim propisima. Naime, Ve\u010dernji podsje\u0107a &#8220;da se jednom dano pravo u mirovinskom sustavu ne povla\u010di&#8221;.<\/p>\n\n\n\n<p>\u00a0&#8220;Polaze\u0107i od kompleksnosti tog pitanja, u predstoje\u0107em razdoblju planira se izrada cjelovite analize mirovina ste\u010denih pod posebnim uvjetima i propisa koji ure\u0111uju to podru\u010dje. Va\u017eno je naglasiti da se te mirovine u cijelosti financiraju iz dr\u017eavnog prora\u010duna, a posebnim pravilnikom osigurana je transparentnost visine sredstava koja se izdvajaju iz prora\u010duna&#8221;, ka\u017ee ministar. <\/p>\n\n\n\n<p>&#8220;\u010cesto se zaboravlja da su mirovine po posebnim propisima u mirovinskom sustavu ve\u0107im dijelom pokrivene razdobljima uplate doprinosa, odnosno u ve\u0107ini slu\u010dajeva posebne kategorije umirovljenika imaju navr\u0161ena radna razdoblja sta\u017ea osiguranja (primjerice, redoviti \u010dlanovi HAZU mirovinskim sta\u017eem ve\u0107im od 41 godine, a djelatne vojne osobe s vi\u0161e od 30 godina)&#8221;, objasnio je Aladrovi\u0107. Dodaje, pogre\u0161na je teza da mirovine po posebnim propisima ugro\u017eavaju odr\u017eivost mirovinskog sustava jer izdaci za te mirovine \u010dine 5,9 milijardi kuna od 41 milijarde, koliko iznose ukupni izdaci za mirovinski sustav. <\/p><div id=\"mojev-3627179012\" class=\"mojev-u-tekstu mojev-entity-placement\" style=\"margin-left: auto;margin-right: auto;text-align: center;\"><div class=\"mojev-adlabel\">oglas<\/div><div style=\"height: 250px;\"><script async src=\"https:\/\/pagead2.googlesyndication.com\/pagead\/js\/adsbygoogle.js?client=ca-pub-8106111766207173\"\r\n     crossorigin=\"anonymous\"><\/script>\r\n<!-- Prikazni 1 u tekstu -->\r\n<ins class=\"adsbygoogle\"\r\n     style=\"display:block\"\r\n     data-ad-client=\"ca-pub-8106111766207173\"\r\n     data-ad-slot=\"8535551207\"\r\n     data-ad-format=\"auto\"\r\n     data-full-width-responsive=\"true\"><\/ins>\r\n<script>\r\n     (adsbygoogle = window.adsbygoogle || []).push({});\r\n<\/script><\/div><\/div><br style=\"clear: both; display: block; float: none;\"\/>\n\n\n\n<p>Uz to ministar navodi i da se \u010desto zaboravlja na\u010delo za\u0161tite ste\u010denog prava. &#8220;Unato\u010d \u010dinjenici da je nu\u017eno provoditi djelotvorni nadzor sustava provedbe, postoji i nu\u017enost po\u0161tovanja onih prava koja su stranke stekle. To je izraz na\u010dela pravne sigurnosti, kao sastavnog dijela \u0161ireg na\u010dela vladavine prava te se u tom kontekstu postavlja i upitnost modela revizije svih mirovina po posebnim propisima.&#8221;<\/p>\n<div id=\"mojev-1625242297\" class=\"mojev-kraj-teksta mojev-entity-placement\" style=\"margin-bottom: 20px;margin-left: auto;margin-right: auto;text-align: center;\"><div class=\"mojev-adlabel\">oglas<\/div><div style=\"height: 250px;\"><script async src=\"https:\/\/pagead2.googlesyndication.com\/pagead\/js\/adsbygoogle.js?client=ca-pub-8106111766207173\"\r\n     crossorigin=\"anonymous\"><\/script>\r\n<!-- Display-1 -->\r\n<ins class=\"adsbygoogle\"\r\n     style=\"display:block\"\r\n     data-ad-client=\"ca-pub-8106111766207173\"\r\n     data-ad-slot=\"1465712950\"\r\n     data-ad-format=\"auto\"\r\n     data-full-width-responsive=\"true\"><\/ins>\r\n<script>\r\n     (adsbygoogle = window.adsbygoogle || []).push({});\r\n<\/script><\/div><\/div>","protected":false},"excerpt":{"rendered":"<p>\u010cesto se zaboravlja da su mirovine po posebnim propisima u mirovinskom sustavu ve\u0107im dijelom pokrivene razdobljima uplate doprinosa, odnosno u ve\u0107ini slu\u010dajeva posebne kategorije umirovljenika imaju navr\u0161ena radna razdoblja sta\u017ea osiguranja, ka\u017ee ministar.<\/p>\n","protected":false},"author":1,"featured_media":30533,"comment_status":"closed","ping_status":"closed","sticky":false,"template":"","format":"standard","meta":{"footnotes":""},"categories":[9],"tags":[934,1697],"class_list":["post-30814","post","type-post","status-publish","format-standard","has-post-thumbnail","hentry","category-vijesti","tag-povlastene-mirovine","tag-revizija-mirovina"],"_links":{"self":[{"href":"https:\/\/www.mojevrijeme.hr\/magazin\/wp-json\/wp\/v2\/posts\/30814","targetHints":{"allow":["GET"]}}],"collection":[{"href":"https:\/\/www.mojevrijeme.hr\/magazin\/wp-json\/wp\/v2\/posts"}],"about":[{"href":"https:\/\/www.mojevrijeme.hr\/magazin\/wp-json\/wp\/v2\/types\/post"}],"author":[{"embeddable":true,"href":"https:\/\/www.mojevrijeme.hr\/magazin\/wp-json\/wp\/v2\/users\/1"}],"replies":[{"embeddable":true,"href":"https:\/\/www.mojevrijeme.hr\/magazin\/wp-json\/wp\/v2\/comments?post=30814"}],"version-history":[{"count":0,"href":"https:\/\/www.mojevrijeme.hr\/magazin\/wp-json\/wp\/v2\/posts\/30814\/revisions"}],"wp:featuredmedia":[{"embeddable":true,"href":"https:\/\/www.mojevrijeme.hr\/magazin\/wp-json\/wp\/v2\/media\/30533"}],"wp:attachment":[{"href":"https:\/\/www.mojevrijeme.hr\/magazin\/wp-json\/wp\/v2\/media?parent=30814"}],"wp:term":[{"taxonomy":"category","embeddable":true,"href":"https:\/\/www.mojevrijeme.hr\/magazin\/wp-json\/wp\/v2\/categories?post=30814"},{"taxonomy":"post_tag","embeddable":true,"href":"https:\/\/www.mojevrijeme.hr\/magazin\/wp-json\/wp\/v2\/tags?post=30814"}],"curies":[{"name":"wp","href":"https:\/\/api.w.org\/{rel}","templated":true}]}}