{"id":30967,"date":"2019-10-04T10:57:30","date_gmt":"2019-10-04T08:57:30","guid":{"rendered":"https:\/\/www.mojevrijeme.hr\/magazin\/?p=30967"},"modified":"2020-04-19T18:31:21","modified_gmt":"2020-04-19T16:31:21","slug":"moze-li-se-uopce-putovati-uz-tako-male-mirovine","status":"publish","type":"post","link":"https:\/\/www.mojevrijeme.hr\/magazin\/2019\/10\/moze-li-se-uopce-putovati-uz-tako-male-mirovine\/","title":{"rendered":"Mo\u017ee li se uop\u0107e putovati uz tako male mirovine?"},"content":{"rendered":"\n<p>Subota, rano jutro. Na autobusnom kolodvoru je \u017eivo iako nije jo\u0161 ni \u0161est sati. Turisti\u010dki vodi\u010di pred autobusima \u010dekaju svoje putnike i pa\u017eljivo ih evidentiraju prilikom ulaska u autobus. Dva autobusa kre\u0107u za Graz, jedan za Trst, a jedan u Sloveniju na Bled i Bohinj. Zanimljivo, me\u0111u putnicima je dosta umirovljenika.<\/p>\n\n\n\n<p>&#8220;Ne putujemo \u010desto i ne putujemo daleko. To nam je zapravo jedini gu\u0161t pa nekako skucamo tih 150-200 kuna za jedno kratko putovanje svakih mjesec-dva&#8221;, govori nam gospo\u0111a koja putuje u Graz na <em>shopping<\/em> izlet u dru\u0161tvu prijateljice. Pitamo je \u0161to kupuje u Grazu sad kad je zapravo sve dostupno i u Zagrebu.<\/p>\n\n\n\n<p>&#8220;Oh, pa ne idemo mi zbog shoppinga, iako se ovo zove <em>shopping<\/em> izlet. Idemo zbog Graza. Pro\u0161etamo se, popijemo kavu, malo razgledavamo. Mo\u017eda kupimo koji sitnicu za par eura, ali to je to. Ni\u0161ta ne kupujemo jer ni\u0161ta ne trebamo, ali i zato jer nemamo novaca. Ovo je putovanje za du\u0161u, a ne za kupovinu&#8221;, odgovaraju nam gospo\u0111e dok ulaze u autobus i zauzimaju svoja mjesta.<\/p><div id=\"mojev-2487003979\" class=\"mojev-u-tekstu mojev-entity-placement\" style=\"margin-left: auto;margin-right: auto;text-align: center;\"><div class=\"mojev-adlabel\">oglas<\/div><div style=\"height: 250px;\"><script async src=\"https:\/\/pagead2.googlesyndication.com\/pagead\/js\/adsbygoogle.js?client=ca-pub-8106111766207173\"\r\n     crossorigin=\"anonymous\"><\/script>\r\n<!-- Prikazni 1 u tekstu -->\r\n<ins class=\"adsbygoogle\"\r\n     style=\"display:block\"\r\n     data-ad-client=\"ca-pub-8106111766207173\"\r\n     data-ad-slot=\"8535551207\"\r\n     data-ad-format=\"auto\"\r\n     data-full-width-responsive=\"true\"><\/ins>\r\n<script>\r\n     (adsbygoogle = window.adsbygoogle || []).push({});\r\n<\/script><\/div><\/div><br style=\"clear: both; display: block; float: none;\"\/>\n\n\n\n<p>Rana jesen je gotovo idealna za putovanja. Jo\u0161 uvijek je lijepo vrijeme, a nije vi\u0161e vru\u0107e. No koliko si to prosje\u010dnih umirovljenika mo\u017ee priu\u0161titi? Koliko umirovljenici putuju i koje su im omiljene (i dostupne) destinacije, pitali smo <strong>Mirelu Pepelko<\/strong> iz turisti\u010dke agencije Autoturist.<\/p>\n\n\n\n<p>&#8220;Zapravo ima dosta umirovljenika koji si mogu priu\u0161titi putovanja ili bar kra\u0107e izlete. Mislim da to prvenstveno ovisi o afinitetima same osobe, ali naravno i o financijama. Najvi\u0161e imamo umirovljenika na jednodnevnim <em>shopping<\/em> putovanjima koja su jedna od najjeftinijih u na\u0161oj ponudi. Umirovljenici \u010dine otprilike 50% na\u0161ih sveukupnih putnika.&#8221;<\/p>\n\n\n\n<p><strong>Koje su umirovljenicima omiljene destinacije. Nude li agencije neke posebne aran\u017emane ba\u0161 za tu skupinu ljudi?<\/strong><\/p>\n\n\n\n<p>&#8220;Najvi\u0161e umirovljenika imamo na tim <em>shopping<\/em> putovanjima u Graz ili Trst. Ta su putovanja i najjeftinija u na\u0161oj ponudi, a pru\u017eaju mogu\u0107nost posjeta sredi\u0161tima gradova, dakle kupovina nije obavezna, a putovanje po kilometra\u017ei nije predugo. Nemamo posebne aran\u017emane za umirovljenike, povremeno i na upit radimo ponude za umirovljeni\u010dke udruge, ali su cijene gotovo iste kao i za na\u0161 otvoreni <em>booking<\/em> jer niti drugi davatelji usluga, osim muzeja, nemaju posebne cjenike za umirovljenike. Cijena autobusa je ista neovisno putuju li u njemu \u0161kolarci, umirovljenici ili odrasle osobe. \u0160to se pla\u0107anja ti\u010de, pru\u017eamo mogu\u0107nost pla\u0107anja na rate, ali ta je pogodnost namijenjena svim putnicima, ne samo umirovljenicima.&#8221;<\/p>\n\n\n\n<p><strong>Imaju li putnici-umirovljenici nekih posebnih zahtjeva? \u0160to im je, pored cijene, najva\u017enije na putovanjima?<\/strong><\/p>\n\n\n\n<p>&#8220;Oh, da! Imaju dosta zahtjeva, a najvi\u0161e za poziciju sjedala u autobusu \u2013 ne iza voza\u010da, ne pored prozora, obavezno uz prolaz zbog bolesnih koljena pa da ih mogu ispru\u017eiti, nikako ne sjedalo u drugom dijelu autobusa i tako. Sjedala od broja 20 pa nadalje su im prava tragedija, to je po njima ve\u0107 kraj autobusa, iako autobus ima 50 putni\u010dkih sjedala. Onda, ako putuju sami, \u017eele sami i sjediti. Na putovanjima im je vrlo va\u017eno da je voza\u010d (ako se radi o <em>shopping<\/em> turi na koju ne ide pratitelj) ljubazan i uslu\u017ean i da im je na raspolaganju cijelo vrijeme, a ukoliko na putovanju ili izletu postoji i pratitelj, onda isto tra\u017ee i od njega.&#8221;<\/p>\n\n\n\n<p><strong>Pretpostavljamo da su najzahtjevniji izleti ipak maturalci te da s umirovljenicima nema toliko neo\u010dekivanih i problemati\u010dnih doga\u0111aja. No ipak, je li vam u sje\u0107anju ostala neka anegdota vezana uz putovanja umirovljenika?<\/strong><\/p>\n\n\n\n<p>&#8220;Takvih pri\u010da ima jako puno, no izdvojila bih jednog starijeg putnika kojemu je dugo godina bila \u017eelja otputovati na izlet u Pe\u010duh i Siget. Jo\u0161 davnih dana uzeo je u agenciji isprintani program izleta i \u010dekao pravu priliku da otputuje. I ove godine u prolje\u0107e, napokon se poklopilo da on mo\u017ee putovati i da je polazak siguran. Odlu\u010dio je putovati sa suprugom i jo\u0161 dvoje prijatelja, isto bra\u010dnim parom. <\/p>\n\n\n\n<p>Pri uplati izleta dobio je ra\u010dun s datumom izleta i mjestom i vremenom polaska, kao i program samog izleta. Kada je grupa ve\u0107 bila u Pe\u010duhu i kada su imali slobodno vrijeme, vodi\u010dka mi javlja da dvoje putnika nije otputovalo, da ih je zvala ujutro na polasku u 5:30 sati, ali su oni bili jo\u0161 doma jer na njihovom programu pi\u0161e da je polazak u 6:30 sati! <\/p>\n\n\n\n<p>Na kraju cijele pri\u010de se ispostavilo da je gospodin imao program izleta za Pe\u010duh i Siget, ali onaj stari koji je prvi put uzeo jo\u0161 2009. godine! A onaj ispravni i va\u017ee\u0107i je dao svom prijatelju koji je isto i\u0161ao na izlet. Me\u0111utim, niti taj prijatelj nije na kraju do\u0161ao do Ma\u0111arske jer je na izlet ponio onu staru veliku plastificiranu osobnu iskaznicu s kojom se granica ne mo\u017ee prije\u0107i. Tako je na kraju od njih \u010detvero, samo jedna osoba bila uistinu na izletu.&#8221;<\/p>\n\n\n\n<div id=\"sivo\"><\/p>\n\n\n\n<p>S obzirom da je jesen, kako smo rekli, idealna za putovanja, prikupili smo nekoliko zanimljivoh destinacija i doga\u0111aja dostupnih i onima pli\u0107eg d\u017eepa. Svake jeseni turisti\u010dke agencije nude izlete na gljivarijade, bu\u0107ijade i marunade koje su, tradicionalno, jako zanimljive upravo umirovljenicima.<\/p>\n\n\n\n<p>Gljivarijade, odnosno organiziranja branja gljiva uz stru\u010dnu pratnju u ponudi su mnogih agencija, no ljudi se \u010desto organiziraju i sami pri \u010demu je uz prijevoz osigurano i stru\u010dno vodstvo te determinacija gljiva nakon samog branja.<\/p>\n\n\n\n<p>Ve\u0107 sutra, 5. listopada gljivarijadu organizira gljivarsko dru\u0161tvo Karlovac; 12.listopada Gljivarsko dru\u0161tvo Ivanec organizira gljivarijada u Ivancu; taj isti vikend 12. i 13. listopada Udruga gljivara Sun\u010danica iz Sinja organizira gljivarsko putovanje u okolicu Sinja i Suha\u010da; 27. i 28. listopada odr\u017eavaju se Dani gljiva u Brtonigli u organizaciji Gljivarskog dru\u0161tva Boletus. Osim branja gljiva i determinacije, bit \u0107e organizirano i ku\u0161anje jela od gljiva.<\/p>\n\n\n\n<p>Ukoliko su vam bundeve dra\u017ee od gljiva, onda ovaj vikend budite u Ivani\u0107 Gradu. Naime, tradicionalna Bu\u010dijada ove \u0107e godine proslaviti svoje 15. izdanje. Temelj priredbe \u010dini veliki izlo\u017ebeno-prodajni sajam bundeva s jelima od toga ukusnog ploda i brojnim eko-etno proizvodima, poput bu\u010dina ulja. Kako bi se brojni posjetitelji dodatno zabavili, bit \u0107e organizirane edukativne radionice, predstave i izlo\u017ebe, prijevoz &#8216;bu\u010da-ko\u010dijom&#8217; i \u0161to\u0161ta drugo, a svi \u0107e mo\u0107i probati i bogatu gastronomsku ponudu uz pratnju glazbenih sastava. Najve\u0107i dio programa odr\u017eat \u0107e se na gradskoj tr\u017enici Maznica, u Moslava\u010dkoj ulici, Ulici kralja Tomislava i na Trgu Vladimira Nazora u sredi\u0161tu Ivani\u0107 Grada, dok \u0107e se na izleti\u0161tu Petek urediti dje\u010dji Bu\u010dkograd.<\/p>\n\n\n\n<p>Za ljubitelje kestena ili maruna tu je 46. tradicionalna marunada Lovran koja se odr\u017eava idu\u0107i vikend od 11. do 13. listopada. To je ujedno izlet za koji vlada prili\u010dan interes u turisti\u010dkim agencijama. Osim prikupljanja kestena po okolnim \u0161umama, u Lovranu se organiziraju ku\u0161anja raznih napitaka i jela sa i od maruna te posebni zabavni programi i radionice za djecu i odrasle.  <\/div>\n\n\n\n<h6><em>Ovaj prilog nastao je uz potporu Fonda za poticanje pluralizma i raznovrsnosti elektroni\u010dkih medija u okviru projekta \u201cNema predaje\u201d<\/em><\/h6>\n<div id=\"mojev-4278700592\" class=\"mojev-kraj-teksta mojev-entity-placement\" style=\"margin-bottom: 20px;margin-left: auto;margin-right: auto;text-align: center;\"><div class=\"mojev-adlabel\">oglas<\/div><div style=\"height: 250px;\"><script async src=\"https:\/\/pagead2.googlesyndication.com\/pagead\/js\/adsbygoogle.js?client=ca-pub-8106111766207173\"\r\n     crossorigin=\"anonymous\"><\/script>\r\n<!-- Display-1 -->\r\n<ins class=\"adsbygoogle\"\r\n     style=\"display:block\"\r\n     data-ad-client=\"ca-pub-8106111766207173\"\r\n     data-ad-slot=\"1465712950\"\r\n     data-ad-format=\"auto\"\r\n     data-full-width-responsive=\"true\"><\/ins>\r\n<script>\r\n     (adsbygoogle = window.adsbygoogle || []).push({});\r\n<\/script><\/div><\/div>","protected":false},"excerpt":{"rendered":"<p>Umirovljenici imaju vremena za putovanja, u to nema sumnje. No imaju li novca? \u010cini se da &#8211; imaju! No ne radi se o nekim velikim iznosima ve\u0107 ljubitelji putovanja pa\u017eljivo ciljaju pristupa\u010dne i kra\u0107e izlete kojih u ponudi turisti\u010dkih agencija ima prili\u010dan broj. <\/p>\n","protected":false},"author":4,"featured_media":30971,"comment_status":"closed","ping_status":"closed","sticky":false,"template":"","format":"standard","meta":{"footnotes":""},"categories":[1008],"tags":[952,741,590,77],"class_list":["post-30967","post","type-post","status-publish","format-standard","has-post-thumbnail","hentry","category-nema-predaje","tag-nemapredaje","tag-putovanje","tag-turizam","tag-umirovljenici"],"_links":{"self":[{"href":"https:\/\/www.mojevrijeme.hr\/magazin\/wp-json\/wp\/v2\/posts\/30967","targetHints":{"allow":["GET"]}}],"collection":[{"href":"https:\/\/www.mojevrijeme.hr\/magazin\/wp-json\/wp\/v2\/posts"}],"about":[{"href":"https:\/\/www.mojevrijeme.hr\/magazin\/wp-json\/wp\/v2\/types\/post"}],"author":[{"embeddable":true,"href":"https:\/\/www.mojevrijeme.hr\/magazin\/wp-json\/wp\/v2\/users\/4"}],"replies":[{"embeddable":true,"href":"https:\/\/www.mojevrijeme.hr\/magazin\/wp-json\/wp\/v2\/comments?post=30967"}],"version-history":[{"count":0,"href":"https:\/\/www.mojevrijeme.hr\/magazin\/wp-json\/wp\/v2\/posts\/30967\/revisions"}],"wp:featuredmedia":[{"embeddable":true,"href":"https:\/\/www.mojevrijeme.hr\/magazin\/wp-json\/wp\/v2\/media\/30971"}],"wp:attachment":[{"href":"https:\/\/www.mojevrijeme.hr\/magazin\/wp-json\/wp\/v2\/media?parent=30967"}],"wp:term":[{"taxonomy":"category","embeddable":true,"href":"https:\/\/www.mojevrijeme.hr\/magazin\/wp-json\/wp\/v2\/categories?post=30967"},{"taxonomy":"post_tag","embeddable":true,"href":"https:\/\/www.mojevrijeme.hr\/magazin\/wp-json\/wp\/v2\/tags?post=30967"}],"curies":[{"name":"wp","href":"https:\/\/api.w.org\/{rel}","templated":true}]}}