{"id":31143,"date":"2019-10-11T13:51:00","date_gmt":"2019-10-11T11:51:00","guid":{"rendered":"https:\/\/www.mojevrijeme.hr\/magazin\/?p=31143"},"modified":"2019-10-11T13:53:27","modified_gmt":"2019-10-11T11:53:27","slug":"od-trojice-mladih-napadaca-na-evelina-valea-69-samo-je-jedan-dobio-kaznu-zatvora","status":"publish","type":"post","link":"https:\/\/www.mojevrijeme.hr\/magazin\/2019\/10\/od-trojice-mladih-napadaca-na-evelina-valea-69-samo-je-jedan-dobio-kaznu-zatvora\/","title":{"rendered":"Od trojice mladih napada\u010da na Evelina Valea (69), samo je jedan dobio kaznu zatvora"},"content":{"rendered":"\n<p>Izre\u010dene su presude trojici mladi\u0107a koji su u srpnju pretukli 69-godi\u0161njeg Puljanina <strong>Evelina Valea<\/strong> koji je po no\u0107i \u010duvao ugostiteljski objekt Old City u centru Pule. Od trojice napada\u010da samo jedan \u0107e u zatvor &#8211; na deset mjeseci, javlja <a href=\"https:\/\/www.glasistre.hr\/crna-kronika\/poznate-kazne-muckim-napadacima-na-starca-ispred-old-city-bara-u-centru-pule-nevjerojatno-su-male-jedan-od-njih-dobio-samo-pojacanu-brigu-i-nadzor-599299\" target=\"_blank\" rel=\"noreferrer noopener\" aria-label=\"Glas Istre (opens in a new tab)\">Glas Istre<\/a>.<\/p>\n\n\n\n<p>Rije\u010d je o prvookrivljenom <strong>Robertu Bitunjcu (25)<\/strong> iz Petrinje, pripadniku elitne postrojbe Tigrovi, koji je dobio godinu i osam mjeseci zatvora, od \u010dega \u0107e u zatvor 10 mjeseci, a drugih 10 odslu\u017eit \u0107e uvjetno uz 3 godine roka ku\u0161nje.<\/p>\n\n\n\n<p>Drugookrivljeni <strong>Matej Bjeki\u0107 (24)<\/strong> iz Zagreba dobio je godinu dana zatvora koja mu je zamijenjena u rad za op\u0107e dobro na slobodi po sistemu 2 sata rada za 1 dan zatvora. Tre\u0107eokrivljeni maloljetnik, tako\u0111er iz Zagreba, dobio je odgojnu mjeru poja\u010dane brige i nadzora.<\/p><div id=\"mojev-2296472001\" class=\"mojev-u-tekstu mojev-entity-placement\" style=\"margin-left: auto;margin-right: auto;text-align: center;\"><div class=\"mojev-adlabel\">oglas<\/div><div style=\"height: 250px;\"><script async src=\"https:\/\/pagead2.googlesyndication.com\/pagead\/js\/adsbygoogle.js?client=ca-pub-8106111766207173\"\r\n     crossorigin=\"anonymous\"><\/script>\r\n<!-- Prikazni 1 u tekstu -->\r\n<ins class=\"adsbygoogle\"\r\n     style=\"display:block\"\r\n     data-ad-client=\"ca-pub-8106111766207173\"\r\n     data-ad-slot=\"8535551207\"\r\n     data-ad-format=\"auto\"\r\n     data-full-width-responsive=\"true\"><\/ins>\r\n<script>\r\n     (adsbygoogle = window.adsbygoogle || []).push({});\r\n<\/script><\/div><\/div><br style=\"clear: both; display: block; float: none;\"\/>\n\n\n\n<p>Bitunjcu je kao otegotno uzeto \u0161to je u trenutku po\u010dinjenja djela bio djelatna vojna osoba u Hrvatskoj vojsci pa je trebao \u0161tititi Republiku Hrvatsku i njezine gra\u0111ane, a ne ih napadati. U obrazlo\u017eenju se dodaje da je takvim postupkom nanio \u0161tetu sebi, ali i vojsci. Otegotnima su mu uzete i pobude zbog kojih je djelo po\u010dinio jer su okrivljenici reagirali na istaknutu istarsku i hrvatsku zastavu i to fizi\u010dkim napadom, \u0161to je, navodi Sud, i za moralnu osudu. Podsjetimo, Hrvatska vojska je najavila stegovni postupak nakon \u0161to kazneni bude okon\u010dan, a mogu\u0107a posljedica je i izbacivanje iz vojske, javlja <a href=\"https:\/\/www.glasistre.hr\/crna-kronika\/poznate-kazne-muckim-napadacima-na-starca-ispred-old-city-bara-u-centru-pule-nevjerojatno-su-male-jedan-od-njih-dobio-samo-pojacanu-brigu-i-nadzor-599299\" target=\"_blank\" rel=\"noreferrer noopener\" aria-label=\"Glas Istre (opens in a new tab)\">Glas Istre<\/a>.<\/p>\n\n\n\n<p>Ostala dvojica napada\u010da imala su olakotne okolnosti: ranije\nsu neosu\u0111ivani, mla\u0111e su osobe, priznali su djelo, izrazili kajanje te se\nispri\u010dali o\u0161te\u0107enom, \u0161to je on prihvatio. Bjeki\u0107u je uzeto u obzir i to \u0161to je\nstudent. Niti jedan od njih nije do\u0161ao na dana\u0161nje izricanje presude.<\/p>\n\n\n\n<p>Podsjetimo, 21. srpnja oko 6 sati ujutro trojica mladi\u0107a, vra\u0107aju\u0107i se iz no\u0107nog izlaska, do\u0161li su na terasu jednog kafi\u0107a na Danteovom trgu u Puli i poku\u0161ali skinuti istarsku i hrvatsku zastavu koje ondje vise.<\/p>\n\n\n\n<p>Umirovljenik koji ondje \u010duva terasu kako bi malo popunio\nku\u0107ni bud\u017eet, upozorio je mladi\u0107e da to ne rade, na \u0161to mu je jedan od njih\nodgovorio da su oni \u2018svaki dan pred zastavom tijekom postrojavanja\u2019. Mladi\u0107i su\npotom oti\u0161li.<\/p>\n\n\n\n<p>No nakon otprilike sat vremena, vratili su se maskirani i naoru\u017eani palicama i prebili umirovljenika te mu nanijeli te\u0161ke tjelesne ozljede i slomili dva rebra i ruku. \u010citav doga\u0111aj su snimile nadzorne kamere, a tri nasilnika su poslije uhi\u0107eni.<\/p>\n<div id=\"mojev-1618196231\" class=\"mojev-kraj-teksta mojev-entity-placement\" style=\"margin-bottom: 20px;margin-left: auto;margin-right: auto;text-align: center;\"><div class=\"mojev-adlabel\">oglas<\/div><div style=\"height: 250px;\"><script async src=\"https:\/\/pagead2.googlesyndication.com\/pagead\/js\/adsbygoogle.js?client=ca-pub-8106111766207173\"\r\n     crossorigin=\"anonymous\"><\/script>\r\n<!-- Display-1 -->\r\n<ins class=\"adsbygoogle\"\r\n     style=\"display:block\"\r\n     data-ad-client=\"ca-pub-8106111766207173\"\r\n     data-ad-slot=\"1465712950\"\r\n     data-ad-format=\"auto\"\r\n     data-full-width-responsive=\"true\"><\/ins>\r\n<script>\r\n     (adsbygoogle = window.adsbygoogle || []).push({});\r\n<\/script><\/div><\/div>","protected":false},"excerpt":{"rendered":"<p>Vratili su se maskirani i naoru\u017eani palicama te prebili umirovljenika. Nanijeli su mu te\u0161ke tjelesne ozljede, slomili dva rebra i ruku. \u010citav doga\u0111aj su snimile nadzorne kamere.<\/p>\n","protected":false},"author":1,"featured_media":31144,"comment_status":"closed","ping_status":"closed","sticky":false,"template":"","format":"standard","meta":{"footnotes":""},"categories":[9],"tags":[596,1897,1811,500,1812],"class_list":["post-31143","post","type-post","status-publish","format-standard","has-post-thumbnail","hentry","category-vijesti","tag-crna-kronika","tag-evelin-vale","tag-hrvatska-vojska","tag-nasilje","tag-pula"],"_links":{"self":[{"href":"https:\/\/www.mojevrijeme.hr\/magazin\/wp-json\/wp\/v2\/posts\/31143","targetHints":{"allow":["GET"]}}],"collection":[{"href":"https:\/\/www.mojevrijeme.hr\/magazin\/wp-json\/wp\/v2\/posts"}],"about":[{"href":"https:\/\/www.mojevrijeme.hr\/magazin\/wp-json\/wp\/v2\/types\/post"}],"author":[{"embeddable":true,"href":"https:\/\/www.mojevrijeme.hr\/magazin\/wp-json\/wp\/v2\/users\/1"}],"replies":[{"embeddable":true,"href":"https:\/\/www.mojevrijeme.hr\/magazin\/wp-json\/wp\/v2\/comments?post=31143"}],"version-history":[{"count":0,"href":"https:\/\/www.mojevrijeme.hr\/magazin\/wp-json\/wp\/v2\/posts\/31143\/revisions"}],"wp:featuredmedia":[{"embeddable":true,"href":"https:\/\/www.mojevrijeme.hr\/magazin\/wp-json\/wp\/v2\/media\/31144"}],"wp:attachment":[{"href":"https:\/\/www.mojevrijeme.hr\/magazin\/wp-json\/wp\/v2\/media?parent=31143"}],"wp:term":[{"taxonomy":"category","embeddable":true,"href":"https:\/\/www.mojevrijeme.hr\/magazin\/wp-json\/wp\/v2\/categories?post=31143"},{"taxonomy":"post_tag","embeddable":true,"href":"https:\/\/www.mojevrijeme.hr\/magazin\/wp-json\/wp\/v2\/tags?post=31143"}],"curies":[{"name":"wp","href":"https:\/\/api.w.org\/{rel}","templated":true}]}}