{"id":31204,"date":"2019-10-14T16:10:36","date_gmt":"2019-10-14T14:10:36","guid":{"rendered":"https:\/\/www.mojevrijeme.hr\/magazin\/?p=31204"},"modified":"2023-05-14T13:07:24","modified_gmt":"2023-05-14T11:07:24","slug":"iz-spustenog-lijesa-se-culo-halo-mracno-je-jel-ja-to-cujem-popa","status":"publish","type":"post","link":"https:\/\/www.mojevrijeme.hr\/magazin\/2019\/10\/iz-spustenog-lijesa-se-culo-halo-mracno-je-jel-ja-to-cujem-popa\/","title":{"rendered":"Iz spu\u0161tenog lijesa se \u010dulo: &#8216;Halo, mra\u010dno je! Jel ja to \u010dujem popa?&#8217;"},"content":{"rendered":"\n<p>&#8220;Halo, halo, pustite me van&#8221;, odjekivalo je iz rake s netom spu\u0161tenim lijesom. No umjesto o\u010dekivane panike i u\u017easa, okupljeni o\u017ealo\u0161\u0107eni koji su na onaj svijet do\u0161li ispratiti pokojnog gospodina <strong>Shaya Bradleya<\/strong> od srca su se nasmijali. <\/p>\n\n\n\n<p>Naime, bila je to posljednja \u0161ala pokojnika, \u010detverostrukog\noca i osmerostrukog djeda iz Dublina koji je preminuo pro\u0161log tjedna uslijed\nduge bolesti. Ali, Shay Bradley nije \u017eelio suze na svojem ispra\u0107aju, nego je\n\u017eelio smijeh, &nbsp;pa je na vrijeme snimio\nnekoliko re\u010denica koje su pu\u0161tene kroz zvu\u010dnike u grobu. <\/p>\n\n\n\n<p>&#8220;Pustite me van. Pustite me van! Ovdje je jebeno mra\u010dno. \u010cujem li to popa? \u010cujem te, pope! U kutiji sam&#8221;, odjekivalo je iz lijesa da bi potom pokojnik zapjevao: &#8220;Nazvao sam samo da ka\u017eem zbogom.&#8221;<\/p><div id=\"mojev-1985924482\" class=\"mojev-u-tekstu mojev-entity-placement\" style=\"margin-left: auto;margin-right: auto;text-align: center;\"><div class=\"mojev-adlabel\">oglas<\/div><div style=\"height: 250px;\"><script async src=\"https:\/\/pagead2.googlesyndication.com\/pagead\/js\/adsbygoogle.js?client=ca-pub-8106111766207173\"\r\n     crossorigin=\"anonymous\"><\/script>\r\n<!-- Prikazni 1 u tekstu -->\r\n<ins class=\"adsbygoogle\"\r\n     style=\"display:block\"\r\n     data-ad-client=\"ca-pub-8106111766207173\"\r\n     data-ad-slot=\"8535551207\"\r\n     data-ad-format=\"auto\"\r\n     data-full-width-responsive=\"true\"><\/ins>\r\n<script>\r\n     (adsbygoogle = window.adsbygoogle || []).push({});\r\n<\/script><\/div><\/div><br style=\"clear: both; display: block; float: none;\"\/>\n\n\n\n<p>&#8220;Ovo je bila posljednja \u017eelja moga oca. Uvijek je bio \u0161aljivd\u017eija. Dobro si ih nasamario, tata. Nasmijao si nas kad nam je bilo najpotrebnije.Voljet \u0107u te zauvijek&#8221;, napisala je na Facebooku k\u0107i pokojnika, <strong>Andrea Bradley<\/strong>, uz snimku neobi\u010dne \u0161ale. Pogledajte video. <\/p>\n\n\n\n<figure class=\"wp-block-embed-youtube wp-block-embed is-type-video is-provider-youtube wp-embed-aspect-16-9 wp-has-aspect-ratio\"><div class=\"wp-block-embed__wrapper\">\n<iframe loading=\"lazy\" title=\"Irish man leaves funny recording for his funeral\" width=\"740\" height=\"416\" src=\"https:\/\/www.youtube.com\/embed\/oEygbbZK-u0?feature=oembed\" frameborder=\"0\" allow=\"accelerometer; autoplay; encrypted-media; gyroscope; picture-in-picture\" allowfullscreen><\/iframe>\n<\/div><\/figure>\n<div id=\"mojev-2936642822\" class=\"mojev-kraj-teksta mojev-entity-placement\" style=\"margin-bottom: 20px;margin-left: auto;margin-right: auto;text-align: center;\"><div class=\"mojev-adlabel\">oglas<\/div><div style=\"height: 250px;\"><script async src=\"https:\/\/pagead2.googlesyndication.com\/pagead\/js\/adsbygoogle.js?client=ca-pub-8106111766207173\"\r\n     crossorigin=\"anonymous\"><\/script>\r\n<!-- Display-1 -->\r\n<ins class=\"adsbygoogle\"\r\n     style=\"display:block\"\r\n     data-ad-client=\"ca-pub-8106111766207173\"\r\n     data-ad-slot=\"1465712950\"\r\n     data-ad-format=\"auto\"\r\n     data-full-width-responsive=\"true\"><\/ins>\r\n<script>\r\n     (adsbygoogle = window.adsbygoogle || []).push({});\r\n<\/script><\/div><\/div>","protected":false},"excerpt":{"rendered":"<p>\u010cetverostruki otac i osmerostruki djed iz Dublina preminuo je pro\u0161log tjedna uslijed duge i te\u0161ke bolesti. Ka\u017eu da je bio duhovit \u010dovjek, uvijek spreman na \u0161alu. <\/p>\n","protected":false},"author":1,"featured_media":31205,"comment_status":"closed","ping_status":"closed","sticky":false,"template":"","format":"standard","meta":{"footnotes":""},"categories":[2],"tags":[560,66,1892,561],"class_list":["post-31204","post","type-post","status-publish","format-standard","has-post-thumbnail","hentry","category-mozaik","tag-humor","tag-smrt","tag-ukop","tag-zabava"],"_links":{"self":[{"href":"https:\/\/www.mojevrijeme.hr\/magazin\/wp-json\/wp\/v2\/posts\/31204","targetHints":{"allow":["GET"]}}],"collection":[{"href":"https:\/\/www.mojevrijeme.hr\/magazin\/wp-json\/wp\/v2\/posts"}],"about":[{"href":"https:\/\/www.mojevrijeme.hr\/magazin\/wp-json\/wp\/v2\/types\/post"}],"author":[{"embeddable":true,"href":"https:\/\/www.mojevrijeme.hr\/magazin\/wp-json\/wp\/v2\/users\/1"}],"replies":[{"embeddable":true,"href":"https:\/\/www.mojevrijeme.hr\/magazin\/wp-json\/wp\/v2\/comments?post=31204"}],"version-history":[{"count":0,"href":"https:\/\/www.mojevrijeme.hr\/magazin\/wp-json\/wp\/v2\/posts\/31204\/revisions"}],"wp:featuredmedia":[{"embeddable":true,"href":"https:\/\/www.mojevrijeme.hr\/magazin\/wp-json\/wp\/v2\/media\/31205"}],"wp:attachment":[{"href":"https:\/\/www.mojevrijeme.hr\/magazin\/wp-json\/wp\/v2\/media?parent=31204"}],"wp:term":[{"taxonomy":"category","embeddable":true,"href":"https:\/\/www.mojevrijeme.hr\/magazin\/wp-json\/wp\/v2\/categories?post=31204"},{"taxonomy":"post_tag","embeddable":true,"href":"https:\/\/www.mojevrijeme.hr\/magazin\/wp-json\/wp\/v2\/tags?post=31204"}],"curies":[{"name":"wp","href":"https:\/\/api.w.org\/{rel}","templated":true}]}}