{"id":31442,"date":"2019-10-25T08:30:38","date_gmt":"2019-10-25T06:30:38","guid":{"rendered":"https:\/\/www.mojevrijeme.hr\/magazin\/?p=31442"},"modified":"2019-10-25T08:46:05","modified_gmt":"2019-10-25T06:46:05","slug":"katolicka-udruga-pozvala-na-bojkot-lidla-zbog-ponude-za-halloween","status":"publish","type":"post","link":"https:\/\/www.mojevrijeme.hr\/magazin\/2019\/10\/katolicka-udruga-pozvala-na-bojkot-lidla-zbog-ponude-za-halloween\/","title":{"rendered":"Katoli\u010dka udruga pozvala na bojkot Lidla zbog ponude za Halloween"},"content":{"rendered":"\n<p>&#8220;Kultura smrti i kanibalizam u Lidlu!&#8221; Tako je udruga katoli\u010dkih aktivista Vigilare opisala Lidlovu ponudu za Halloween. A u ponudi su \u010dokoladne o\u010di, dje\u010dji kostimi kostura i vampira, bundeve punjene bombonima te maske s ornamentima lubanja. <\/p>\n\n\n\n<p>&#8220;Reagirajmo na u\u017easne bole\u0161tine za djecu koje promi\u010de ovaj trgova\u010dki lanac: pijenje vampirske krvi, jedenje o\u010diju i prstiju te \u010doko kostura u mrtva\u010dkom lijesu, odijevanje djece u vampire i mrtvace\u2026 Zaustavimo zastra\u0161ivanje i traumatiziranje djece i suprotstavimo se poganizaciji Hrvatske. Po\u0161aljite svoje pritu\u017ebe i zgra\u017eanje na: <em>kupac@lidl.hr; lidl@lidl.hr<\/em>&#8220;, stoji u objavi na Facebooku ove konzervativne organizacije. <\/p>\n\n\n\n<p>Ina\u010de, prije nekoliko dana Lidl  i Caritas Zagreba\u010dke nadbiskupije obilje\u017eili su 10 godina uspje\u0161ne suradnje, tijekom kojih je Lidl donirao robu u vrijednosti 10 milijuna kuna Caritasovoj socijalnoj samoposluzi u Gajnicama. <\/p><div id=\"mojev-1043019585\" class=\"mojev-u-tekstu mojev-entity-placement\" style=\"margin-left: auto;margin-right: auto;text-align: center;\"><div class=\"mojev-adlabel\">oglas<\/div><div style=\"height: 250px;\"><script async src=\"https:\/\/pagead2.googlesyndication.com\/pagead\/js\/adsbygoogle.js?client=ca-pub-8106111766207173\"\r\n     crossorigin=\"anonymous\"><\/script>\r\n<!-- Prikazni 1 u tekstu -->\r\n<ins class=\"adsbygoogle\"\r\n     style=\"display:block\"\r\n     data-ad-client=\"ca-pub-8106111766207173\"\r\n     data-ad-slot=\"8535551207\"\r\n     data-ad-format=\"auto\"\r\n     data-full-width-responsive=\"true\"><\/ins>\r\n<script>\r\n     (adsbygoogle = window.adsbygoogle || []).push({});\r\n<\/script><\/div><\/div><br style=\"clear: both; display: block; float: none;\"\/>\n\n\n\n<p>S obzirom na sadr\u017eaj brojnih komentara, \u010dini se da ovaj poziv udruge Vigilare i nije pao na odve\u0107 plodno tlo. Mnogi tako podsje\u0107aju na obo\u017eavanje posmrtnih ostataka svetaca u Katoli\u010dkoj crkvi, dok drugi navode kako i samo slavljenje Bo\u017ei\u0107a ima korijene u poganskoj tradiciji. <\/p>\n\n\n\n<p>&#8220;Zastra\u0161ivanje? A pri\u010de o grijehu i paklu djeci na vjeronauku? To je dobro zastra\u0161ivanje?&#8221; pita <strong>Goran<\/strong> dok <strong>Josip<\/strong> posprdno dodaje: &#8220;Obo\u017eavam \u010dokoladne o\u010di. Apsolutno je neto\u010dno da nas truju jer jo\u0161 nisam nai\u0161ao na istekli rok trajanja. O\u010di mo\u017ee\u0161 uredno nabosti na no\u017e i pojesti i idu\u0107e godine.&#8221;<\/p>\n\n\n\n<p>Po\u010detci Halloweena se\u017eu u vrijeme prije vi\u0161e od 2.000 godina. Izvorni irski naziv je &#8220;Samhain&#8221; i obilje\u017eava kalendarski po\u010detak zime 1. studenoga. Tada je prevladavalo vjerovanje kako u predve\u010derje svetkovine duhovi hodaju po zemlji jer se u toj no\u0107i bri\u0161e granica izme\u0111u svijeta \u017eivih i svijeta mrtvih. Prije polaska u krevet ljudi su palili u kuhinji vatru i ostavljali jelo na stolu za pretke koji te no\u0107i posje\u0107uju ku\u0107u. Zbog toga se i danas No\u0107 vje\u0161tica, kako glasi hrvatski naziv za Halloween, obilje\u017eava i slavi 31. listopada. <\/p>\n<div id=\"mojev-3621183680\" class=\"mojev-kraj-teksta mojev-entity-placement\" style=\"margin-bottom: 20px;margin-left: auto;margin-right: auto;text-align: center;\"><div class=\"mojev-adlabel\">oglas<\/div><div style=\"height: 250px;\"><script async src=\"https:\/\/pagead2.googlesyndication.com\/pagead\/js\/adsbygoogle.js?client=ca-pub-8106111766207173\"\r\n     crossorigin=\"anonymous\"><\/script>\r\n<!-- Display-1 -->\r\n<ins class=\"adsbygoogle\"\r\n     style=\"display:block\"\r\n     data-ad-client=\"ca-pub-8106111766207173\"\r\n     data-ad-slot=\"1465712950\"\r\n     data-ad-format=\"auto\"\r\n     data-full-width-responsive=\"true\"><\/ins>\r\n<script>\r\n     (adsbygoogle = window.adsbygoogle || []).push({});\r\n<\/script><\/div><\/div>","protected":false},"excerpt":{"rendered":"<p>S obzirom na sadr\u017eaj brojnih komentara, \u010dini se da ovaj poziv i nije pao na odve\u0107 plodno tlo.<\/p>\n","protected":false},"author":1,"featured_media":31445,"comment_status":"closed","ping_status":"closed","sticky":false,"template":"","format":"standard","meta":{"footnotes":""},"categories":[2],"tags":[1423,1070,1110,1906,301],"class_list":["post-31442","post","type-post","status-publish","format-standard","has-post-thumbnail","hentry","category-mozaik","tag-halloween","tag-katolici","tag-konzervativna-revolucija","tag-lidl","tag-noc-vjestica"],"_links":{"self":[{"href":"https:\/\/www.mojevrijeme.hr\/magazin\/wp-json\/wp\/v2\/posts\/31442","targetHints":{"allow":["GET"]}}],"collection":[{"href":"https:\/\/www.mojevrijeme.hr\/magazin\/wp-json\/wp\/v2\/posts"}],"about":[{"href":"https:\/\/www.mojevrijeme.hr\/magazin\/wp-json\/wp\/v2\/types\/post"}],"author":[{"embeddable":true,"href":"https:\/\/www.mojevrijeme.hr\/magazin\/wp-json\/wp\/v2\/users\/1"}],"replies":[{"embeddable":true,"href":"https:\/\/www.mojevrijeme.hr\/magazin\/wp-json\/wp\/v2\/comments?post=31442"}],"version-history":[{"count":0,"href":"https:\/\/www.mojevrijeme.hr\/magazin\/wp-json\/wp\/v2\/posts\/31442\/revisions"}],"wp:featuredmedia":[{"embeddable":true,"href":"https:\/\/www.mojevrijeme.hr\/magazin\/wp-json\/wp\/v2\/media\/31445"}],"wp:attachment":[{"href":"https:\/\/www.mojevrijeme.hr\/magazin\/wp-json\/wp\/v2\/media?parent=31442"}],"wp:term":[{"taxonomy":"category","embeddable":true,"href":"https:\/\/www.mojevrijeme.hr\/magazin\/wp-json\/wp\/v2\/categories?post=31442"},{"taxonomy":"post_tag","embeddable":true,"href":"https:\/\/www.mojevrijeme.hr\/magazin\/wp-json\/wp\/v2\/tags?post=31442"}],"curies":[{"name":"wp","href":"https:\/\/api.w.org\/{rel}","templated":true}]}}