{"id":31481,"date":"2019-10-27T08:15:16","date_gmt":"2019-10-27T07:15:16","guid":{"rendered":"https:\/\/www.mojevrijeme.hr\/magazin\/?p=31481"},"modified":"2019-10-27T08:29:44","modified_gmt":"2019-10-27T07:29:44","slug":"rodena-sam-s-krive-strane-zeljezne-zavjese-kolinda-je-primila-americku-nagradu-za-zivotno-djelo","status":"publish","type":"post","link":"https:\/\/www.mojevrijeme.hr\/magazin\/2019\/10\/rodena-sam-s-krive-strane-zeljezne-zavjese-kolinda-je-primila-americku-nagradu-za-zivotno-djelo\/","title":{"rendered":"&#8216;Ro\u0111ena sam s krive strane \u017deljezne zavjese!&#8217; Kolinda je primila ameri\u010dku nagradu za \u017eivotno djelo"},"content":{"rendered":"\n<p>Predsjednica RH i aktualna predsjedni\u010dka kandidatkinja <strong>Kolinda Grabar-Kitarovi\u0107<\/strong> u Washingtonu je primila nagradu Fulbright za \u017eivotno djelo. <\/p>\n\n\n\n<p>Tom prigodom osvrnula se i na <strong>\u017eivot u Jugoslaviji<\/strong>. &#8220;Ne mogu vam opisati koliko mi ve\u010dera\u0161nji doga\u0111aj zna\u010di&#8221;, kazala je istaknuv\u0161i da je bila djevojka ro\u0111ena s &#8220;krive strane \u017deljezne zavjese&#8221; koja je sanjala druga mjesta na kojima su ljudi imali slobodu izbora, gdje se slobodno moglo govoriti i izra\u017eavati svoja uvjerenja a da se zbog toga ne bude progonjen.<\/p>\n\n\n\n<p>Kako ka\u017ee, uz du\u017enost predsjednice &#8220;svoje voljene\nzemlje i svoje domovine&#8221;, ponosna je i na svoju du\u017enost \u010delnice Vije\u0107a\n\u017eena svjetskih vo\u0111a. &#8220;Puno je toga pred nama ali samo ako \u0107emo imati\npovjerenja u sebe i biti ambiciozni&#8221;, rekla je.<\/p><div id=\"mojev-52514757\" class=\"mojev-u-tekstu mojev-entity-placement\" style=\"margin-left: auto;margin-right: auto;text-align: center;\"><div class=\"mojev-adlabel\">oglas<\/div><div style=\"height: 250px;\"><script async src=\"https:\/\/pagead2.googlesyndication.com\/pagead\/js\/adsbygoogle.js?client=ca-pub-8106111766207173\"\r\n     crossorigin=\"anonymous\"><\/script>\r\n<!-- Prikazni 1 u tekstu -->\r\n<ins class=\"adsbygoogle\"\r\n     style=\"display:block\"\r\n     data-ad-client=\"ca-pub-8106111766207173\"\r\n     data-ad-slot=\"8535551207\"\r\n     data-ad-format=\"auto\"\r\n     data-full-width-responsive=\"true\"><\/ins>\r\n<script>\r\n     (adsbygoogle = window.adsbygoogle || []).push({});\r\n<\/script><\/div><\/div><br style=\"clear: both; display: block; float: none;\"\/>\n\n\n\n<p>Podsjetimo, Grabar-Kitarovi\u0107 je od 2002. do 2003. godine bila Fulbrightova stipendistica na uglednoj \u0160koli za me\u0111unarodne odnose Elliot koja djeluje pri Sveu\u010dili\u0161tu George Washington u Washingtonu. Upravo se u taj grad, ameri\u010dku prijestolnicu, vratila 2008. godine kao hrvatska veleposlanica.<\/p>\n\n\n\n<p>Ova nagrada se dodjeljuje Fulbrightovim stipendistima koji &#8220;pru\u017eaju nadahnu\u0107e, slu\u017ee kao uzor i ilustriraju mo\u0107,&nbsp;utjecaj&nbsp;i vrijednosti&#8221; Fulbright programa razmjene studenata. Me\u0111u stipendistima iz Hrvatske su i Slavenka Drakuli\u0107, Tvrtko Jakovina, Ivan Grde\u0161i\u0107, Daria Marjanovi\u0107, Tena Peri\u0161in, Lamija Ale\u010dkovi\u0107, Milorad Pupovac, Josip Kregar i brojni drugi.<\/p>\n\n\n\n<div id=\"crveno\"><\/p>\n\n\n\n<h3 class=\"wp-block-heading\">\u0160to je \u017deljezna zavjesa?<\/h3>\n\n\n\n<p><strong>\u017deljezna zavjesa<\/strong> (<em>iron curtain<\/em>, eng.) je izraz koji je skovao britanski premijer <strong>Winston Leonard Spencer Churchill<\/strong>&nbsp;1946. misle\u0107i pritom na Europu podijeljenu na kapitalisti\u010dke i socijalisti\u010dke dr\u017eave izme\u0111u kojih se &#8220;spustila \u017eeljezna zavjesa&#8221; uz granicu podjele od Szczecina do Trsta. Svojevrstan uvod u hladni rat. <\/p>\n\n\n\n<p><\/div>\n<div id=\"mojev-2803230940\" class=\"mojev-kraj-teksta mojev-entity-placement\" style=\"margin-bottom: 20px;margin-left: auto;margin-right: auto;text-align: center;\"><div class=\"mojev-adlabel\">oglas<\/div><div style=\"height: 250px;\"><script async src=\"https:\/\/pagead2.googlesyndication.com\/pagead\/js\/adsbygoogle.js?client=ca-pub-8106111766207173\"\r\n     crossorigin=\"anonymous\"><\/script>\r\n<!-- Display-1 -->\r\n<ins class=\"adsbygoogle\"\r\n     style=\"display:block\"\r\n     data-ad-client=\"ca-pub-8106111766207173\"\r\n     data-ad-slot=\"1465712950\"\r\n     data-ad-format=\"auto\"\r\n     data-full-width-responsive=\"true\"><\/ins>\r\n<script>\r\n     (adsbygoogle = window.adsbygoogle || []).push({});\r\n<\/script><\/div><\/div>","protected":false},"excerpt":{"rendered":"<p>Ova nagrada se dodjeljuje Fulbrightovim stipendistima koji pru\u017eaju nadahnu\u0107e, slu\u017ee kao uzor i ilustriraju mo\u0107, utjecaj i vrijednosti Fulbright programa razmjene studenata. <\/p>\n","protected":false},"author":1,"featured_media":28567,"comment_status":"closed","ping_status":"closed","sticky":false,"template":"","format":"standard","meta":{"footnotes":""},"categories":[9],"tags":[188,359,1859,1035],"class_list":["post-31481","post","type-post","status-publish","format-standard","has-post-thumbnail","hentry","category-vijesti","tag-jugoslavija","tag-kolinda","tag-nagrade","tag-sjedinjene-drzave"],"_links":{"self":[{"href":"https:\/\/www.mojevrijeme.hr\/magazin\/wp-json\/wp\/v2\/posts\/31481","targetHints":{"allow":["GET"]}}],"collection":[{"href":"https:\/\/www.mojevrijeme.hr\/magazin\/wp-json\/wp\/v2\/posts"}],"about":[{"href":"https:\/\/www.mojevrijeme.hr\/magazin\/wp-json\/wp\/v2\/types\/post"}],"author":[{"embeddable":true,"href":"https:\/\/www.mojevrijeme.hr\/magazin\/wp-json\/wp\/v2\/users\/1"}],"replies":[{"embeddable":true,"href":"https:\/\/www.mojevrijeme.hr\/magazin\/wp-json\/wp\/v2\/comments?post=31481"}],"version-history":[{"count":0,"href":"https:\/\/www.mojevrijeme.hr\/magazin\/wp-json\/wp\/v2\/posts\/31481\/revisions"}],"wp:featuredmedia":[{"embeddable":true,"href":"https:\/\/www.mojevrijeme.hr\/magazin\/wp-json\/wp\/v2\/media\/28567"}],"wp:attachment":[{"href":"https:\/\/www.mojevrijeme.hr\/magazin\/wp-json\/wp\/v2\/media?parent=31481"}],"wp:term":[{"taxonomy":"category","embeddable":true,"href":"https:\/\/www.mojevrijeme.hr\/magazin\/wp-json\/wp\/v2\/categories?post=31481"},{"taxonomy":"post_tag","embeddable":true,"href":"https:\/\/www.mojevrijeme.hr\/magazin\/wp-json\/wp\/v2\/tags?post=31481"}],"curies":[{"name":"wp","href":"https:\/\/api.w.org\/{rel}","templated":true}]}}