{"id":31644,"date":"2019-11-02T13:23:59","date_gmt":"2019-11-02T12:23:59","guid":{"rendered":"https:\/\/www.mojevrijeme.hr\/magazin\/?p=31644"},"modified":"2019-11-02T13:26:31","modified_gmt":"2019-11-02T12:26:31","slug":"novi-slucaj-nasilja-nad-starijima-unuk-udario-bolesnog-djeda-prijetio-mu-nozem","status":"publish","type":"post","link":"https:\/\/www.mojevrijeme.hr\/magazin\/2019\/11\/novi-slucaj-nasilja-nad-starijima-unuk-udario-bolesnog-djeda-prijetio-mu-nozem\/","title":{"rendered":"Novi slu\u010daj nasilja nad starijima: Unuk udario bolesnog djeda, prijetio mu no\u017eem"},"content":{"rendered":"\r\n<p>Mladi\u0107 (29) iz okolice Vara\u017edina zavr\u0161io je iza re\u0161etaka nakon prijetio djedu (74), jer je doznao da mu djed ne\u0107e prepisati imovinu.<\/p>\r\n\r\n\r\n\r\n<p>Prema priop\u0107enju vara\u017edinskog Op\u0107inskog dr\u017eavnog odvjetni\u0161tva, 28. listopada je provedeno prvo ispitivanje uhi\u0107enog zbog osnovane sumnje da je po\u010dinio kazneno djelo prijetnje.<\/p>\r\n\r\n\r\n\r\n<p>&#8220;Postoji osnovana sumnja da je 29-godi\u0161njak 26. listopada 2019. u obiteljskoj ku\u0107i u okolici Vara\u017edina, saznav\u0161i da njegov te\u0161ko bolesni 74-godi\u0161nji djed namjerava prenijeti vlasni\u0161tvo nad imovinom na svojeg sina, udario 74-godi\u0161njaka po licu i s no\u017eem u ruci vi\u010du\u0107i prijetio da \u0107e ga ubiti.<\/p><div id=\"mojev-2147934275\" class=\"mojev-u-tekstu mojev-entity-placement\" style=\"margin-left: auto;margin-right: auto;text-align: center;\"><div class=\"mojev-adlabel\">oglas<\/div><div style=\"height: 250px;\"><script async src=\"https:\/\/pagead2.googlesyndication.com\/pagead\/js\/adsbygoogle.js?client=ca-pub-8106111766207173\"\r\n     crossorigin=\"anonymous\"><\/script>\r\n<!-- Prikazni 1 u tekstu -->\r\n<ins class=\"adsbygoogle\"\r\n     style=\"display:block\"\r\n     data-ad-client=\"ca-pub-8106111766207173\"\r\n     data-ad-slot=\"8535551207\"\r\n     data-ad-format=\"auto\"\r\n     data-full-width-responsive=\"true\"><\/ins>\r\n<script>\r\n     (adsbygoogle = window.adsbygoogle || []).push({});\r\n<\/script><\/div><\/div><br style=\"clear: both; display: block; float: none;\"\/>\r\n\r\n\r\n\r\n<p>Sutkinja istrage prihvatila je prijedlog dr\u017eavnog odvjetnika i odredila 29-godi\u0161njaku istra\u017eni zatvor zbog opasnosti od utjecaja na svjedoke u postupku i zbog opasnosti od ponavljanja kaznenog djela i po\u010dinjenja kaznenog djela kojim prijeti&#8221;, stoji u priop\u0107enju DORH-a.<\/p>\r\n<div id=\"mojev-2119196620\" class=\"mojev-kraj-teksta mojev-entity-placement\" style=\"margin-bottom: 20px;margin-left: auto;margin-right: auto;text-align: center;\"><div class=\"mojev-adlabel\">oglas<\/div><div style=\"height: 250px;\"><script async src=\"https:\/\/pagead2.googlesyndication.com\/pagead\/js\/adsbygoogle.js?client=ca-pub-8106111766207173\"\r\n     crossorigin=\"anonymous\"><\/script>\r\n<!-- Display-1 -->\r\n<ins class=\"adsbygoogle\"\r\n     style=\"display:block\"\r\n     data-ad-client=\"ca-pub-8106111766207173\"\r\n     data-ad-slot=\"1465712950\"\r\n     data-ad-format=\"auto\"\r\n     data-full-width-responsive=\"true\"><\/ins>\r\n<script>\r\n     (adsbygoogle = window.adsbygoogle || []).push({});\r\n<\/script><\/div><\/div>","protected":false},"excerpt":{"rendered":"<p>Saznao je da njegov te\u0161ko bolesni 74-godi\u0161nji djed namjerava prenijeti vlasni\u0161tvo nad imovinom na svojeg sina.<\/p>\n","protected":false},"author":1,"featured_media":8810,"comment_status":"closed","ping_status":"closed","sticky":false,"template":"","format":"standard","meta":{"footnotes":""},"categories":[9],"tags":[596,918,1450,877],"class_list":["post-31644","post","type-post","status-publish","format-standard","has-post-thumbnail","hentry","category-vijesti","tag-crna-kronika","tag-imovina","tag-obiteljsko-nasilje","tag-varazdin"],"_links":{"self":[{"href":"https:\/\/www.mojevrijeme.hr\/magazin\/wp-json\/wp\/v2\/posts\/31644","targetHints":{"allow":["GET"]}}],"collection":[{"href":"https:\/\/www.mojevrijeme.hr\/magazin\/wp-json\/wp\/v2\/posts"}],"about":[{"href":"https:\/\/www.mojevrijeme.hr\/magazin\/wp-json\/wp\/v2\/types\/post"}],"author":[{"embeddable":true,"href":"https:\/\/www.mojevrijeme.hr\/magazin\/wp-json\/wp\/v2\/users\/1"}],"replies":[{"embeddable":true,"href":"https:\/\/www.mojevrijeme.hr\/magazin\/wp-json\/wp\/v2\/comments?post=31644"}],"version-history":[{"count":0,"href":"https:\/\/www.mojevrijeme.hr\/magazin\/wp-json\/wp\/v2\/posts\/31644\/revisions"}],"wp:featuredmedia":[{"embeddable":true,"href":"https:\/\/www.mojevrijeme.hr\/magazin\/wp-json\/wp\/v2\/media\/8810"}],"wp:attachment":[{"href":"https:\/\/www.mojevrijeme.hr\/magazin\/wp-json\/wp\/v2\/media?parent=31644"}],"wp:term":[{"taxonomy":"category","embeddable":true,"href":"https:\/\/www.mojevrijeme.hr\/magazin\/wp-json\/wp\/v2\/categories?post=31644"},{"taxonomy":"post_tag","embeddable":true,"href":"https:\/\/www.mojevrijeme.hr\/magazin\/wp-json\/wp\/v2\/tags?post=31644"}],"curies":[{"name":"wp","href":"https:\/\/api.w.org\/{rel}","templated":true}]}}