{"id":31710,"date":"2019-11-06T14:07:20","date_gmt":"2019-11-06T13:07:20","guid":{"rendered":"https:\/\/www.mojevrijeme.hr\/magazin\/?p=31710"},"modified":"2019-11-06T18:24:55","modified_gmt":"2019-11-06T17:24:55","slug":"veterani-traze-da-dan-antifasisticke-borbe-ne-bude-praznik-vec-radni-spomendan","status":"publish","type":"post","link":"https:\/\/www.mojevrijeme.hr\/magazin\/2019\/11\/veterani-traze-da-dan-antifasisticke-borbe-ne-bude-praznik-vec-radni-spomendan\/","title":{"rendered":"Veterani tra\u017ee da Dan antifa\u0161isti\u010dke borbe ne bude praznik, ve\u0107 radni spomendan"},"content":{"rendered":"\n<p>Saborski Odbor za ratne veterane, kojemu je na \u010delu HDZ-ovac i predsjednik Hvidre\u00a0<strong>Josip \u0110aki\u0107<\/strong>, usvojio je na sjednici amandman na novi kalendar praznika i blagdana. Tra\u017ee da 8. listopada ostane praznik kao Dan neovisnosti, a da se umjesto njega spomendanom proglasi Dan antifa\u0161isti\u010dke borbe, koji se slavi 22. lipnja. Tako bi Dan antifa\u0161isti\u010dke borbe bio radni dan.<\/p>\n\n\n\n<p>Uz to Odbor tra\u017ei i da 18. studenoga postane Dan sje\u0107anja na \u017ertve velikosrpske agresije u Domovinskom ratu. Podsjetimo, Vlada od idu\u0107e godine namjerava 18. studenoga proglasiti Danom sje\u0107anja na \u017ertve domovinskog rata i Danom sje\u0107anja na \u017ertvu Vukovara i \u0160kabrnje.<\/p>\n\n\n\n<p>Dan antifa\u0161isti\u010dke borbe obilje\u017eava se u znak sje\u0107anja na 22. lipnja 1941. kad je u \u0161umi Brezovica kod Siska osnovan Prvi sisa\u010dki partizanski odred, ujedno i prva antihitlerovska postrojba u tada\u0161njoj okupiranoj Hrvatskoj i Jugoslaviji.<\/p><div id=\"mojev-106616867\" class=\"mojev-u-tekstu mojev-entity-placement\" style=\"margin-left: auto;margin-right: auto;text-align: center;\"><div class=\"mojev-adlabel\">oglas<\/div><div style=\"height: 250px;\"><script async src=\"https:\/\/pagead2.googlesyndication.com\/pagead\/js\/adsbygoogle.js?client=ca-pub-8106111766207173\"\r\n     crossorigin=\"anonymous\"><\/script>\r\n<!-- Prikazni 1 u tekstu -->\r\n<ins class=\"adsbygoogle\"\r\n     style=\"display:block\"\r\n     data-ad-client=\"ca-pub-8106111766207173\"\r\n     data-ad-slot=\"8535551207\"\r\n     data-ad-format=\"auto\"\r\n     data-full-width-responsive=\"true\"><\/ins>\r\n<script>\r\n     (adsbygoogle = window.adsbygoogle || []).push({});\r\n<\/script><\/div><\/div><br style=\"clear: both; display: block; float: none;\"\/>\n\n\n\n<p>O Vladinu prijedlogu novog kalendara blagdana Sabor \u0107e raspravljati u petak. <\/p>\n<div id=\"mojev-1295333418\" class=\"mojev-kraj-teksta mojev-entity-placement\" style=\"margin-bottom: 20px;margin-left: auto;margin-right: auto;text-align: center;\"><div class=\"mojev-adlabel\">oglas<\/div><div style=\"height: 250px;\"><script async src=\"https:\/\/pagead2.googlesyndication.com\/pagead\/js\/adsbygoogle.js?client=ca-pub-8106111766207173\"\r\n     crossorigin=\"anonymous\"><\/script>\r\n<!-- Display-1 -->\r\n<ins class=\"adsbygoogle\"\r\n     style=\"display:block\"\r\n     data-ad-client=\"ca-pub-8106111766207173\"\r\n     data-ad-slot=\"1465712950\"\r\n     data-ad-format=\"auto\"\r\n     data-full-width-responsive=\"true\"><\/ins>\r\n<script>\r\n     (adsbygoogle = window.adsbygoogle || []).push({});\r\n<\/script><\/div><\/div>","protected":false},"excerpt":{"rendered":"<p>Dan antifa\u0161isti\u010dke borbe obilje\u017eava se u znak sje\u0107anja na 22. lipnja 1941. kad je u \u0161umi Brezovica kod Siska osnovan Prvi sisa\u010dki partizanski odred, ujedno i prva antihitlerovska postrojba u tada\u0161njoj okupiranoj Hrvatskoj i Jugoslaviji.<\/p>\n","protected":false},"author":1,"featured_media":6863,"comment_status":"closed","ping_status":"closed","sticky":false,"template":"","format":"standard","meta":{"footnotes":""},"categories":[9],"tags":[614,627,1922],"class_list":["post-31710","post","type-post","status-publish","format-standard","has-post-thumbnail","hentry","category-vijesti","tag-antifasizam","tag-branitelji","tag-prazici-i-blagdani"],"_links":{"self":[{"href":"https:\/\/www.mojevrijeme.hr\/magazin\/wp-json\/wp\/v2\/posts\/31710","targetHints":{"allow":["GET"]}}],"collection":[{"href":"https:\/\/www.mojevrijeme.hr\/magazin\/wp-json\/wp\/v2\/posts"}],"about":[{"href":"https:\/\/www.mojevrijeme.hr\/magazin\/wp-json\/wp\/v2\/types\/post"}],"author":[{"embeddable":true,"href":"https:\/\/www.mojevrijeme.hr\/magazin\/wp-json\/wp\/v2\/users\/1"}],"replies":[{"embeddable":true,"href":"https:\/\/www.mojevrijeme.hr\/magazin\/wp-json\/wp\/v2\/comments?post=31710"}],"version-history":[{"count":0,"href":"https:\/\/www.mojevrijeme.hr\/magazin\/wp-json\/wp\/v2\/posts\/31710\/revisions"}],"wp:featuredmedia":[{"embeddable":true,"href":"https:\/\/www.mojevrijeme.hr\/magazin\/wp-json\/wp\/v2\/media\/6863"}],"wp:attachment":[{"href":"https:\/\/www.mojevrijeme.hr\/magazin\/wp-json\/wp\/v2\/media?parent=31710"}],"wp:term":[{"taxonomy":"category","embeddable":true,"href":"https:\/\/www.mojevrijeme.hr\/magazin\/wp-json\/wp\/v2\/categories?post=31710"},{"taxonomy":"post_tag","embeddable":true,"href":"https:\/\/www.mojevrijeme.hr\/magazin\/wp-json\/wp\/v2\/tags?post=31710"}],"curies":[{"name":"wp","href":"https:\/\/api.w.org\/{rel}","templated":true}]}}