{"id":32037,"date":"2019-11-19T07:49:11","date_gmt":"2019-11-19T06:49:11","guid":{"rendered":"https:\/\/www.mojevrijeme.hr\/magazin\/?p=32037"},"modified":"2019-11-19T07:49:13","modified_gmt":"2019-11-19T06:49:13","slug":"predsjednica-je-u-povlastenu-mirovinu-poslala-dvije-osobe-mediji-tvrde-da-je-rijec-o-svecenicima","status":"publish","type":"post","link":"https:\/\/www.mojevrijeme.hr\/magazin\/2019\/11\/predsjednica-je-u-povlastenu-mirovinu-poslala-dvije-osobe-mediji-tvrde-da-je-rijec-o-svecenicima\/","title":{"rendered":"Predsjednica je u povla\u0161tenu mirovinu poslala dvije osobe, mediji tvrde da je rije\u010d o sve\u0107enicima"},"content":{"rendered":"\n<p>Ured predsjednice <strong>Kolinde Grabar-Kitarovi\u0107<\/strong> ne \u017eeli otkriti imena dviju osoba koje je predsjednica tijekom mandata poslala u povla\u0161tenu mirovinu koja se dodjeljuje zbog osobitog doprinosa za razvoj Oru\u017eanih snaga, javlja Jutarnji.<\/p>\n\n\n\n<p>Iz neslu\u017ebenih izvora bliskih Uredu predsjednice <a href=\"https:\/\/www.jutarnji.hr\/vijesti\/hrvatska\/pantovcak-ne-zeli-otkriti-kome-je-predsjednica-dala-povlastene-mirovine-umirovljene-su-dvije-osobe-nesluzbeno-doznajemo-da-su-obje-osobe-svecenici\/9629359\/\" target=\"_blank\" rel=\"noreferrer noopener\" aria-label=\"Jutarnji (opens in a new tab)\">Jutarnji<\/a> doznaje da su obje osobe kojima je predsjednica osigurala povla\u0161tene mirovine &#8211; sve\u0107enici. <a href=\"http:\/\/hr.n1info.com\/Vijesti\/a460713\/N1-doznaje-kome-je-predsjednica-dala-povlastene-mirovine.html\" target=\"_blank\" rel=\"noreferrer noopener\" aria-label=\"N1  (opens in a new tab)\">N1 <\/a>pak doznaje da su u mirovinu poslani vojni ordinarij u miru monsinjor <strong>Juraj Jezerinac<\/strong> i monsinjor <strong>Jakov Mami\u0107<\/strong>, generalni vikar Vojnog ordinarijata u Republici Hrvatskoj. <\/p>\n\n\n\n<p>Predsjednik dr\u017eave kao vrhovni zapovjednik Oru\u017eanih snaga ima ovlast da diskrecijskom odlukom nekog od pripadnika Oru\u017eanih snaga, policije i tajnih slu\u017ebi po\u0161alje u povla\u0161tenu mirovinu, a to zna\u010di i prije nego \u0161to je ta osoba po godinama \u017eivota i sta\u017ea stekla zakonske uvjete za umirovljenje.<\/p><div id=\"mojev-3814860918\" class=\"mojev-u-tekstu mojev-entity-placement\" style=\"margin-left: auto;margin-right: auto;text-align: center;\"><div class=\"mojev-adlabel\">oglas<\/div><div style=\"height: 250px;\"><script async src=\"https:\/\/pagead2.googlesyndication.com\/pagead\/js\/adsbygoogle.js?client=ca-pub-8106111766207173\"\r\n     crossorigin=\"anonymous\"><\/script>\r\n<!-- Prikazni 1 u tekstu -->\r\n<ins class=\"adsbygoogle\"\r\n     style=\"display:block\"\r\n     data-ad-client=\"ca-pub-8106111766207173\"\r\n     data-ad-slot=\"8535551207\"\r\n     data-ad-format=\"auto\"\r\n     data-full-width-responsive=\"true\"><\/ins>\r\n<script>\r\n     (adsbygoogle = window.adsbygoogle || []).push({});\r\n<\/script><\/div><\/div><br style=\"clear: both; display: block; float: none;\"\/>\n\n\n\n<h3 class=\"wp-block-heading\">Komu predsjednik mo\u017ee dati mirovinu?<\/h3>\n\n\n\n<p>Prema zakonu, me\u0111utim, predsjednik privilegiranom mirovinom ne mo\u017ee nagraditi bilo koga, ve\u0107 samo osobu koja imaju &#8220;osobite zasluge za unaprje\u0111enje Oru\u017eanih snaga&#8221;. Ta je predsjedni\u010dka ovlast propisana \u010dlankom 5. Zakona o pravima iz mirovinskog osiguranja djelatnih vojnih osoba, policijskih slu\u017ebenika i ovla\u0161tenih slu\u017ebenih osoba.<\/p>\n\n\n\n<p>Najvi\u0161e osoba u privilegirane je mirovine otpremio prvi predsjednik Franjo Tu\u0111man &#8211; 495, predsjednik Mesi\u0107 85, Ivo Josipovi\u0107 dvije. Vlatko Pavleti\u0107 je u dva mjeseca obna\u0161anja du\u017enosti predsjednika u mirovinu stigao poslati 18 osoba, a Zlatko Tom\u010di\u0107 u dva tjedna &#8211; dvije.<\/p>\n<div id=\"mojev-2192158618\" class=\"mojev-kraj-teksta mojev-entity-placement\" style=\"margin-bottom: 20px;margin-left: auto;margin-right: auto;text-align: center;\"><div class=\"mojev-adlabel\">oglas<\/div><div style=\"height: 250px;\"><script async src=\"https:\/\/pagead2.googlesyndication.com\/pagead\/js\/adsbygoogle.js?client=ca-pub-8106111766207173\"\r\n     crossorigin=\"anonymous\"><\/script>\r\n<!-- Display-1 -->\r\n<ins class=\"adsbygoogle\"\r\n     style=\"display:block\"\r\n     data-ad-client=\"ca-pub-8106111766207173\"\r\n     data-ad-slot=\"1465712950\"\r\n     data-ad-format=\"auto\"\r\n     data-full-width-responsive=\"true\"><\/ins>\r\n<script>\r\n     (adsbygoogle = window.adsbygoogle || []).push({});\r\n<\/script><\/div><\/div>","protected":false},"excerpt":{"rendered":"<p>Najvi\u0161e osoba u privilegirane je mirovine otpremio prvi predsjednik Franjo Tu\u0111man &#8211; 495, predsjednik Mesi\u0107 85, Ivo Josipovi\u0107 dvije. Vlatko Pavleti\u0107 je u dva mjeseca obna\u0161anja du\u017enosti predsjednika u mirovinu stigao poslati 18 osoba, a Zlatko Tom\u010di\u0107 u dva tjedna &#8211; dvije.<\/p>\n","protected":false},"author":1,"featured_media":23055,"comment_status":"closed","ping_status":"closed","sticky":false,"template":"","format":"standard","meta":{"footnotes":""},"categories":[9],"tags":[1811,359,934],"class_list":["post-32037","post","type-post","status-publish","format-standard","has-post-thumbnail","hentry","category-vijesti","tag-hrvatska-vojska","tag-kolinda","tag-povlastene-mirovine"],"_links":{"self":[{"href":"https:\/\/www.mojevrijeme.hr\/magazin\/wp-json\/wp\/v2\/posts\/32037","targetHints":{"allow":["GET"]}}],"collection":[{"href":"https:\/\/www.mojevrijeme.hr\/magazin\/wp-json\/wp\/v2\/posts"}],"about":[{"href":"https:\/\/www.mojevrijeme.hr\/magazin\/wp-json\/wp\/v2\/types\/post"}],"author":[{"embeddable":true,"href":"https:\/\/www.mojevrijeme.hr\/magazin\/wp-json\/wp\/v2\/users\/1"}],"replies":[{"embeddable":true,"href":"https:\/\/www.mojevrijeme.hr\/magazin\/wp-json\/wp\/v2\/comments?post=32037"}],"version-history":[{"count":0,"href":"https:\/\/www.mojevrijeme.hr\/magazin\/wp-json\/wp\/v2\/posts\/32037\/revisions"}],"wp:featuredmedia":[{"embeddable":true,"href":"https:\/\/www.mojevrijeme.hr\/magazin\/wp-json\/wp\/v2\/media\/23055"}],"wp:attachment":[{"href":"https:\/\/www.mojevrijeme.hr\/magazin\/wp-json\/wp\/v2\/media?parent=32037"}],"wp:term":[{"taxonomy":"category","embeddable":true,"href":"https:\/\/www.mojevrijeme.hr\/magazin\/wp-json\/wp\/v2\/categories?post=32037"},{"taxonomy":"post_tag","embeddable":true,"href":"https:\/\/www.mojevrijeme.hr\/magazin\/wp-json\/wp\/v2\/tags?post=32037"}],"curies":[{"name":"wp","href":"https:\/\/api.w.org\/{rel}","templated":true}]}}