{"id":32498,"date":"2019-12-05T22:24:11","date_gmt":"2019-12-05T21:24:11","guid":{"rendered":"https:\/\/www.mojevrijeme.hr\/magazin\/?p=32498"},"modified":"2019-12-05T22:24:12","modified_gmt":"2019-12-05T21:24:12","slug":"hrelja-zaprijetio-plenkovicu-dovest-cu-ti-autobuse-penzionera-pod-prozor","status":"publish","type":"post","link":"https:\/\/www.mojevrijeme.hr\/magazin\/2019\/12\/hrelja-zaprijetio-plenkovicu-dovest-cu-ti-autobuse-penzionera-pod-prozor\/","title":{"rendered":"Hrelja zaprijetio Plenkovi\u0107u: Dovest \u0107u ti autobuse penzionera pod prozor"},"content":{"rendered":"\n<p>Predsjednik Hrvatske stranke umirovljenika <strong>Silvano Hrelja<\/strong> u Vinkovcima je komentirao peticiju koju je pokrenuo protiv poskupljenja dopunskog zdravstvenog osiguranja, a za pove\u0107anje cenzusa. <\/p>\n\n\n\n<p>&#8220;Kada vas Vlada odbije ili na neki na\u010din ka\u017ee da je to \u0161to radite populizam, a ne shva\u0107a sudbinu tih 250.000 ljudi, onda poja\u010davamo argument snage, a argument snage su na\u0161i umirovljenici, ve\u0107inom u ruralnim sredinama gdje je taj problem naro\u010dito izra\u017een vi\u0161e nego u Zagrebu gdje je prosje\u010dna mirovina oko 3.500 kuna&#8221;, rekao je \u0161ef ove umirovljeni\u010dke stranke. <\/p>\n\n\n\n<p>Gra\u0111ane je pozvao da pomognu prikupljati potpise, jer bi smatra, slika 70-godi\u0161njaka koji skupljaju potpise &#8220;po ci\u010doj zimi trebali udariti u oko, ako ne i u mozak&#8221;.<\/p><div id=\"mojev-991117942\" class=\"mojev-u-tekstu mojev-entity-placement\" style=\"margin-left: auto;margin-right: auto;text-align: center;\"><div class=\"mojev-adlabel\">oglas<\/div><div style=\"height: 250px;\"><script async src=\"https:\/\/pagead2.googlesyndication.com\/pagead\/js\/adsbygoogle.js?client=ca-pub-8106111766207173\"\r\n     crossorigin=\"anonymous\"><\/script>\r\n<!-- Prikazni 1 u tekstu -->\r\n<ins class=\"adsbygoogle\"\r\n     style=\"display:block\"\r\n     data-ad-client=\"ca-pub-8106111766207173\"\r\n     data-ad-slot=\"8535551207\"\r\n     data-ad-format=\"auto\"\r\n     data-full-width-responsive=\"true\"><\/ins>\r\n<script>\r\n     (adsbygoogle = window.adsbygoogle || []).push({});\r\n<\/script><\/div><\/div><br style=\"clear: both; display: block; float: none;\"\/>\n\n\n\n<p>&#8220;Ako nas i tu odbiju i\u0107i \u0107emo premijeru Plenkovi\u0107u pod prozore, svaki tjedan pet autobusa punih onih koji su izgubili dopunsko zdravstveno osiguranje da ne pri\u010daju kako su to neki ljudi, a to \u0107e biti ljudi u potrebi iz svih krajeva Hrvatske&#8221;, zaklju\u010dio je predsjednik HSU-a. <\/p>\n<div id=\"mojev-2320541381\" class=\"mojev-kraj-teksta mojev-entity-placement\" style=\"margin-bottom: 20px;margin-left: auto;margin-right: auto;text-align: center;\"><div class=\"mojev-adlabel\">oglas<\/div><div style=\"height: 250px;\"><script async src=\"https:\/\/pagead2.googlesyndication.com\/pagead\/js\/adsbygoogle.js?client=ca-pub-8106111766207173\"\r\n     crossorigin=\"anonymous\"><\/script>\r\n<!-- Display-1 -->\r\n<ins class=\"adsbygoogle\"\r\n     style=\"display:block\"\r\n     data-ad-client=\"ca-pub-8106111766207173\"\r\n     data-ad-slot=\"1465712950\"\r\n     data-ad-format=\"auto\"\r\n     data-full-width-responsive=\"true\"><\/ins>\r\n<script>\r\n     (adsbygoogle = window.adsbygoogle || []).push({});\r\n<\/script><\/div><\/div>","protected":false},"excerpt":{"rendered":"<p>Gra\u0111ane je pozvao da pomognu prikupljati potpise, jer bi smatra, slika 70-godi\u0161njaka koji skupljaju potpise po ci\u010doj zimi trebali udariti u oko, ako ne i u mozak&#8217;.<\/p>\n","protected":false},"author":1,"featured_media":8660,"comment_status":"closed","ping_status":"closed","sticky":false,"template":"","format":"standard","meta":{"footnotes":""},"categories":[9],"tags":[607,553,237,264,77],"class_list":["post-32498","post","type-post","status-publish","format-standard","has-post-thumbnail","hentry","category-vijesti","tag-dopunsko-osiguranje","tag-silvano-hrelja","tag-siromastvo","tag-stranka-umirovljenika","tag-umirovljenici"],"_links":{"self":[{"href":"https:\/\/www.mojevrijeme.hr\/magazin\/wp-json\/wp\/v2\/posts\/32498","targetHints":{"allow":["GET"]}}],"collection":[{"href":"https:\/\/www.mojevrijeme.hr\/magazin\/wp-json\/wp\/v2\/posts"}],"about":[{"href":"https:\/\/www.mojevrijeme.hr\/magazin\/wp-json\/wp\/v2\/types\/post"}],"author":[{"embeddable":true,"href":"https:\/\/www.mojevrijeme.hr\/magazin\/wp-json\/wp\/v2\/users\/1"}],"replies":[{"embeddable":true,"href":"https:\/\/www.mojevrijeme.hr\/magazin\/wp-json\/wp\/v2\/comments?post=32498"}],"version-history":[{"count":0,"href":"https:\/\/www.mojevrijeme.hr\/magazin\/wp-json\/wp\/v2\/posts\/32498\/revisions"}],"wp:featuredmedia":[{"embeddable":true,"href":"https:\/\/www.mojevrijeme.hr\/magazin\/wp-json\/wp\/v2\/media\/8660"}],"wp:attachment":[{"href":"https:\/\/www.mojevrijeme.hr\/magazin\/wp-json\/wp\/v2\/media?parent=32498"}],"wp:term":[{"taxonomy":"category","embeddable":true,"href":"https:\/\/www.mojevrijeme.hr\/magazin\/wp-json\/wp\/v2\/categories?post=32498"},{"taxonomy":"post_tag","embeddable":true,"href":"https:\/\/www.mojevrijeme.hr\/magazin\/wp-json\/wp\/v2\/tags?post=32498"}],"curies":[{"name":"wp","href":"https:\/\/api.w.org\/{rel}","templated":true}]}}