{"id":32625,"date":"2019-12-11T12:26:58","date_gmt":"2019-12-11T11:26:58","guid":{"rendered":"https:\/\/www.mojevrijeme.hr\/magazin\/?p=32625"},"modified":"2019-12-11T12:27:00","modified_gmt":"2019-12-11T11:27:00","slug":"zagreb-poskupio-odvoz-smeca-isti-fiksni-dio-za-umirovljenika-u-garsonjeri-i-kucu-s-deset-stanara","status":"publish","type":"post","link":"https:\/\/www.mojevrijeme.hr\/magazin\/2019\/12\/zagreb-poskupio-odvoz-smeca-isti-fiksni-dio-za-umirovljenika-u-garsonjeri-i-kucu-s-deset-stanara\/","title":{"rendered":"Zagreb: Poskupio odvoz sme\u0107a. Isti fiksni dio za umirovljenika u garsonjeri i ku\u0107u s deset stanara"},"content":{"rendered":"\n<p>Iz tre\u0107eg poku\u0161aja zagreba\u010dka Gradska skup\u0161tina poskupjela je odvoz otpada od 1. velja\u010de. Oporba se \u017eestoko protivila ovom prijedlogu, dva puta je sru\u0161ila kvorum, ali nije imala \u0161anse. Kvorum je ovoga puta postignut zahvaljuju\u0107i oporbenom <strong>Kre\u0161imiru Kartelu<\/strong> iz Neovisnih za Hrvatsku koji je ju\u010der glasao za prora\u010dun koji je predlo\u017eio gradona\u010delnik Milan Bandi\u0107. <\/p>\n\n\n\n<p>Od prvog dana\nvelja\u010de fiksni dio odvoza otpada za ku\u0107anstva iznositi \u0107e 68,57 kuna s PDV-om,\ndok \u0107e varijabilni dio cijene ovisiti o veli\u010dini spremnika i broju njegovih\npra\u017enjenja tijekom mjeseca.<\/p>\n\n\n\n<p>&#8220;Gra\u0111ani ne\u0107e biti financijski poticani da vi\u0161e odvajaju na recikliranje i kompostiranje kako bi imali manje ra\u010dune. Isti \u0107e fiksni dio pla\u0107ati primjerice umirovljenik u garsonjeri i ku\u0107a s nekoliko eta\u017ea u kojoj \u017eivi 10 ljudi&#8221;, istaknuo je predsjednik Kluba gradskih zastupnika Lijevog bloka <strong>Tomislav Toma\u0161evi\u0107<\/strong>. Naglasio je i kako \u0107e varijabilni dio \u010diniti samo oko 30 posto cijene, pa samo na taj dio gra\u0111ani mogu utjecati odvajanjem otpada.<\/p><div id=\"mojev-151174461\" class=\"mojev-u-tekstu mojev-entity-placement\" style=\"margin-left: auto;margin-right: auto;text-align: center;\"><div class=\"mojev-adlabel\">oglas<\/div><div style=\"height: 250px;\"><script async src=\"https:\/\/pagead2.googlesyndication.com\/pagead\/js\/adsbygoogle.js?client=ca-pub-8106111766207173\"\r\n     crossorigin=\"anonymous\"><\/script>\r\n<!-- Prikazni 1 u tekstu -->\r\n<ins class=\"adsbygoogle\"\r\n     style=\"display:block\"\r\n     data-ad-client=\"ca-pub-8106111766207173\"\r\n     data-ad-slot=\"8535551207\"\r\n     data-ad-format=\"auto\"\r\n     data-full-width-responsive=\"true\"><\/ins>\r\n<script>\r\n     (adsbygoogle = window.adsbygoogle || []).push({});\r\n<\/script><\/div><\/div><br style=\"clear: both; display: block; float: none;\"\/>\n\n\n\n<figure class=\"wp-block-image size-large\"><img loading=\"lazy\" decoding=\"async\" width=\"740\" height=\"444\" src=\"https:\/\/www.mojevrijeme.hr\/magazin\/wp-content\/uploads\/2019\/12\/tomislav-tomasevic-740x444.jpg\" alt=\"\" class=\"wp-image-32626\" srcset=\"https:\/\/www.mojevrijeme.hr\/magazin\/wp-content\/uploads\/2019\/12\/tomislav-tomasevic-740x444.jpg 740w, https:\/\/www.mojevrijeme.hr\/magazin\/wp-content\/uploads\/2019\/12\/tomislav-tomasevic-636x382.jpg 636w, https:\/\/www.mojevrijeme.hr\/magazin\/wp-content\/uploads\/2019\/12\/tomislav-tomasevic-768x461.jpg 768w, https:\/\/www.mojevrijeme.hr\/magazin\/wp-content\/uploads\/2019\/12\/tomislav-tomasevic-1536x922.jpg 1536w, https:\/\/www.mojevrijeme.hr\/magazin\/wp-content\/uploads\/2019\/12\/tomislav-tomasevic-1500x900.jpg 1500w, https:\/\/www.mojevrijeme.hr\/magazin\/wp-content\/uploads\/2019\/12\/tomislav-tomasevic-1600x960.jpg 1600w, https:\/\/www.mojevrijeme.hr\/magazin\/wp-content\/uploads\/2019\/12\/tomislav-tomasevic-590x354.jpg 590w, https:\/\/www.mojevrijeme.hr\/magazin\/wp-content\/uploads\/2019\/12\/tomislav-tomasevic-400x240.jpg 400w, https:\/\/www.mojevrijeme.hr\/magazin\/wp-content\/uploads\/2019\/12\/tomislav-tomasevic-1000x600.jpg 1000w, https:\/\/www.mojevrijeme.hr\/magazin\/wp-content\/uploads\/2019\/12\/tomislav-tomasevic-820x492.jpg 820w, https:\/\/www.mojevrijeme.hr\/magazin\/wp-content\/uploads\/2019\/12\/tomislav-tomasevic.jpg 2000w\" sizes=\"auto, (max-width: 740px) 100vw, 740px\" \/><figcaption>Tomislav Toma\u0161evi\u0107 (foto: Sandro Bura)<\/figcaption><\/figure>\n<div id=\"mojev-1871997845\" class=\"mojev-kraj-teksta mojev-entity-placement\" style=\"margin-bottom: 20px;margin-left: auto;margin-right: auto;text-align: center;\"><div class=\"mojev-adlabel\">oglas<\/div><div style=\"height: 250px;\"><script async src=\"https:\/\/pagead2.googlesyndication.com\/pagead\/js\/adsbygoogle.js?client=ca-pub-8106111766207173\"\r\n     crossorigin=\"anonymous\"><\/script>\r\n<!-- Display-1 -->\r\n<ins class=\"adsbygoogle\"\r\n     style=\"display:block\"\r\n     data-ad-client=\"ca-pub-8106111766207173\"\r\n     data-ad-slot=\"1465712950\"\r\n     data-ad-format=\"auto\"\r\n     data-full-width-responsive=\"true\"><\/ins>\r\n<script>\r\n     (adsbygoogle = window.adsbygoogle || []).push({});\r\n<\/script><\/div><\/div>","protected":false},"excerpt":{"rendered":"<p>Varijabilni dio \u0107e \u010diniti samo oko 30 posto cijene pa samo na taj dio gra\u0111ani mogu utjecati odvajanjem otpada, ka\u017ee Tomislav Toma\u0161evi\u0107.<\/p>\n","protected":false},"author":1,"featured_media":29845,"comment_status":"closed","ping_status":"closed","sticky":false,"template":"","format":"standard","meta":{"footnotes":""},"categories":[9],"tags":[605,875,39],"class_list":["post-32625","post","type-post","status-publish","format-standard","has-post-thumbnail","hentry","category-vijesti","tag-otpad","tag-poskupljenje","tag-zagreb"],"_links":{"self":[{"href":"https:\/\/www.mojevrijeme.hr\/magazin\/wp-json\/wp\/v2\/posts\/32625","targetHints":{"allow":["GET"]}}],"collection":[{"href":"https:\/\/www.mojevrijeme.hr\/magazin\/wp-json\/wp\/v2\/posts"}],"about":[{"href":"https:\/\/www.mojevrijeme.hr\/magazin\/wp-json\/wp\/v2\/types\/post"}],"author":[{"embeddable":true,"href":"https:\/\/www.mojevrijeme.hr\/magazin\/wp-json\/wp\/v2\/users\/1"}],"replies":[{"embeddable":true,"href":"https:\/\/www.mojevrijeme.hr\/magazin\/wp-json\/wp\/v2\/comments?post=32625"}],"version-history":[{"count":0,"href":"https:\/\/www.mojevrijeme.hr\/magazin\/wp-json\/wp\/v2\/posts\/32625\/revisions"}],"wp:featuredmedia":[{"embeddable":true,"href":"https:\/\/www.mojevrijeme.hr\/magazin\/wp-json\/wp\/v2\/media\/29845"}],"wp:attachment":[{"href":"https:\/\/www.mojevrijeme.hr\/magazin\/wp-json\/wp\/v2\/media?parent=32625"}],"wp:term":[{"taxonomy":"category","embeddable":true,"href":"https:\/\/www.mojevrijeme.hr\/magazin\/wp-json\/wp\/v2\/categories?post=32625"},{"taxonomy":"post_tag","embeddable":true,"href":"https:\/\/www.mojevrijeme.hr\/magazin\/wp-json\/wp\/v2\/tags?post=32625"}],"curies":[{"name":"wp","href":"https:\/\/api.w.org\/{rel}","templated":true}]}}