{"id":32760,"date":"2019-12-22T13:43:56","date_gmt":"2019-12-22T12:43:56","guid":{"rendered":"https:\/\/www.mojevrijeme.hr\/magazin\/?p=32760"},"modified":"2020-04-19T18:19:00","modified_gmt":"2020-04-19T16:19:00","slug":"vrtic-ili-baka-servis-sto-je-za-djecu-bolje","status":"publish","type":"post","link":"https:\/\/www.mojevrijeme.hr\/magazin\/2019\/12\/vrtic-ili-baka-servis-sto-je-za-djecu-bolje\/","title":{"rendered":"Vrti\u0107 ili baka-servis? \u0160to je za djecu bolje?"},"content":{"rendered":"\n<p>&#8220;Moja unu\u010dica ima dvije godine. Snaha se vratila na posao kad je maloj bilo godinu dana. Otada je ja \u010duvam. Mislim da je djetetu puno bolje kod ku\u0107e. Ja se mogu posve posvetiti njoj, a u vrti\u0107u ih je&#8230; Koliko? 15-20 na jednu tetu? Osim toga, tu su sve te viroze, prehlade&#8230; Vrti\u0107ka djeca su stalno bolesna, pa je i zato bolje kod ku\u0107e. Ja joj kuham ono \u0161to ona voli jesti, pazim na nju onako kako nijedan vrti\u0107 ne mo\u017ee&#8221;, ka\u017ee <strong>Katica<\/strong>, umirovljenica iz Zagreba.<\/p>\n\n\n\n<p>&#8220;Moji unuci idu u vrti\u0107 od prvoga dana, zna\u010di \u010dim su navr\u0161ili godinu dana i mama im se s porodiljnog vratila na posao. Mislim da je prirodnije da su djeca okru\u017eena drugom djecom nego starim babama. Dru\u017eimo se mi puno, svaki drugi dan idem po njih u vrti\u0107 pa ih odvedem k sebi doma dok mama i tata ne do\u0111u s posla, prespavaju kod mene preko vikenda i sve to. Ali ipak mislim da je djeci bolje da su u vrti\u0107u nego da ih baka \u010duva ba\u0161 po cijele dane. U vrti\u0107u rade profesionalci, smi\u0161ljaju im zabavne igre, u\u010de ih sva\u010demu. To bake ne mogu&#8221;, tvrdi <strong>Mirjana<\/strong>, tako\u0111er umirovljenica iz Zagreba.<\/p>\n\n\n\n<p>Dva slu\u010daja i dva posve opre\u010dna mi\u0161ljenja. Ova dvojba vrlo je \u010desta, a ljudi \u017eustro brane svoj izbor bez obzir spadaju li u vrti\u0107ku ili baka-servis kategoriju. Iako bez sumnje i jedno i drugo ima svoje prednosti, mo\u017ee li se uop\u0107e stvar do te mjere pojednostaviti i kazati koja je od dvije opcije za djecu bolja? Je li doista djeci bolje da ih \u010duvaju bake ili da idu u vrti\u0107, pitali smo pedagoginju dr.sc. <strong>Editu Slunjski<\/strong> s Filizofskog fakulteta u Zagrebu.<\/p><div id=\"mojev-318389643\" class=\"mojev-u-tekstu mojev-entity-placement\" style=\"margin-left: auto;margin-right: auto;text-align: center;\"><div class=\"mojev-adlabel\">oglas<\/div><div style=\"height: 250px;\"><script async src=\"https:\/\/pagead2.googlesyndication.com\/pagead\/js\/adsbygoogle.js?client=ca-pub-8106111766207173\"\r\n     crossorigin=\"anonymous\"><\/script>\r\n<!-- Prikazni 1 u tekstu -->\r\n<ins class=\"adsbygoogle\"\r\n     style=\"display:block\"\r\n     data-ad-client=\"ca-pub-8106111766207173\"\r\n     data-ad-slot=\"8535551207\"\r\n     data-ad-format=\"auto\"\r\n     data-full-width-responsive=\"true\"><\/ins>\r\n<script>\r\n     (adsbygoogle = window.adsbygoogle || []).push({});\r\n<\/script><\/div><\/div><br style=\"clear: both; display: block; float: none;\"\/>\n\n\n\n<p><strong>Postoji li jednostavan odgovor na pitanje \u0161to je za djecu bolje, da ih \u010duvaju bake ili da idu u vrti\u0107?<\/strong><\/p>\n\n\n\n<p>\u010clanovi \u0161ire obitelji djeteta, koja uklju\u010duje bake i djedove, i odgojno-obrazovna institucija, nisu suprotstavljene strane pa da bi bilo opravdano tra\u017eiti odgovor na pitanje gdje je djetetu bolje. Postoje kvalitete koje djetetu mogu pru\u017eiti samo \u010dlanovi obitelji kao i one koje mu mo\u017ee pru\u017eiti samo vrti\u0107 tj. jaslice. U cjelovitom razvoju, odgoju i u\u010denju djeteta, obitelj tj. bake i djedovi, kao i odgojno-obrazovna ustanova, imaju svoju va\u017enu ulogu koju te\u0161ko mo\u017ee nadomjestiti ono drugo okru\u017eenje.<\/p>\n\n\n\n<p>No, ako govorimo o vrti\u0107u, njegova je nenadomjestiva uloga u pru\u017eanju prilike djeci za dru\u017eenje s ve\u0107im brojem vr\u0161njaka tj. druge djece \u0161to mu obitelj ne mo\u017ee pru\u017eiti. Unutar vrti\u0107ke zajednice, dijete u\u010di kako se boriti za svoju poziciju u dru\u0161tvu jednakih i sebi ravnih tj. kako graditi socijalne odnose i komunikaciju s dugima. Naravno, u vrti\u0107u se s djetetom bave profesionalni odgajatelji, posebno \u0161kolovani za odgojno-obrazovno rad s djecom rane i pred\u0161kolske dobi. Oni mogu pomo\u0107i i \u010dlanovima obitelji razvijati pedago\u0161ke kompetencije.<\/p>\n\n\n\n<p><strong>Kad je najbolje vrijeme da dijete krene u vrti\u0107?<\/strong><\/p>\n\n\n\n<p>Zbog zaposlenosti roditelja, 21. stolje\u0107e je zapravo vrijeme institucijskog odrastanja djece, jer ona, u budnom stanju, vise vremena provode u vrti\u0107u nego kod ku\u0107e. U tom smislu, djeca uglavnom kre\u0107u u jaslice ili vrti\u0107 u trenutku u kojemu to nala\u017eu radne obveze roditelja, \u0161to za neku djecu zna\u010di \u010dak i prije navr\u0161ene prve godine \u017eivota. Pa kako je to s jedne strane neminovnost suvremenog na\u010dina \u017eivota, a s druge, djeca se i po svojim osobnim jednad\u017ebama me\u0111usobno razlikuju, nije mogu\u0107e jednozna\u010dno odgovoriti na pitanje koje je vrijeme optimalno za uklju\u010divanje djeteta u odgojno-obrazovnu ustanovu.<\/p>\n\n\n\n<p>Mnogo va\u017enije od toga je ulagati napor i energiju u to da jaslice i vrti\u0107i budu sto kvalitetniji i da dijete tamo voli i\u0107i. Jer, dijete rane i pred\u0161kolske dobi izrazito je osjetljivo na kontekst odrastanja i samo kvalitetno okru\u017eenje za njega je dovoljno dobro. Ako je vrti\u0107 kvalitetan, mnogo je bolje da ga dijete poha\u0111a nego da svoje djetinjstvo provodi bilo gdje drugdje.<\/p>\n\n\n\n<figure class=\"wp-block-image size-large\"><img loading=\"lazy\" decoding=\"async\" width=\"740\" height=\"444\" src=\"https:\/\/www.mojevrijeme.hr\/magazin\/wp-content\/uploads\/2019\/12\/edita-slunjski-740x444.jpg\" alt=\"\" class=\"wp-image-32769\" srcset=\"https:\/\/www.mojevrijeme.hr\/magazin\/wp-content\/uploads\/2019\/12\/edita-slunjski-740x444.jpg 740w, https:\/\/www.mojevrijeme.hr\/magazin\/wp-content\/uploads\/2019\/12\/edita-slunjski-636x382.jpg 636w, https:\/\/www.mojevrijeme.hr\/magazin\/wp-content\/uploads\/2019\/12\/edita-slunjski-768x461.jpg 768w, https:\/\/www.mojevrijeme.hr\/magazin\/wp-content\/uploads\/2019\/12\/edita-slunjski-590x354.jpg 590w, https:\/\/www.mojevrijeme.hr\/magazin\/wp-content\/uploads\/2019\/12\/edita-slunjski-400x240.jpg 400w, https:\/\/www.mojevrijeme.hr\/magazin\/wp-content\/uploads\/2019\/12\/edita-slunjski-1000x600.jpg 1000w, https:\/\/www.mojevrijeme.hr\/magazin\/wp-content\/uploads\/2019\/12\/edita-slunjski-820x492.jpg 820w, https:\/\/www.mojevrijeme.hr\/magazin\/wp-content\/uploads\/2019\/12\/edita-slunjski.jpg 1200w\" sizes=\"auto, (max-width: 740px) 100vw, 740px\" \/><figcaption>Edita Slunjski (foto: privatni album)<\/figcaption><\/figure>\n\n\n\n<p><strong>Najbolje bi, dakle, bilo kombinirati vrti\u0107 i baka-servis?<\/strong><\/p>\n\n\n\n<p>Dijete treba i\u0107i u vrti\u0107 zbog mnogo razloga no ta \u010dinjenica ne umanjuje vrijednost dru\u017eenja s bakom i djedom. Dapa\u010de, \u010desto je kvaliteta dru\u017eenja bake i djeda s djetetom i ve\u0107a ako se to doga\u0111a nakon vrti\u0107a ili tijekom vikenda, a ne kroz cijeli dan ili radni tjedan. U tom slu\u010daju, bake i djedovi mogu se posvetiti isklju\u010divo igri i dru\u017eenju s djecom, li\u0161eni drugih obveza i poslova koje bi ina\u010de imali. Uz to, ljudi tre\u0107e dobi imaju pravo i na vlastito vrijeme i vlastite zanimacije, pa \u010desto ni za njih same nije dobro da budu stavljeni u funkciju cjelodnevnog bavljenja unucima i unukama. <\/p>\n\n\n\n<p>Va\u017eno je imati na umu da djetinjstvo ima svoju vlastitu kulturu, da je vrti\u0107 mjesto na kojem djeca na mnogo na\u010dina profitiraju &#8211; mjesto na kojemu u\u010de biti samostalna u odgovorna, na kojemu se cijeni njihova inicijativa, sudjelovanje i suodlu\u010divanje, u kojemu se odgajaju i obrazuju u dru\u0161tvu druge djece i odraslih. Zato nije pravo pitanje trebaju li djeca i\u0107i u vrti\u0107 ili ne. Djeca na vrti\u0107 i na kvalitetan vrti\u0107ki odgoj i obrazovanje imaju pravo. Pravo je pitanje imaju li sva djeca priliku to svoje pravo i realizirati?<\/p>\n\n\n\n<h6><em>Ovaj prilog nastao je uz potporu Fonda za poticanje pluralizma i raznovrsnosti elektroni\u010dkih medija u okviru projekta \u201cNema predaje\u201d<\/em><\/h6>\n<div id=\"mojev-13153926\" class=\"mojev-kraj-teksta mojev-entity-placement\" style=\"margin-bottom: 20px;margin-left: auto;margin-right: auto;text-align: center;\"><div class=\"mojev-adlabel\">oglas<\/div><div style=\"height: 250px;\"><script async src=\"https:\/\/pagead2.googlesyndication.com\/pagead\/js\/adsbygoogle.js?client=ca-pub-8106111766207173\"\r\n     crossorigin=\"anonymous\"><\/script>\r\n<!-- Display-1 -->\r\n<ins class=\"adsbygoogle\"\r\n     style=\"display:block\"\r\n     data-ad-client=\"ca-pub-8106111766207173\"\r\n     data-ad-slot=\"1465712950\"\r\n     data-ad-format=\"auto\"\r\n     data-full-width-responsive=\"true\"><\/ins>\r\n<script>\r\n     (adsbygoogle = window.adsbygoogle || []).push({});\r\n<\/script><\/div><\/div>","protected":false},"excerpt":{"rendered":"<p>U raspravama o baka-servisu \u010desto slu\u0161amo dvije potpuno suprotstavljene strane. Prva tvrdi da bake i djedovi unucima pru\u017eaju najbolju mogu\u0107u skrb, dok drugi tvrde da unuci ne bi smjeli biti \u017eivotni prioritet baka, kao i da vrti\u0107 nudi puno bolje uvjete za stjecanje nu\u017enih vje\u0161tina. Koja je strana bli\u017ea istini, pitali smo vode\u0107u hrvatsku stru\u010dnjakinju za ovu temu \u2013 Editu Slunjski. <\/p>\n","protected":false},"author":4,"featured_media":32766,"comment_status":"closed","ping_status":"closed","sticky":false,"template":"","format":"standard","meta":{"footnotes":""},"categories":[1008],"tags":[1353,1487,952,198,508,318],"class_list":["post-32760","post","type-post","status-publish","format-standard","has-post-thumbnail","hentry","category-nema-predaje","tag-baka-servis","tag-edita-slunjski","tag-nemapredaje","tag-obitelj","tag-odgoj","tag-unuci"],"_links":{"self":[{"href":"https:\/\/www.mojevrijeme.hr\/magazin\/wp-json\/wp\/v2\/posts\/32760","targetHints":{"allow":["GET"]}}],"collection":[{"href":"https:\/\/www.mojevrijeme.hr\/magazin\/wp-json\/wp\/v2\/posts"}],"about":[{"href":"https:\/\/www.mojevrijeme.hr\/magazin\/wp-json\/wp\/v2\/types\/post"}],"author":[{"embeddable":true,"href":"https:\/\/www.mojevrijeme.hr\/magazin\/wp-json\/wp\/v2\/users\/4"}],"replies":[{"embeddable":true,"href":"https:\/\/www.mojevrijeme.hr\/magazin\/wp-json\/wp\/v2\/comments?post=32760"}],"version-history":[{"count":0,"href":"https:\/\/www.mojevrijeme.hr\/magazin\/wp-json\/wp\/v2\/posts\/32760\/revisions"}],"wp:featuredmedia":[{"embeddable":true,"href":"https:\/\/www.mojevrijeme.hr\/magazin\/wp-json\/wp\/v2\/media\/32766"}],"wp:attachment":[{"href":"https:\/\/www.mojevrijeme.hr\/magazin\/wp-json\/wp\/v2\/media?parent=32760"}],"wp:term":[{"taxonomy":"category","embeddable":true,"href":"https:\/\/www.mojevrijeme.hr\/magazin\/wp-json\/wp\/v2\/categories?post=32760"},{"taxonomy":"post_tag","embeddable":true,"href":"https:\/\/www.mojevrijeme.hr\/magazin\/wp-json\/wp\/v2\/tags?post=32760"}],"curies":[{"name":"wp","href":"https:\/\/api.w.org\/{rel}","templated":true}]}}