{"id":32789,"date":"2019-12-25T21:24:15","date_gmt":"2019-12-25T20:24:15","guid":{"rendered":"https:\/\/www.mojevrijeme.hr\/magazin\/?p=32789"},"modified":"2020-04-19T18:18:43","modified_gmt":"2020-04-19T16:18:43","slug":"kako-smo-proslavili-bozic-i-ostali-unutar-budzeta","status":"publish","type":"post","link":"https:\/\/www.mojevrijeme.hr\/magazin\/2019\/12\/kako-smo-proslavili-bozic-i-ostali-unutar-budzeta\/","title":{"rendered":"Kako smo proslavili Bo\u017ei\u0107 i ostali unutar bud\u017eeta"},"content":{"rendered":"\n<p>Bo\u017ei\u0107 je prije svega blagdan obitelji, zajedni\u0161tva i mira, no ipak bogata trpeza i pokloni pod borom elementi su bez kojih proslava jednostavno ne\u0107e biti potpuna. Kad novac nije problem, niti organizacija slavlja ne\u0107e nam zadavati muke, no \u0161to je s onima koji na raspolaganju imaju tek tisu\u0107u ili dvije kuna mjese\u010dno, a u tu kategoriju spada velik broj hrvatskih umirovljenika?<\/p>\n\n\n\n<p>Porazgovarali smo s nekima od njih i doznali kako proti\u010de Bo\u017ei\u0107 s ograni\u010denim bud\u017eetom te kako ipak imati pun stol i oki\u0107enu jelku unato\u010d financijskoj stisci.<\/p>\n\n\n\n<h3 class=\"wp-block-heading\">Bo\u017ei\u0107no drvce za malo ili nimalo kuna<\/h3>\n\n\n\n<div id=\"zeleno\"><\/p>\n\n\n\n<p><strong>Mijo (68), Zagreb<\/strong><\/p>\n\n\n\n<p>Imamo bor svake godine. Ali znate \u0161to, bor vam se kupuje u posljednji \u010das. Sve \u0161to se proda, proda se do isteka Badnje ve\u010deri, a kasnije se sva ta drvca bacaju. Zato ja u nabavku bora idem kasno nave\u010der na Badnjak kad su cijene totalno sni\u017eene, a pro\u0161le godine smo \u017eena i ja svoj mali bor nabavili i okitili na sam Bo\u017ei\u0107. Lani djeca nisu mogla do\u0107i za Bo\u017ei\u0107, a nama nije bilo toliko va\u017eno bor okititi ba\u0161 na samu Badnju ve\u010der pa smo pri\u010dekali do jutra i tada na\u0161li na tr\u017enici jedno malo odba\u010deno drvce koje smo mogli uzeti besplatno.<\/p>\n\n\n\n<p><\/div>\n\n\n\n<div id=\"zeleno\"> <\/p>\n\n\n\n<p><strong>Katarina (70), Zagreb<\/strong><\/p>\n\n\n\n<p>Mi smo kitili bor dok su djeca bila mala i dok je mu\u017e bio \u017eiv, no ja sama sada to vi\u0161e ne radim. Ali to ne zna\u010di da ne okitim malo ku\u0107u, no za to potro\u0161im minimalno, ako uop\u0107e i\u0161ta i platim. Ve\u0107 par godina za Badnjak u ku\u0107u donesem jednu lijepu granu koju okitim s par kuglica. \u010cisto da mi malo jelka miri\u0161i u ku\u0107u i da se ipak zna da je Bo\u017ei\u0107. A granu nekog bora ili jelke mo\u017eete bilo gdje nabaviti. Svi koji prodaju borove, dat \u0107e vam jednu granu besplatno. Oni uvijek odre\u017eu nekoliko grana ako su im drvca pregusta ili prevelika, pa te grane le\u017ee uokolo i mo\u017ee ih se uzeti. Eto, tako ja to rje\u0161avam \u2013 sasvim dovoljno, a besplatno.<\/p>\n\n\n\n<p><\/div>\n\n\n\n<div id=\"zeleno\"><\/p>\n\n\n\n<p><strong>Branka (71), Sesvete<\/strong><\/p>\n\n\n\n<p>Mi jelku ne kupujemo, jer imamo svoju. Raste nam ispred prozora ku\u0107e i nju svake godine okitimo lampicama i to je to. Ku\u0107a izgleda lijepo i sve\u010dano, nismo potro\u0161ili ni\u0161ta, a nismo morali ni rezati neko siroto drvo, nego imamo \u017eivo, pravo, koje nam raste pred ku\u0107om. Ove godine na jelku sam stavila i komade suhog kruha i osu\u0161enih jabuka tako da dolaze ptice i jedu. Mislim da od toga nema ljep\u0161eg ukrasa.<\/p>\n\n\n\n<p><\/div>\n\n\n\n<div id=\"zeleno\"> <\/p>\n\n\n\n<p><strong>Slavica (68), Zagreb<\/strong><\/p>\n\n\n\n<p>Mi smo pitanje bora za Bo\u017ei\u0107 rije\u0161ili prije par godina i otada smo mirni. Kupili smo plasti\u010dni, koji, evo, traje ve\u0107 petu ili \u0161estu godinu. Mu\u017e se u prvo vrijeme bunio, no poslije se naviknuo. Jer to drvce je stvarno lijepo, iako je umjetno. Ali ne ko\u0161ta nas ni\u0161ta, iglice se ne osipaju, a kad Bo\u017ei\u0107 pro\u0111e rastavimo ga i spremimo za nagodinu. Puno jednostavnije i jeftinije. A u\u010dinak isti.<\/p>\n\n\n\n<p><\/div>\n\n\n\n<h3 class=\"wp-block-heading\">Blagdanski stol pun bez velikih tro\u0161kova<\/h3>\n\n\n\n<div id=\"zeleno\"> <\/p>\n\n\n\n<p><strong>Branka (71), Zagreb<\/strong><\/p>\n\n\n\n<p>Znate, moja mama je uvijek govorila: &#8220;Nije problem skuhati fino jelo s puno novaca, no skuhaj ti jednako ukusno za malo kuna!&#8221; E po tome se poznaje prava doma\u0107ica! A ja imam ve\u0107 ohoho godina iza sebe pa znam kako u\u0161tedjeti. Za Badnjak se jede riba, ali za\u0161to bi to morao biti bakalar? Ja napravim osli\u0107a a la bakalar \u2013 ukusno je, zdravo i jeftino. I jo\u0161 ti ne zasmrdi \u010ditavu ku\u0107u. I ove godine sam tako. Bilo je za prste polizati, a \u010ditav ru\u010dak za nas petoro \u2013 riba, krumpir, salata \u2013 nije ko\u0161tao vi\u0161e od sto kuna.<\/p>\n\n\n\n<p><\/div>\n\n\n\n<div id=\"zeleno\"> <\/p>\n\n\n\n<p><strong>Katarina (70), Zagreb<\/strong><\/p>\n\n\n\n<p>Ja za Badnjak pripremim neku ribu, uglavnom srdelu, osli\u0107a i sli\u010dno. Za brancine i orade nemam novca. A i nije potrebno. Pa je li srdela ionako najzdravija riba ili nije? Ako djeca dolaze na ve\u010deru, pripremim malo vi\u0161e, no meni samoj kila srdele bude dovoljna za tri dana. Uostalom, ja to volim. Ove godine smo svi bili kod k\u0107erke za Badnjak tako da nisam ja kuhala, ali sam ispekla kola\u010de. Unuci najvi\u0161e vole \u010dupavce i vanilin-kiflice pa sam to napravila. Ukupno sam potro\u0161ila mo\u017eda 150 kuna. <\/p>\n\n\n\n<p><\/div>\n\n\n\n<div id=\"zeleno\"> <\/p>\n\n\n\n<p><strong>Slavica (68), Zagreb<\/strong><\/p>\n\n\n\n<p>Kod nas se za Badnjak ne kuha ni\u0161ta posebno. Naravno, bude to bez mesa, neka rima ili ne\u0161to, ali zato za Bo\u017ei\u0107 imamo obilni ru\u010dak. Neku godinu to bude purica, no ove godine uzela sam malo ve\u0107e pile, fino ga ispekla s krumpirima, onda jo\u0161 salata&#8230; Pile od dvije i ne\u0161to kila mo\u017ee se kupiti za oko 50 kuna, tome doda\u0161 jo\u0161 par kuna za krumpir i salatu. Ma mo\u017ee se napraviti fini ru\u010dak za malo novca.<\/p>\n\n\n\n<p><\/div>\n\n\n\n<div id=\"zeleno\"><\/p>\n\n\n\n<h3 class=\"wp-block-heading\">Darovi? Bitna je namjera, a ne cijena<\/h3>\n\n\n\n<p>[zelenibox]<\/p>\n\n\n\n<p><strong>Branka (71), Zagreba<\/strong><\/p>\n\n\n\n<p>Sad kad opet imamo malo dijete u obitelji, na poklone se potro\u0161i malo vi\u0161e. Evo, ove godine sam unuku uzela jednu slagalicu i slatki\u0161e. Ma djetetu je va\u017eno da je to sve lijepo zamotano i da bude iznena\u0111enje. Kad jo\u0161 malo naraste, sigurno \u0107emo kupovati lego kocke i takve malo skuplje igra\u010dke, no zasad jo\u0161 ne treba. A \u0161to se nas odraslih ti\u010de, isto je najbitnija namjera, a ne cijena. Kupujemo si ono \u0161to nam i ina\u010de treba: mu\u017e je dobio \u010darape, k\u0107i nov\u010danik, zet jedan set kozmetike, gel za tu\u0161iranje i dezodorans. Sve je to bilo lijepo zamotano pod borom, svi smo se razveselili, a nitko zbog poklona nije bankrotirao.<\/p>\n\n\n\n<p><\/div>\n\n\n\n<div id=\"zeleno\"> <\/p>\n\n\n\n<p><strong>Mijo (68), Zagreb<\/strong><\/p>\n\n\n\n<p>Za poklone je zadu\u017eena \u017eena. Ona svima u obitelji pokupuje sitnice koje im ina\u010de trebaju, tako da zapravo, nema nekog dodatnog tro\u0161ka ba\u0161 za poklone jer, na primjer, donji ve\u0161 i ne\u0161to kozmetike bi i na\u010de kupili. Samo \u0161to smo sad ono \u0161to i ina\u010de trebamo, dobili zamotano pod borom. Za djecu se, naravno, potro\u0161i malo vi\u0161e, ali ni tu ne treba pretjerivati. Ja sam svojim unu\u010dicama napravio ku\u0107icu za ptice. Sav sam materijal imao u gara\u017ei, kupio sam jedino boju. A mislim da je to jedan od najljep\u0161ih i najdra\u017eih poklona \u0161to su ikad dobile. Jako su se razveselile.<\/p>\n\n\n\n<p><\/div>\n\n\n\n<div id=\"zeleno\"><\/p>\n\n\n\n<p><strong>Katarina (70), Zagreb<\/strong><\/p>\n\n\n\n<p>Meni je k\u0107er ove godina ba\u0161 izrazito rekla da ne tro\u0161im na poklone, ali znate kako je, kad u ku\u0107i ima male djece, ne\u0161to mora\u0161 staviti pod bor. Ja sam tako napekla keksi\u0107a i kola\u010da i to sve zamotala i donijela kao poklon. Mali poklon, ali sladak. Svi su se veselili.<\/p>\n\n\n\n<p><\/div>\n\n\n\n<h6><em>Ovaj prilog nastao je uz potporu Fonda za poticanje pluralizma i raznovrsnosti elektroni\u010dkih medija u okviru projekta \u201cNema predaje\u201d<\/em><\/h6>\n<div id=\"mojev-578073328\" class=\"mojev-kraj-teksta mojev-entity-placement\" style=\"margin-bottom: 20px;margin-left: auto;margin-right: auto;text-align: center;\"><div class=\"mojev-adlabel\">oglas<\/div><div style=\"height: 250px;\"><script async src=\"https:\/\/pagead2.googlesyndication.com\/pagead\/js\/adsbygoogle.js?client=ca-pub-8106111766207173\"\r\n     crossorigin=\"anonymous\"><\/script>\r\n<!-- Display-1 -->\r\n<ins class=\"adsbygoogle\"\r\n     style=\"display:block\"\r\n     data-ad-client=\"ca-pub-8106111766207173\"\r\n     data-ad-slot=\"1465712950\"\r\n     data-ad-format=\"auto\"\r\n     data-full-width-responsive=\"true\"><\/ins>\r\n<script>\r\n     (adsbygoogle = window.adsbygoogle || []).push({});\r\n<\/script><\/div><\/div>","protected":false},"excerpt":{"rendered":"<p>Kad novac nije problem, niti organizacija slavlja ne\u0107e nam zadavati muke, no \u0161to je s onima koji na raspolaganju imaju tek tisu\u0107u ili dvije kuna mjese\u010dno, a u tu kategoriju spada velik broj hrvatskih umirovljenika? <\/p>\n","protected":false},"author":4,"featured_media":20666,"comment_status":"closed","ping_status":"closed","sticky":false,"template":"","format":"standard","meta":{"footnotes":""},"categories":[2,1008],"tags":[622,385,952,17],"class_list":["post-32789","post","type-post","status-publish","format-standard","has-post-thumbnail","hentry","category-mozaik","category-nema-predaje","tag-blagdan-praznik","tag-bozic","tag-nemapredaje","tag-novac"],"_links":{"self":[{"href":"https:\/\/www.mojevrijeme.hr\/magazin\/wp-json\/wp\/v2\/posts\/32789","targetHints":{"allow":["GET"]}}],"collection":[{"href":"https:\/\/www.mojevrijeme.hr\/magazin\/wp-json\/wp\/v2\/posts"}],"about":[{"href":"https:\/\/www.mojevrijeme.hr\/magazin\/wp-json\/wp\/v2\/types\/post"}],"author":[{"embeddable":true,"href":"https:\/\/www.mojevrijeme.hr\/magazin\/wp-json\/wp\/v2\/users\/4"}],"replies":[{"embeddable":true,"href":"https:\/\/www.mojevrijeme.hr\/magazin\/wp-json\/wp\/v2\/comments?post=32789"}],"version-history":[{"count":0,"href":"https:\/\/www.mojevrijeme.hr\/magazin\/wp-json\/wp\/v2\/posts\/32789\/revisions"}],"wp:featuredmedia":[{"embeddable":true,"href":"https:\/\/www.mojevrijeme.hr\/magazin\/wp-json\/wp\/v2\/media\/20666"}],"wp:attachment":[{"href":"https:\/\/www.mojevrijeme.hr\/magazin\/wp-json\/wp\/v2\/media?parent=32789"}],"wp:term":[{"taxonomy":"category","embeddable":true,"href":"https:\/\/www.mojevrijeme.hr\/magazin\/wp-json\/wp\/v2\/categories?post=32789"},{"taxonomy":"post_tag","embeddable":true,"href":"https:\/\/www.mojevrijeme.hr\/magazin\/wp-json\/wp\/v2\/tags?post=32789"}],"curies":[{"name":"wp","href":"https:\/\/api.w.org\/{rel}","templated":true}]}}