{"id":32935,"date":"2020-01-06T20:42:50","date_gmt":"2020-01-06T19:42:50","guid":{"rendered":"https:\/\/www.mojevrijeme.hr\/magazin\/?p=32935"},"modified":"2020-01-06T20:46:12","modified_gmt":"2020-01-06T19:46:12","slug":"stariji-biraci-glasali-su-za-milanovica-podrzali-su-ga-i-obrazovaniji-gradani","status":"publish","type":"post","link":"https:\/\/www.mojevrijeme.hr\/magazin\/2020\/01\/stariji-biraci-glasali-su-za-milanovica-podrzali-su-ga-i-obrazovaniji-gradani\/","title":{"rendered":"Stariji bira\u010di glasali su za Milanovi\u0107a, podr\u017eali su ga i obrazovaniji gra\u0111ani"},"content":{"rendered":"\n<p>Dnevnik <a rel=\"noreferrer noopener\" aria-label=\"Nove TV (opens in a new tab)\" href=\"https:\/\/dnevnik.hr\/vijesti\/predsjednicki-izbori\/detalji-pobjede-zorana-milanovica-sto-nam-govori-struktura-biraca-oboje-kandidata---589274.html\" target=\"_blank\">Nove TV<\/a> objavio je analizu istra\u017eivanja IPSOS-a u okviru izlaznih anketa.&nbsp; Izme\u0111u ostalog, objavljeno da je novi predsjednik Zoran Milanovi\u0107 dobio ve\u0107insku potporu starijih bira\u010da. Za njega je glasalo 57 posto bira\u010da starijih od 60 godina. <\/p>\n\n\n\n<p>Tako\u0111er, 61 posto bira\u010da sa visokom stru\u010dnom spremom glasovalo je za njega, dok je me\u0111u bira\u010dima koji su zavr\u0161ili samo osnovnu \u0161kolu 59 posto glasovalo za Kolindu Grabar-Kitarovi\u0107. <\/p>\n\n\n\n<p>Ju\u010der se dogodio jo\u0161 jedan novi fenomen, javlja <a href=\"https:\/\/dnevnik.hr\/vijesti\/predsjednicki-izbori\/detalji-pobjede-zorana-milanovica-sto-nam-govori-struktura-biraca-oboje-kandidata---589274.html\" target=\"_blank\" rel=\"noreferrer noopener\" aria-label=\"Nova TV (opens in a new tab)\">Nova TV<\/a>, a to su novi bira\u010di. To su bira\u010di koji nisu iza\u0161li na birali\u0161ta u prvom krugu, ali su iza\u0161li sada. Njih je nekoliko desetaka tisu\u0107a i 56 posto glas je dalo Milanovi\u0107u, a 44 posto Kolindi Grabar-Kitarovi\u0107. <\/p><div id=\"mojev-789221161\" class=\"mojev-u-tekstu mojev-entity-placement\" style=\"margin-left: auto;margin-right: auto;text-align: center;\"><div class=\"mojev-adlabel\">oglas<\/div><div style=\"height: 250px;\"><script async src=\"https:\/\/pagead2.googlesyndication.com\/pagead\/js\/adsbygoogle.js?client=ca-pub-8106111766207173\"\r\n     crossorigin=\"anonymous\"><\/script>\r\n<!-- Prikazni 1 u tekstu -->\r\n<ins class=\"adsbygoogle\"\r\n     style=\"display:block\"\r\n     data-ad-client=\"ca-pub-8106111766207173\"\r\n     data-ad-slot=\"8535551207\"\r\n     data-ad-format=\"auto\"\r\n     data-full-width-responsive=\"true\"><\/ins>\r\n<script>\r\n     (adsbygoogle = window.adsbygoogle || []).push({});\r\n<\/script><\/div><\/div><br style=\"clear: both; display: block; float: none;\"\/>\n<div id=\"mojev-3703748961\" class=\"mojev-kraj-teksta mojev-entity-placement\" style=\"margin-bottom: 20px;margin-left: auto;margin-right: auto;text-align: center;\"><div class=\"mojev-adlabel\">oglas<\/div><div style=\"height: 250px;\"><script async src=\"https:\/\/pagead2.googlesyndication.com\/pagead\/js\/adsbygoogle.js?client=ca-pub-8106111766207173\"\r\n     crossorigin=\"anonymous\"><\/script>\r\n<!-- Display-1 -->\r\n<ins class=\"adsbygoogle\"\r\n     style=\"display:block\"\r\n     data-ad-client=\"ca-pub-8106111766207173\"\r\n     data-ad-slot=\"1465712950\"\r\n     data-ad-format=\"auto\"\r\n     data-full-width-responsive=\"true\"><\/ins>\r\n<script>\r\n     (adsbygoogle = window.adsbygoogle || []).push({});\r\n<\/script><\/div><\/div>","protected":false},"excerpt":{"rendered":"<p>Od 300.000 bira\u010da Miroslava \u0160kore koji su ju\u010der iza\u0161li na izbore, 200.000 glasova dobila je Grabar-Kitarovi\u0107, a 100.000 Zoran Milanovi\u0107. <\/p>\n","protected":false},"author":1,"featured_media":31286,"comment_status":"closed","ping_status":"closed","sticky":false,"template":"","format":"standard","meta":{"footnotes":""},"categories":[9],"tags":[223,359,300],"class_list":["post-32935","post","type-post","status-publish","format-standard","has-post-thumbnail","hentry","category-vijesti","tag-izbori","tag-kolinda","tag-zoran-milanovic"],"_links":{"self":[{"href":"https:\/\/www.mojevrijeme.hr\/magazin\/wp-json\/wp\/v2\/posts\/32935","targetHints":{"allow":["GET"]}}],"collection":[{"href":"https:\/\/www.mojevrijeme.hr\/magazin\/wp-json\/wp\/v2\/posts"}],"about":[{"href":"https:\/\/www.mojevrijeme.hr\/magazin\/wp-json\/wp\/v2\/types\/post"}],"author":[{"embeddable":true,"href":"https:\/\/www.mojevrijeme.hr\/magazin\/wp-json\/wp\/v2\/users\/1"}],"replies":[{"embeddable":true,"href":"https:\/\/www.mojevrijeme.hr\/magazin\/wp-json\/wp\/v2\/comments?post=32935"}],"version-history":[{"count":0,"href":"https:\/\/www.mojevrijeme.hr\/magazin\/wp-json\/wp\/v2\/posts\/32935\/revisions"}],"wp:featuredmedia":[{"embeddable":true,"href":"https:\/\/www.mojevrijeme.hr\/magazin\/wp-json\/wp\/v2\/media\/31286"}],"wp:attachment":[{"href":"https:\/\/www.mojevrijeme.hr\/magazin\/wp-json\/wp\/v2\/media?parent=32935"}],"wp:term":[{"taxonomy":"category","embeddable":true,"href":"https:\/\/www.mojevrijeme.hr\/magazin\/wp-json\/wp\/v2\/categories?post=32935"},{"taxonomy":"post_tag","embeddable":true,"href":"https:\/\/www.mojevrijeme.hr\/magazin\/wp-json\/wp\/v2\/tags?post=32935"}],"curies":[{"name":"wp","href":"https:\/\/api.w.org\/{rel}","templated":true}]}}