{"id":33042,"date":"2020-01-10T11:55:48","date_gmt":"2020-01-10T10:55:48","guid":{"rendered":"https:\/\/www.mojevrijeme.hr\/magazin\/?p=33042"},"modified":"2020-01-10T11:56:08","modified_gmt":"2020-01-10T10:56:08","slug":"ove-subote-zagrebacki-solisti-sviraju-u-trbuhu-grada","status":"publish","type":"post","link":"https:\/\/www.mojevrijeme.hr\/magazin\/2020\/01\/ove-subote-zagrebacki-solisti-sviraju-u-trbuhu-grada\/","title":{"rendered":"Ove subote Zagreba\u010dki solisti sviraju u &#8216;trbuhu grada&#8217;"},"content":{"rendered":"\n<p>Zagreba\u010dki solisti \u0107e <strong>u subotu 11. sije\u010dnja<\/strong> u zatvorenom dijelu tr\u017enice Dolac u  Zagrebu <strong>od 11 sati<\/strong> odr\u017eati mini koncert za gra\u0111ane.<\/p>\n\n\n\n<p>Ovaj kultni gradski ansambl, u 2019. obilje\u017eio je 65 godina od prvog nastupa besplatnim mini  koncertima za gra\u0111ane. Zbog odli\u010dnog prijema me\u0111u gra\u0111anima koncert na Dolcu, koji se podudara s prvim nastupom u Zagrebu (11. sije\u010dnja 1954.),&nbsp; odr\u017eat \u0107e se i ove 2020. godine. <\/p>\n\n\n\n<h3 class=\"wp-block-heading\">Tko su Zagreba\u010dki solisti?<\/h3>\n\n\n\n<p>Ansambl Zagreba\u010dkih solista osnovan je 1953. godine u okviru Radio Zagreba, a svoj prvi koncert odr\u017eali su 1954. pod umjetni\u010dkim vodstvom glasovitoga violon\u010delista Antonija Janigra. <\/p><div id=\"mojev-356348961\" class=\"mojev-u-tekstu mojev-entity-placement\" style=\"margin-left: auto;margin-right: auto;text-align: center;\"><div class=\"mojev-adlabel\">oglas<\/div><div style=\"height: 250px;\"><script async src=\"https:\/\/pagead2.googlesyndication.com\/pagead\/js\/adsbygoogle.js?client=ca-pub-8106111766207173\"\r\n     crossorigin=\"anonymous\"><\/script>\r\n<!-- Prikazni 1 u tekstu -->\r\n<ins class=\"adsbygoogle\"\r\n     style=\"display:block\"\r\n     data-ad-client=\"ca-pub-8106111766207173\"\r\n     data-ad-slot=\"8535551207\"\r\n     data-ad-format=\"auto\"\r\n     data-full-width-responsive=\"true\"><\/ins>\r\n<script>\r\n     (adsbygoogle = window.adsbygoogle || []).push({});\r\n<\/script><\/div><\/div><br style=\"clear: both; display: block; float: none;\"\/>\n\n\n\n<p>Snimili su vi\u0161e od sedamdeset nosa\u010da zvuka, i to za kompanije poput ku\u0107a Vanguard, EMI, ASV, Eurodisc, Melodia, Hispa-vox, Pickwick i Croatia Records. &nbsp;Od zadnjih izdanja isti\u010de se nosa\u010d zvuka s djelima Ernesta Cordera, a koji je i nominiran za nagradu Latin Grammy. <\/p>\n\n\n\n<figure class=\"wp-block-image size-large\"><img loading=\"lazy\" decoding=\"async\" width=\"740\" height=\"444\" src=\"https:\/\/www.mojevrijeme.hr\/magazin\/wp-content\/uploads\/2020\/01\/zagrebacki-solisti-na-dolcu2-740x444.jpg\" alt=\"\" class=\"wp-image-33046\" srcset=\"https:\/\/www.mojevrijeme.hr\/magazin\/wp-content\/uploads\/2020\/01\/zagrebacki-solisti-na-dolcu2-740x444.jpg 740w, https:\/\/www.mojevrijeme.hr\/magazin\/wp-content\/uploads\/2020\/01\/zagrebacki-solisti-na-dolcu2-636x382.jpg 636w, https:\/\/www.mojevrijeme.hr\/magazin\/wp-content\/uploads\/2020\/01\/zagrebacki-solisti-na-dolcu2-768x461.jpg 768w, https:\/\/www.mojevrijeme.hr\/magazin\/wp-content\/uploads\/2020\/01\/zagrebacki-solisti-na-dolcu2-590x354.jpg 590w, https:\/\/www.mojevrijeme.hr\/magazin\/wp-content\/uploads\/2020\/01\/zagrebacki-solisti-na-dolcu2-400x240.jpg 400w, https:\/\/www.mojevrijeme.hr\/magazin\/wp-content\/uploads\/2020\/01\/zagrebacki-solisti-na-dolcu2-1000x600.jpg 1000w, https:\/\/www.mojevrijeme.hr\/magazin\/wp-content\/uploads\/2020\/01\/zagrebacki-solisti-na-dolcu2-820x492.jpg 820w, https:\/\/www.mojevrijeme.hr\/magazin\/wp-content\/uploads\/2020\/01\/zagrebacki-solisti-na-dolcu2.jpg 1200w\" sizes=\"auto, (max-width: 740px) 100vw, 740px\" \/><figcaption>Zagreba\u010dki solisti na Dolcu 2019. godine (foto: PR)<\/figcaption><\/figure>\n\n\n\n<p>Zagreba\u010dkim solistima dodijeljene su mnoge visoke nagrade i priznanja, me\u0111u kojima se isti\u010du: prva nagrada u Mar del Plati (za album Koncerti 18. stolje\u0107a), Medalja Pablo Casals, Medalja Elisabeth Sprague Coolidge (za izvo\u0111enje suvremene glazbe). <\/p>\n\n\n\n<p>Tijekom Domovinskoga rata Zagreba\u010dki solisti odr\u017eali su sedamdesetak dobrotvornih koncerata (za grad Dubrovnik, za poru\u0161ene glazbene \u0161kole u Hrvatskoj, sru\u0161enu zgradu HNK u Osijeku, Dje\u010dju bolnicu Zagreb, za brojne razorene hrvatske spomenike i dr.), a izveli su i velik broj sve\u010danih koncerata povodom predstavljanja nove hrvatske dr\u017eave. <\/p>\n<div id=\"mojev-4098049489\" class=\"mojev-kraj-teksta mojev-entity-placement\" style=\"margin-bottom: 20px;margin-left: auto;margin-right: auto;text-align: center;\"><div class=\"mojev-adlabel\">oglas<\/div><div style=\"height: 250px;\"><script async src=\"https:\/\/pagead2.googlesyndication.com\/pagead\/js\/adsbygoogle.js?client=ca-pub-8106111766207173\"\r\n     crossorigin=\"anonymous\"><\/script>\r\n<!-- Display-1 -->\r\n<ins class=\"adsbygoogle\"\r\n     style=\"display:block\"\r\n     data-ad-client=\"ca-pub-8106111766207173\"\r\n     data-ad-slot=\"1465712950\"\r\n     data-ad-format=\"auto\"\r\n     data-full-width-responsive=\"true\"><\/ins>\r\n<script>\r\n     (adsbygoogle = window.adsbygoogle || []).push({});\r\n<\/script><\/div><\/div>","protected":false},"excerpt":{"rendered":"<p>Ansambl Zagreba\u010dkih solista osnovan je 1953. godine u okviru Radio Zagreba, a svoj prvi koncert odr\u017eali su 1954. pod umjetni\u010dkim vodstvom glasovitoga violon\u010delista Antonija Janigra. <\/p>\n","protected":false},"author":1,"featured_media":33047,"comment_status":"closed","ping_status":"closed","sticky":false,"template":"","format":"standard","meta":{"footnotes":""},"categories":[2],"tags":[1860,161,39,1733],"class_list":["post-33042","post","type-post","status-publish","format-standard","has-post-thumbnail","hentry","category-mozaik","tag-dolac","tag-koncert","tag-zagreb","tag-zagrebacki-solisti"],"_links":{"self":[{"href":"https:\/\/www.mojevrijeme.hr\/magazin\/wp-json\/wp\/v2\/posts\/33042","targetHints":{"allow":["GET"]}}],"collection":[{"href":"https:\/\/www.mojevrijeme.hr\/magazin\/wp-json\/wp\/v2\/posts"}],"about":[{"href":"https:\/\/www.mojevrijeme.hr\/magazin\/wp-json\/wp\/v2\/types\/post"}],"author":[{"embeddable":true,"href":"https:\/\/www.mojevrijeme.hr\/magazin\/wp-json\/wp\/v2\/users\/1"}],"replies":[{"embeddable":true,"href":"https:\/\/www.mojevrijeme.hr\/magazin\/wp-json\/wp\/v2\/comments?post=33042"}],"version-history":[{"count":0,"href":"https:\/\/www.mojevrijeme.hr\/magazin\/wp-json\/wp\/v2\/posts\/33042\/revisions"}],"wp:featuredmedia":[{"embeddable":true,"href":"https:\/\/www.mojevrijeme.hr\/magazin\/wp-json\/wp\/v2\/media\/33047"}],"wp:attachment":[{"href":"https:\/\/www.mojevrijeme.hr\/magazin\/wp-json\/wp\/v2\/media?parent=33042"}],"wp:term":[{"taxonomy":"category","embeddable":true,"href":"https:\/\/www.mojevrijeme.hr\/magazin\/wp-json\/wp\/v2\/categories?post=33042"},{"taxonomy":"post_tag","embeddable":true,"href":"https:\/\/www.mojevrijeme.hr\/magazin\/wp-json\/wp\/v2\/tags?post=33042"}],"curies":[{"name":"wp","href":"https:\/\/api.w.org\/{rel}","templated":true}]}}