{"id":33320,"date":"2020-01-18T19:19:21","date_gmt":"2020-01-18T18:19:21","guid":{"rendered":"https:\/\/www.mojevrijeme.hr\/magazin\/?p=33320"},"modified":"2020-01-18T19:20:34","modified_gmt":"2020-01-18T18:20:34","slug":"bandic-obavio-smotru-najspremnije-zimske-sluzbe-zagreb-spremno-ocekuje-snijeg","status":"publish","type":"post","link":"https:\/\/www.mojevrijeme.hr\/magazin\/2020\/01\/bandic-obavio-smotru-najspremnije-zimske-sluzbe-zagreb-spremno-ocekuje-snijeg\/","title":{"rendered":"Bandi\u0107 obavio smotru &#8216;najspremnije Zimske slu\u017ebe&#8217;, Zagreb se ne treba bojati snijega"},"content":{"rendered":"\n<p>Zagrep\u010dani ne trebaju strahovati zbog mogu\u0107eg snijega jer su Zagreba\u010dke ceste u svakom trenutku spremne izvesti 400 vozila i specijalnih strojeva, a zalihe soli ve\u0107e su od 20.000 tona, izvijestio je zagreba\u010dki gradona\u010delnik <strong>Milan Bandi\u0107<\/strong> u subotu nakon smotre Zimske slu\u017ebe grada Zagreba.<\/p>\n\n\n\n<p>Smotra vi\u0161e od\n350 vozila (50-ak ih je na terenu), uz snimanje milenijske fotografije, odr\u017eana\nje na isto\u010dnom parkirali\u0161tu Zagreba\u010dkog velesajma.<\/p>\n\n\n\n<p>&#8220;Pro\u0161le godine smo&nbsp; o\u010distili preko 2.600 km zagreba\u010dkih cesta, preko 600 km nogostupa i sporednih cesta \u0161to iznosi oko 3.200 km. Potro\u0161eno je ukupno 40 milijuna kuna. Ove godine predvi\u0111en je isti iznos. Ovo je samo demonstracija spremnosti Zimske slu\u017ebe Grada Zagreba od 350 manjih i ve\u0107ih vozila koja su ovdje i oko 50 koja su na terenu. Imamo najspremniju i najbolje tehni\u010dki opremljenu Zimsku slu\u017ebu u Europi&#8221;, istaknuo je gradona\u010delnik Milan Bandi\u0107.<\/p><div id=\"mojev-2785502892\" class=\"mojev-u-tekstu mojev-entity-placement\" style=\"margin-left: auto;margin-right: auto;text-align: center;\"><div class=\"mojev-adlabel\">oglas<\/div><div style=\"height: 250px;\"><script async src=\"https:\/\/pagead2.googlesyndication.com\/pagead\/js\/adsbygoogle.js?client=ca-pub-8106111766207173\"\r\n     crossorigin=\"anonymous\"><\/script>\r\n<!-- Prikazni 1 u tekstu -->\r\n<ins class=\"adsbygoogle\"\r\n     style=\"display:block\"\r\n     data-ad-client=\"ca-pub-8106111766207173\"\r\n     data-ad-slot=\"8535551207\"\r\n     data-ad-format=\"auto\"\r\n     data-full-width-responsive=\"true\"><\/ins>\r\n<script>\r\n     (adsbygoogle = window.adsbygoogle || []).push({});\r\n<\/script><\/div><\/div><br style=\"clear: both; display: block; float: none;\"\/>\n\n\n\n<figure class=\"wp-block-image size-large\"><img loading=\"lazy\" decoding=\"async\" width=\"740\" height=\"444\" src=\"https:\/\/www.mojevrijeme.hr\/magazin\/wp-content\/uploads\/2020\/01\/ralice-zagreb-740x444.jpg\" alt=\"\" class=\"wp-image-33322\" srcset=\"https:\/\/www.mojevrijeme.hr\/magazin\/wp-content\/uploads\/2020\/01\/ralice-zagreb-740x444.jpg 740w, https:\/\/www.mojevrijeme.hr\/magazin\/wp-content\/uploads\/2020\/01\/ralice-zagreb-636x382.jpg 636w, https:\/\/www.mojevrijeme.hr\/magazin\/wp-content\/uploads\/2020\/01\/ralice-zagreb-768x461.jpg 768w, https:\/\/www.mojevrijeme.hr\/magazin\/wp-content\/uploads\/2020\/01\/ralice-zagreb-1536x922.jpg 1536w, https:\/\/www.mojevrijeme.hr\/magazin\/wp-content\/uploads\/2020\/01\/ralice-zagreb-1500x900.jpg 1500w, https:\/\/www.mojevrijeme.hr\/magazin\/wp-content\/uploads\/2020\/01\/ralice-zagreb-1600x960.jpg 1600w, https:\/\/www.mojevrijeme.hr\/magazin\/wp-content\/uploads\/2020\/01\/ralice-zagreb-590x354.jpg 590w, https:\/\/www.mojevrijeme.hr\/magazin\/wp-content\/uploads\/2020\/01\/ralice-zagreb-400x240.jpg 400w, https:\/\/www.mojevrijeme.hr\/magazin\/wp-content\/uploads\/2020\/01\/ralice-zagreb-1000x600.jpg 1000w, https:\/\/www.mojevrijeme.hr\/magazin\/wp-content\/uploads\/2020\/01\/ralice-zagreb-820x492.jpg 820w, https:\/\/www.mojevrijeme.hr\/magazin\/wp-content\/uploads\/2020\/01\/ralice-zagreb.jpg 2000w\" sizes=\"auto, (max-width: 740px) 100vw, 740px\" \/><figcaption>foto: Zagreb.hr<\/figcaption><\/figure>\n<div id=\"mojev-552175515\" class=\"mojev-kraj-teksta mojev-entity-placement\" style=\"margin-bottom: 20px;margin-left: auto;margin-right: auto;text-align: center;\"><div class=\"mojev-adlabel\">oglas<\/div><div style=\"height: 250px;\"><script async src=\"https:\/\/pagead2.googlesyndication.com\/pagead\/js\/adsbygoogle.js?client=ca-pub-8106111766207173\"\r\n     crossorigin=\"anonymous\"><\/script>\r\n<!-- Display-1 -->\r\n<ins class=\"adsbygoogle\"\r\n     style=\"display:block\"\r\n     data-ad-client=\"ca-pub-8106111766207173\"\r\n     data-ad-slot=\"1465712950\"\r\n     data-ad-format=\"auto\"\r\n     data-full-width-responsive=\"true\"><\/ins>\r\n<script>\r\n     (adsbygoogle = window.adsbygoogle || []).push({});\r\n<\/script><\/div><\/div>","protected":false},"excerpt":{"rendered":"<p>Pro\u0161le godine smo  o\u010distili preko 2.600 km zagreba\u010dkih cesta, preko 600 km nogostupa i sporednih cesta \u0161to iznosi oko 3.200 km, kazao je Bandi\u0107. <\/p>\n","protected":false},"author":1,"featured_media":33323,"comment_status":"closed","ping_status":"closed","sticky":false,"template":"","format":"standard","meta":{"footnotes":""},"categories":[9],"tags":[37,39,2043],"class_list":["post-33320","post","type-post","status-publish","format-standard","has-post-thumbnail","hentry","category-vijesti","tag-milan-bandic","tag-zagreb","tag-zimska-sluzba"],"_links":{"self":[{"href":"https:\/\/www.mojevrijeme.hr\/magazin\/wp-json\/wp\/v2\/posts\/33320","targetHints":{"allow":["GET"]}}],"collection":[{"href":"https:\/\/www.mojevrijeme.hr\/magazin\/wp-json\/wp\/v2\/posts"}],"about":[{"href":"https:\/\/www.mojevrijeme.hr\/magazin\/wp-json\/wp\/v2\/types\/post"}],"author":[{"embeddable":true,"href":"https:\/\/www.mojevrijeme.hr\/magazin\/wp-json\/wp\/v2\/users\/1"}],"replies":[{"embeddable":true,"href":"https:\/\/www.mojevrijeme.hr\/magazin\/wp-json\/wp\/v2\/comments?post=33320"}],"version-history":[{"count":0,"href":"https:\/\/www.mojevrijeme.hr\/magazin\/wp-json\/wp\/v2\/posts\/33320\/revisions"}],"wp:featuredmedia":[{"embeddable":true,"href":"https:\/\/www.mojevrijeme.hr\/magazin\/wp-json\/wp\/v2\/media\/33323"}],"wp:attachment":[{"href":"https:\/\/www.mojevrijeme.hr\/magazin\/wp-json\/wp\/v2\/media?parent=33320"}],"wp:term":[{"taxonomy":"category","embeddable":true,"href":"https:\/\/www.mojevrijeme.hr\/magazin\/wp-json\/wp\/v2\/categories?post=33320"},{"taxonomy":"post_tag","embeddable":true,"href":"https:\/\/www.mojevrijeme.hr\/magazin\/wp-json\/wp\/v2\/tags?post=33320"}],"curies":[{"name":"wp","href":"https:\/\/api.w.org\/{rel}","templated":true}]}}