{"id":3350,"date":"2015-02-26T21:36:08","date_gmt":"2015-02-26T20:36:08","guid":{"rendered":"http:\/\/www.mojevrijeme.hr\/magazin\/?p=3350"},"modified":"2019-04-18T15:27:38","modified_gmt":"2019-04-18T13:27:38","slug":"helga-vlahovic-rado-bih-snimila-plocu","status":"publish","type":"post","link":"https:\/\/www.mojevrijeme.hr\/magazin\/2015\/02\/helga-vlahovic-rado-bih-snimila-plocu\/","title":{"rendered":"Helga Vlahovi\u0107: Rado bih snimila plo\u010du"},"content":{"rendered":"<p>&#8220;Gotovo svake ve\u010deri smje\u0161kam se s TV ekrana i informiram vas o rasporedu programa i pojedinim emisijama. E, pa lijepo, sad \u0107u ovdje raditi to isto, samo na drugi na\u010din: smje\u0161kat \u0107u se i dalje \u0161to pokazuje i gornja slika \u00ad i nastojati da vam \u0161to slikovitije prika\u017eem nove planove oko programa, ispri\u010dam koju anegdotu ili opi\u0161em zgode i nezgode TV radnika. Tu \u0107emo pribrojiti i va\u0161a pisma, kakvu informaciju iz zabavne muzike, razgovor s nekom poznatom osobom. Ukratko, sve \u0161to vas zanima s televizije.&#8221; Pisala je tako\u00a0<strong>Helga Vlahovi\u0107<\/strong>\u00a0(1945-2012.) u svom dnevniku za <strong>Plavi vjesnik<\/strong> <strong>daleke 1967. godine<\/strong>. Ovi zapisi svjedo\u010de kako je Helga i na po\u010decima svoje karijere bila topla osoba; skromna i pristupa\u010dna, ba\u0161 onakva kakvu je pamtimo svih desetlje\u0107a koje je provela pred televizijskim kamerama.\u00a0Napustila nas je prije to\u010dno tri godine.<\/p>\n<p>&nbsp;<\/p>\n<h3>Ksenija &#8220;olak\u0161ana&#8221; za pola milijuna!<\/h3>\n<p>Jo\u0161 je era godi\u0161njih odmora, pa oni i nama \u010dine kojekakve probleme. Od spikera su, odjednom, oti\u0161li oni koji rade istu vrstu posla pa su se ostali naglo morali prekvalificirati. Tu je osobito stradala moja kolegica <strong>Ksenija Domljan<\/strong> (kasnije Urli\u010di\u0107, op. ur.) koja je, mo\u017ee se re\u0107i, \u010ditav ljetni program iznijela na svojim le\u0111ima.<\/p>\n<p>&#8211; Ako ovako nastavi\u0161 &#8211; rekla sam joj &#8211; morat \u0107e\u0161 i krevet preseliti u studio!<\/p><div id=\"mojev-3780222387\" class=\"mojev-u-tekstu mojev-entity-placement\" style=\"margin-left: auto;margin-right: auto;text-align: center;\"><div class=\"mojev-adlabel\">oglas<\/div><div style=\"height: 250px;\"><script async src=\"https:\/\/pagead2.googlesyndication.com\/pagead\/js\/adsbygoogle.js?client=ca-pub-8106111766207173\"\r\n     crossorigin=\"anonymous\"><\/script>\r\n<!-- Prikazni 1 u tekstu -->\r\n<ins class=\"adsbygoogle\"\r\n     style=\"display:block\"\r\n     data-ad-client=\"ca-pub-8106111766207173\"\r\n     data-ad-slot=\"8535551207\"\r\n     data-ad-format=\"auto\"\r\n     data-full-width-responsive=\"true\"><\/ins>\r\n<script>\r\n     (adsbygoogle = window.adsbygoogle || []).push({});\r\n<\/script><\/div><\/div><br style=\"clear: both; display: block; float: none;\"\/>\n<p>&#8211; Da &#8211; odgovorila mi je &#8211; ali uz uvjet da pred vratima moga stana od sada stoji milicioner.<\/p>\n<p>&#8211; ?!<\/p>\n<p>&#8211; Dok sam \u010ditala drugo izdanje emisije &#8220;Ju\u010der, danas, sutra&#8221; iz stana mi je nestala sva u\u0161te\u0111evina i \u0161est zlatnih narukvica. Sve u svemu &#8220;lak\u0161a&#8221; sam za pola milijuna starih dinara! &#8211; na ovo \u0107e Ksenija.<\/p>\n<p>Vjerujem da \u0107e vas zanimati Konferencija za mir, koja je tokom augusta odr\u017eana u Tokiju. Prisustvovao joj je kao aktivni u\u010desnik i predstavnik na\u0161e zemlje TV komentator Zvonko Letica. Nadam se da \u0107e nam pripremiti nekoliko zanimljivih emisija iz Japana na koje \u0107u vas svakako upozoriti.<\/p>\n<p>Po\u010dinje tradicionalni Jesenski zagreba\u010dki velesajam. Na\u0161a ekonomsko\u00ad propagandna redakcija priprema seriju informativnih emisija o tom doga\u0111aju a vi ih vjerojatno ve\u0107 otprije poznajete pod imenom &#8220;TV biro&#8221;. U njoj \u0107emo se kao tradicionalni voditelji pojaviti Ljubo Jel\u010di\u0107 i ja.<\/p>\n<p>To bi bilo sve za prvi put. Do slijede\u0107eg broja dovi\u0111enja i do \u010ditanja!<\/p>\n<p>&nbsp;<\/p>\n<div id=\"crveno\">Uvijek kada su mi se tiskovni mediji pribli\u017eavali, pribli\u017eavali su mi se s velikim po\u0161tovanjem. Nisam osje\u0107ala animozitet prema sebi pa me nisu rastezali zbog razvoda. Ne osje\u0107am to ni danas i mislim da me po\u0161tuju ali prema mnogima to po\u0161tovanje, \u010dini se, ne postoji. Danas vlada beskrupuloznost, ne po\u0161tuje se nikoga i ni\u010diji privatni \u017eivot. Ja sam tome dosko\u010dila time \u0161to sam se po\u010dela povla\u010diti. Netko tko nije svakog dana na ekranu treba medije radi promocije, tra\u017ei ih, jer se za njega ina\u010de ne mo\u017ee \u010duti. Ja sam bila eksponirana po svom poslu pa sam imala potrebu povu\u0107i se. Ja sam se na neki na\u010din skrivala od publike u javnom \u017eivotu. Novinari su to po\u0161tivali. Nisam ih pozivala da me slikaju u ku\u0107i, ne volim to, ne volim da mi gledaju slike, klavir i sve ono \u0161to imam ili nemam. Nisam ni svoju djecu puno izlagala javnosti, a njih dvije su to skrivale kao zmija noge. Svaka nosi druk\u010dije prezime a ne prezime Vlahovi\u0107 i sve \u0161to su napravile u \u017eivotu, napravile su same. <em>(<a href=\"http:\/\/arhiva.nacional.hr\/clanak\/25003\/helga-vlahovic-voditeljska-ikona-najslavnijeg-razdoblja-televizije\" target=\"_blank\" rel=\"noopener noreferrer\">Ikona najslavnijeg razdoblja televizije<\/a>, Nacional, svibanj 2006.)<\/em><\/div>\n<h3>Suhi podaci koje spiker mora o\u017eivjeti<\/h3>\n<p>Ne biste vjerovali, kako se bezazlena rubrika u listu kao \u0161to je ovaj, u trenu mo\u017ee pretvoriti u detektivsku pri\u010du u nastavcima &#8211; ovaj put uz moju asistenciju, naravno. Dodu\u0161e, nemam ma\u0161tu jedne Agathe Christie, ali to u ovom slu\u010daju i nije tako va\u017eno. Zna\u010dajnije je da na\u0161u televizijsku stvarnost potresaju razne kriminalisti\u010dke teme.<\/p>\n<p>Mo\u017eda se sje\u0107ate, da sam u pro\u0161lom broju ne\u0161to govorila o kra\u0111i izvr\u0161enoj u stanu spikerice <strong>Ksenije Domljan<\/strong>. Sada slijedi nastavak. Dakle, taj je neugodan doga\u0111aj nedavno obja\u0161njen na zadovoljstvo glavnih lica i stvari su vra\u0107ene vlasnici. Ksenija se u studiju pojavilo ozarena.<\/p>\n<p>&#8211; Sad \u0107u ipak mo\u0107i na zaslu\u017eeni odmor &#8211; rekla mi je (koji \u0107e ujedno biti i bra\u010dno putovanje).<\/p>\n<p>&#8211; Nadam se, da od sada vi\u0161e ne\u0107e\u0161 morati igrati ulogu \u017ertve?! &#8211; dodala sam.<\/p>\n<p>\u010cudno me pogledala i znala sam da misli da sam zlobna.<\/p>\n<div id=\"attachment_6500\" style=\"width: 646px\" class=\"wp-caption aligncenter\"><img loading=\"lazy\" decoding=\"async\" aria-describedby=\"caption-attachment-6500\" class=\"size-medium wp-image-6500\" src=\"http:\/\/www.mojevrijeme.hr\/magazin\/wp-content\/uploads\/2015\/02\/helga-vlahovic-1-636x352.jpg\" alt=\"Helga Vlahovi\u0107 , Telvizija Zagreb\" width=\"636\" height=\"352\" srcset=\"https:\/\/www.mojevrijeme.hr\/magazin\/wp-content\/uploads\/2015\/02\/helga-vlahovic-1-636x352.jpg 636w, https:\/\/www.mojevrijeme.hr\/magazin\/wp-content\/uploads\/2015\/02\/helga-vlahovic-1.jpg 740w\" sizes=\"auto, (max-width: 636px) 100vw, 636px\" \/><p id=\"caption-attachment-6500\" class=\"wp-caption-text\">Helga Vlahovi\u0107 , Televizija Zagreb<\/p><\/div>\n<p>&nbsp;<\/p>\n<p>Neke ve\u010deri, nakon moje dosta op\u0161irne odjave programa, telefonski me pozvala nepoznata gledateljica pitaju\u0107i, koliko je od izgovorenog teksta slu\u017ebeno napisano, a \u0161to je od toga moj proizvod. Budu\u0107i do sam to pitanje ve\u0107 \u010de\u0161\u0107e \u010dula, pretpostavljam da \u0107e moje obja\u0161njenje o najavama, isprikama i ostalim tekstovima koje izgovaraju na\u0161i spikeri, zanimati ve\u0107i broj \u010ditalaca.<\/p>\n<p>Dakle ovako: de\u017eurni tehni\u010dari, spikeri i voditelji programa svakodnevno dobivaju programe u kojima su od\u0161tampane najave za pojedine emisije i vrijeme njihova emitiranja. To su tzv. &#8220;plahtice&#8221;. U njima postoji jo\u0161 \u010ditav niz podataka i detalja, o kojima ovisi uredan i to\u010dan tok programa. Najavu, koja se odnosi na odre\u0111enu emisiju pi\u0161e njen urednik, ili koje drugo odgovorno lice. Ipak se desi, da je spiker mora ispraviti prije nego je pro\u010dita ispred kamere. Me\u0111utim, tzv. &#8220;generalne&#8221; najave i odjave, koje \u010dujete na po\u010detku i na kraju programa, sadr\u017ee samo vrijeme i naziv emisije.<\/p>\n<p>Evo primjera:<\/p>\n<p>17.55 &#8211; Ju\u010der, danas, sutra<\/p>\n<p>18.15 &#8211; Hiljadu za\u0161to<\/p>\n<p>19.00 &#8211; Reporta\u017ea<\/p>\n<p>19.30 &#8211; TV po\u0161ta itd.<\/p>\n<p>Kao \u0161to vidite, ovo su suhi podaci koje spiker sada mora o\u017eivjeti da bi animirao gledaoce i u njima pobudio interes za pojedine produkte na\u0161ih novinara, dramskih pisaca, te za muzi\u010dke novitete i ostalo. Upravo tu dolazi do izra\u017eaja invencija najavljiva\u010dica. Svaka od nas razvila je tokom vremena specifi\u010dni na\u010din izra\u017eavanja, pozdravljanja ili ispri\u010davanja. Mnogi gledaoci nas razlikuju ve\u0107 po samoj formulaciji neke obavijesti ili isprike.<\/p>\n<p>To se posebno odnosi na moje kolegice iz Zagreba. Svaka od nas se trudi da s gledaocima saobra\u0107a \u0161to prisnije, ili barem \u0161to manje slu\u017ebeno. Mislim, ako to nije suvi\u0161e subjektivan sud, da su neke me\u0111u nama u tome u dobroj mjeri uspjele.<\/p>\n<p>Uskoro po\u010dinjemo raditi po jesensko\u00adzimskoj shemi, o to zna\u010di da prestaje doba repriza. U na\u0161im se redakcijama naveliko sprema novi program. Mnogi re\u017eiseri pripremaju ve\u0107i broj zanimljivih drama&#8230; kona\u010dno, na\u0161 je studio po njima poznat. Za odr\u017eavanje te tradicije pobrinut \u0107e se vama ve\u0107 dobro poznati Ivan Hetrich, Mario Fanelli, Zvonimir Bajsi\u0107, Borislav Makarovi\u0107 i drugi Toni Marti okon\u010dao je pripreme za snimanje Pomorske no\u0107i u Puli, a nakon toga, negdje krajem mjeseca ponovo \u0107e po\u010deti rad na TV magazinu.<\/p>\n<p>Dakle, do \u010ditanja za sedam dana.<\/p>\n<p>&nbsp;<\/p>\n<div id=\"attachment_3358\" style=\"width: 646px\" class=\"wp-caption alignnone\"><img loading=\"lazy\" decoding=\"async\" aria-describedby=\"caption-attachment-3358\" class=\"size-medium wp-image-3358\" src=\"http:\/\/www.mojevrijeme.hr\/magazin\/wp-content\/uploads\/2015\/02\/helga-vlahovic-eurosong-636x352.jpg\" alt=\"Eurosong u Zagrebu\" width=\"636\" height=\"352\" srcset=\"https:\/\/www.mojevrijeme.hr\/magazin\/wp-content\/uploads\/2015\/02\/helga-vlahovic-eurosong-636x352.jpg 636w, https:\/\/www.mojevrijeme.hr\/magazin\/wp-content\/uploads\/2015\/02\/helga-vlahovic-eurosong.jpg 740w\" sizes=\"auto, (max-width: 636px) 100vw, 636px\" \/><p id=\"caption-attachment-3358\" class=\"wp-caption-text\">Helga kao fantasti\u010dna voditeljica Eurosonga, Zagreb, 1990.<\/p><\/div>\n<p>&nbsp;<\/p>\n<h3>Moja nova kolegica &#8211; Vesna Spin\u010di\u0107<\/h3>\n<p>Zacijelo ste u posljednje vrijeme na svojim ekranima zapazili novo lice koje vas svake ve\u010deri pozdravlja i svojim mirnim, umiljatim glasom obavje\u0161tava o programu te vam za\u017eeli laku no\u0107. To je moja nova kolegica <strong>Vesna Spin\u010di\u0107<\/strong>. Danas bih vam je htjela predstaviti.<\/p>\n<p>&#8211; Vesna, mislim da \u0107e\u0161 ti sama bolje ispri\u010dati ne\u0161to o sebi nego ja, zar ne?<\/p>\n<p>&#8211; Jo\u0161 nemam mnogo iskustva u davanju intervjua pa ne znam ho\u0107e\u0161 li biti zadovoljna.<\/p>\n<p>&#8211; Ne brini, ni ja nemam iskustva u vo\u0111enju intervjua. Samo ti kreni!<\/p>\n<p>&#8211; Dakle, ovako: ro\u0111ena sam u Rijeci, na Su\u0161aku, 27. septembra 1940. godine. Tamo sam provela djetinjstvo i mladost, polazila \u0161kolu i zavr\u0161ila gimnaziju. Nakon mature do\u0161la sam u Zagreb na studij i odmah su po\u010dele te\u0161ko\u0107e. Najprije sam te\u0161ko oboljela i zbog toga prekinula studij. Nakon ozdravljenja nastavila sam studirati, ali mi je nedugo zatim umro otac. To me je natjeralo da potra\u017eim zaposlenje.<\/p>\n<p>&#8211; Ova me pri\u010da podsje\u0107a na moju vlastitu, jer je i kod mene o\u010deva smrt bila presudna za moj daljnji \u017eivot, ali za razliku od tebe, meni je tada bilo tek \u0161esnaest godina. Molim te, nastavi.<\/p>\n<p>&#8211; Prvog septembra 1965. zaposlila sam se u redakciji \u0160kolske televizije.<\/p>\n<p>&#8211; A studij?<\/p>\n<p>&#8211; Moram priznati da mi je studij bolna ta\u010dka, jer sam ga veoma zapustila zbog posla.<\/p>\n<p>&#8211; Tje\u0161i se, ima nas jo\u0161 takvih. A \u0161to studira\u0161?<\/p>\n<p>&#8211; Upisala sam fiziku na Prirodoslovno- matemati\u010dkom fakultetu. I to stru\u010dni smjer &#8211; u perspektivi sam se htjela posvetiti nau\u010dnom radu &#8230;<\/p>\n<p>&#8211; A dospjela si na televiziju! Reci mi kako si po\u010dela raditi taj posao.<\/p>\n<p>&#8211; Pa eto, kad sam se malo uhodala u redakciji \u0161kolske televizije kao urednik, po\u010dela sam i sama voditi neke emisije. I evo me sada u redovnom programu.<\/p>\n<p>&#8211; Ne bih ti htjela laskati, ali moram ti \u010destitati na dobrom startu i \u017eelim ti jo\u0161 bolji nastavak. A kako ti se svi\u0111a na\u0161 posao?<\/p>\n<p>&#8211; Posao je zaista lijep, rad pred kamerom pun je zanimljivosti, ali ujedno je i vrlo naporan, jer \u010dovjek nikad ne zna ho\u0107e li mu se dogoditi ne\u0161to nepredvi\u0111eno, izvan programa. Imala si pravo kad si mi o tome ranije govorila. Osim toga, treba se neprekidno usavr\u0161avati, jer se \u010dovjek lako zapusti ako se osjeti bar malo siguran. Te\u0161ko je priviknuti se na jedan va\u017ean zakon: kad se u\u0111e u studio, pred vratima treba ostaviti sve svoje privatne probleme.<\/p>\n<p>&nbsp;<\/p>\n<h3>\u0160u\u00ad\u0161u\u00ad\u0161u\u00ad\u0161u&#8230; Sugar Town<\/h3>\n<p>Ovaj put odgovorit \u0107u na dva pisma \u010ditalaca &#8220;Plavog vjesnika&#8221;. U prvom me <strong>Ivica Ra\u017een<\/strong> iz Zagreba pita kako se stvara jedna zabavna TV emisija i moli me da mu pobli\u017ee objasnim kako je nastala &#8220;Zamislite&#8221; u re\u017eiji Perice (Petra) Slovenskog u Beogradu u kojoj sam i ja pjevala.<\/p>\n<p>Uglavnom, uvijek dolazi do stra\u0161ne gu\u017eve, svi su vrlo zaposleni pa je tako bilo i sada. Zato nisam stigla po\u0161teno porazgovarati ni s Pericom, ni s Radom Markovi\u0107em, Mirom Stupicom i ostalim glumcima koji su dali vrijedne uloge u &#8220;Zamislite&#8221;. Ovo nagla\u0161avam jer sam na put u Beograd bila krenula naoru\u017eana potajnim novinarskim ambicijama, tj. namjeravala sam intervjuirati kojeg od na\u0161ih poznatih gluma\u010dkih prvaka. Kao \u0161to vidite, ni\u0161ta od toga.<\/p>\n<p>I na samom snimanju bilo je pote\u0161ko\u0107a pa je \u010dak i Perica Slovenski (ina\u010de poznat kao miran, pa\u017eljiv i ljubezan re\u017eiser) izgubio \u017eivce. Naime jedan mu je tehni\u010dar saop\u0107io da dio snimljene vrpce ove emisije ne valja. Ni\u0161ta se nije dalo popraviti jer je na njoj bila snimljena &#8220;numera&#8221; operne prvakinje Radmile Bako\u010devi\u0107, a ona je odmah nakon toga otputovala u Italiju. Mo\u017eete misliti kako je bilo onima koji su tako dugo pripremali &#8220;Zamislite&#8221;, radili od podneva do pono\u0107i i sada ovakav \u0161ok?<\/p>\n<p>Iako je u prvi mah namjeravao da odustane od cijele emisije, Slovenski je svoj posao ipak izveo do kraja. Bilo je divno vidjeti po\u017ertvovne beogradske balerine. \u010citavo su jutro probale u teatru, potom su stigle na kadriranje za emisiju, poslijepodne su imale ponovo probe u kazali\u0161tu sve do 20 sati, i napokon TV snimanje u studiju. Gledala sam ih kako se umorne bacaju u stolice da bi trenutak kasnije pred kamerama djelovale svje\u017ee i nasmijano. To je bio tipi\u010dan primjer savjesnog, profesionalnog shva\u0107anja zadatka.<\/p>\n<p>\u010citateljicu <strong>Marijanu<\/strong> iz Osijeka koja je tako\u0111er vidjela &#8220;Zamislite&#8221; i ka\u017ee da joj se moja interpretacija dopala (hvala na komplimentu!) zanima ho\u0107u li snimiti svoju prvu plo\u010du?&#8221;Vi ste i ranije pjevali na TV, a osobito mi se svidjela melodija o &#8216;\u0160e\u0107ernom gradu\u2019. Plo\u010du bih odmah kupila&#8221; pi\u0161e ona.<\/p>\n<p>Draga Marijana, ni sama ne znam \u0161to da odgovorim. Bilo je ponuda od muzi\u010dkih urednika pojedinih tvornica plo\u010da, ali je na tome i ostalo. A meni je neugodno da ih podsje\u0107am na obe\u0107anja, zar ne?\u00a0Ina\u010de bit \u0107u iskrena: veoma bih se obradovala da mi se pojavi plo\u010da. To bi bilo vi\u0161e nego divno. Ovako bez plo\u010de ostaje zadovoljstvo da koji put zapjevam na televiziji i u sebi spominjem poslovicu: strpljena &#8211; spa\u0161ena.<\/p>\n<p>Da \u010ditanja u slijede\u0107em broju. Va\u0161a Helga!<\/p>\n<p><iframe loading=\"lazy\" width=\"740\" height=\"416\" src=\"https:\/\/www.youtube.com\/embed\/aoaNW0KHBKM?feature=oembed\" frameborder=\"0\" allow=\"accelerometer; autoplay; encrypted-media; gyroscope; picture-in-picture\" allowfullscreen><\/iframe><\/p>\n<p>&nbsp;<\/p>\n<h3>Htjeli smo vidjeti kako izgledate u\u017eivo!<\/h3>\n<p>Danas \u0107u vam prenijeti neobi\u010dan razgovor koji sam nedavno vodila. Bila sam pozvana u Bolnicu za plu\u0107ne bolesnike na Zelengaju u Zagrebu, gdje se lije\u010de mladi ljudi. Moram priznati da sam se u prvi mah malo upla\u0161ila. Me\u0111utim, vrlo ljubazni doma\u0107ini lije\u010dnici supruzi <strong>Raj\u010devi\u0107<\/strong> i njihov suradnik profesor pedagogije <strong>Jalu\u0161i\u0107<\/strong> pobrinuli su se za tehni\u010dku stranu mog predavanja &#8211; kako su ga u prvi mah nazvali.<\/p>\n<p>Donijeli su magnetofon na kojem se okretala vrpca s mojom interpretacijom &#8220;\u0160e\u0107ernog grada&#8221; pa je kontakt smjesta uspostavljen.<\/p>\n<p>Kad sam u\u0161la &#8211; iznena\u0111enje: dobila sam pljesak kakav po svoj prilici nisu do\u017eivjele ni najve\u0107e zvijezde zabavne muzike. Ni traga upla\u0161enoj ili poti\u0161tenoj djeci. Vidjelo se da imaju dobru njegu i uzorne njegovatelje koji brinu o njihovu zdravlju.\u00a0Pozdravila sam ih na uobi\u010dajeni televizijski na\u010din i pitala ih za\u0161to su ba\u0161 mene pozvali?<\/p>\n<p>&#8211; Mi stalno gledamo TV program i htjeli smo vas vidjeti kako izgledate u\u017eivo! &#8211; odgovorili su mi.\u00a0Postavljali su mi pitanja o tome kako se stvara TV \u0161ou? To sam im u detalje objasnila jer oni nikad ne gledaju program poslije pola devet nave\u010der zato \u0161to tada odlaze na spavanje. Pitanja su neprekidno plju\u0161tala a njihov smijeh i pa\u017eljivo slu\u0161anje ohrabrili su me da im dugo pri\u010dam, \u0161to mi ina\u010de, priznajem, i nije te\u0161ko palo.<\/p>\n<p>Na kraju sam i ja pitala njih kako provode vrijeme u bolnici? Mnogo se odmaraju i jedu, a lije\u010dnici ka\u017eu da su vrlo poslu\u0161ni jer svi \u017eele da \u0161to prije ozdrave i ponovo se vrate u krug vr\u0161njaka. Pedagog se brine za zabavu: pored televizije dvaput tjedno gledaju filmove.\u00a0\u010cesta su predavanja i razgovori na koja im dolaze poznati glumci, sporta\u0161i, novinari i drugi, a evo ja sam sada probila led kad je rije\u010d o ljudima sa TV. Bila sam vrlo zadovoljna \u0161to sam prva.<\/p>\n<p>Kona\u010dno negdje poslije deset (mimo svih pravila ku\u0107nog reda) oprostila sam se i obe\u0107ala da \u0107u ponovo do\u0107i. Posebno me obradovalo kad su mi rekli da redovno \u010ditaju &#8220;Plavi&#8221;, a me\u0111u prvim materijalima moj &#8220;TV dnevnik&#8221;. Ne da se hvalim, ali to su mi vi\u0161e puta ponovili. Tako je nastao ovaj &#8220;TV dnevnik&#8221; izvan televizije.<\/p>\n<p>Do \u010ditanja u narednom broju. Va\u0161a Helga!<\/p>\n<p>\/autorica: Helga Vlahovi\u0107, 1968., Plavi vjesnik \/ <a title=\"Yugopapir\" href=\"http:\/\/yugopapir.blogspot.com\/\" target=\"_blank\" rel=\"noopener noreferrer\">Yugopapir<\/a>\/<\/p>\n<p>&nbsp;<\/p>\n<div id=\"crveno\">Pra\u00advu pro\u00adva\u00adlu po\u00adpu\u00adlar\u00adno\u00adsti do\u00ad\u017ei\u00advje\u00adla je Helga po\u00adja\u00advlji\u00adva\u00adnji\u00adma u TV ma\u00adga\u00adzi\u00adni\u00adma<strong> An\u00adto\u00adna Mar\u00adti\u00adja<\/strong> u ko\u00adji\u00adma je bi\u00adla vo\u00addi\u00adte\u00adlji\u00adca, ple\u00adsa\u00adla je i pje\u00adva\u00adla, ali pre\u00adka\u00adsno je za \u017eal \u0161to te\u00adle\u00advi\u00adzi\u00adja ni\u00adje htje\u00adla, ili ni\u00adje zna\u00adla, is\u00adko\u00adri\u00adsti\u00adti sve nje\u00adzi\u00adne mo\u00adgu\u00ad\u0107no\u00adsti i spo\u00adso\u00adbno\u00adsti jer mo\u00adgla je ja\u00adma\u00ad\u010dno bi\u00adti hr\u00advat\u00adsko izda\u00adnje <strong>Bar\u00ad\u00adba\u00adre Walters<\/strong>, \u010di\u00adja je go\u0161\u0107a u SAD-u bi\u00adla 1975. go\u00addi\u00adne ili sa\u00adda\u0161nje ame\u00adri\u00ad\u010dke zvi\u00adje\u00adzde <strong>Oprah Winfrey<\/strong>. Mo\u00ad\u017eda je Hel\u00adga svo\u00adjom ne\u00adna\u00adme\u00adtlji\u00advo\u0161\u0107u i sa\u00adma nes\u00advje\u00adsno pri\u00addo\u00adni\u00adje\u00adla svo\u00adjoj te\u00adle\u00advi\u00adzij\u00adskoj po\u00adzi\u00adci\u00adji jer za nju se po\u00adu\u00adzda\u00adno zna da zbog se\u00adbe ni\u00adkad ni\u00adje po\u00adku\u00adca\u00adla na vra\u00adta mo\u00ad\u0107ni\u00adka, jo\u0161 rje\u00ad\u0111e okre\u00adnu\u00adla te\u00adle\u00adfon\u00adski broj. Dam\u00adske ma\u00adni\u00adre u te\u00adle\u00advi\u00adzij\u00adskom po\u00adslu ni\u00adsu ba\u0161 do\u00adbro\u00addo\u0161le, a ako jo\u0161 k to\u00adme ne\u00adma am\u00adbi\u00adci\u00ado\u00adzno\u00adsti, on\u00adda je ra\u00adzu\u00admlji\u00advo za\u0161to je Hel\u00adga, prem\u00adda s vr\u00adhun\u00adskim sta\u00adtu\u00adsom spi\u00adke\u00adra-vo\u00addi\u00adte\u00adlja, u je\u00addno\u00adme tre\u00adnu\u00adtku bi\u00adla sve\u00adde\u00adna na \u010di\u00adta\u00ad\u010di\u00adcu vi\u00adje\u00adsti u in\u00adfor\u00adma\u00adti\u00advnim emi\u00adsi\u00adja\u00adma. <em>(<a title=\"Helga: Nepotamnjeli sjaj voditeljske legende\" href=\"http:\/\/www.jutarnji.hr\/helga--nepotamnjeli-sjaj-voditeljske-legende\/281414\/\" target=\"_blank\" rel=\"noopener noreferrer\">Helga: Nepotamnjeli sjaj voditeljske legende<\/a>, Jutarnji list, prosinac 2008.)<\/em><\/div>\n<div id=\"mojev-3901909394\" class=\"mojev-kraj-teksta mojev-entity-placement\" style=\"margin-bottom: 20px;margin-left: auto;margin-right: auto;text-align: center;\"><div class=\"mojev-adlabel\">oglas<\/div><div style=\"height: 250px;\"><script async src=\"https:\/\/pagead2.googlesyndication.com\/pagead\/js\/adsbygoogle.js?client=ca-pub-8106111766207173\"\r\n     crossorigin=\"anonymous\"><\/script>\r\n<!-- Display-1 -->\r\n<ins class=\"adsbygoogle\"\r\n     style=\"display:block\"\r\n     data-ad-client=\"ca-pub-8106111766207173\"\r\n     data-ad-slot=\"1465712950\"\r\n     data-ad-format=\"auto\"\r\n     data-full-width-responsive=\"true\"><\/ins>\r\n<script>\r\n     (adsbygoogle = window.adsbygoogle || []).push({});\r\n<\/script><\/div><\/div>","protected":false},"excerpt":{"rendered":"<p>Bilo je ponuda od muzi\u010dkih urednika pojedinih tvornica plo\u010da, ali je na tome i ostalo. A meni je neugodno da ih podsje\u0107am na obe\u0107anja, zar ne?  Ovako bez plo\u010de ostaje zadovoljstvo da koji put zapjevam na televiziji i u sebi spominjem poslovicu: strpljena &#8211; spa\u0161ena.<\/p>\n","protected":false},"author":1,"featured_media":3354,"comment_status":"closed","ping_status":"open","sticky":false,"template":"","format":"standard","meta":{"footnotes":""},"categories":[84],"tags":[449,328,142],"class_list":["post-3350","post","type-post","status-publish","format-standard","has-post-thumbnail","hentry","category-show","tag-helga-vlahovic","tag-retro","tag-televizija"],"_links":{"self":[{"href":"https:\/\/www.mojevrijeme.hr\/magazin\/wp-json\/wp\/v2\/posts\/3350","targetHints":{"allow":["GET"]}}],"collection":[{"href":"https:\/\/www.mojevrijeme.hr\/magazin\/wp-json\/wp\/v2\/posts"}],"about":[{"href":"https:\/\/www.mojevrijeme.hr\/magazin\/wp-json\/wp\/v2\/types\/post"}],"author":[{"embeddable":true,"href":"https:\/\/www.mojevrijeme.hr\/magazin\/wp-json\/wp\/v2\/users\/1"}],"replies":[{"embeddable":true,"href":"https:\/\/www.mojevrijeme.hr\/magazin\/wp-json\/wp\/v2\/comments?post=3350"}],"version-history":[{"count":0,"href":"https:\/\/www.mojevrijeme.hr\/magazin\/wp-json\/wp\/v2\/posts\/3350\/revisions"}],"wp:featuredmedia":[{"embeddable":true,"href":"https:\/\/www.mojevrijeme.hr\/magazin\/wp-json\/wp\/v2\/media\/3354"}],"wp:attachment":[{"href":"https:\/\/www.mojevrijeme.hr\/magazin\/wp-json\/wp\/v2\/media?parent=3350"}],"wp:term":[{"taxonomy":"category","embeddable":true,"href":"https:\/\/www.mojevrijeme.hr\/magazin\/wp-json\/wp\/v2\/categories?post=3350"},{"taxonomy":"post_tag","embeddable":true,"href":"https:\/\/www.mojevrijeme.hr\/magazin\/wp-json\/wp\/v2\/tags?post=3350"}],"curies":[{"name":"wp","href":"https:\/\/api.w.org\/{rel}","templated":true}]}}