{"id":33597,"date":"2020-01-31T17:12:18","date_gmt":"2020-01-31T16:12:18","guid":{"rendered":"https:\/\/www.mojevrijeme.hr\/magazin\/?p=33597"},"modified":"2020-02-01T19:23:49","modified_gmt":"2020-02-01T18:23:49","slug":"hipohondri-zive-dulje","status":"publish","type":"post","link":"https:\/\/www.mojevrijeme.hr\/magazin\/2020\/01\/hipohondri-zive-dulje\/","title":{"rendered":"Hipohondri \u017eive dulje"},"content":{"rendered":"\n<p>Sigurno poznajete nekog hipohondra, nekog tko stalno umi\u0161lja da od ne\u010deg boluje pa grozni\u010davo pretra\u017euje internet i obilazi doktore u nadi da \u0107e prona\u0107i koju to misterioznu bolest ima. I dok nama ostalima mo\u017eda takvo pona\u0161anje mo\u017ee i\u0107i na \u017eivce, najnovija longitudinalna studija objavljena u \u010dasopisu <em>Psychological Science<\/em>, pokazuje da hipohondri zapravo \u017eive dulje.<\/p>\n\n\n\n<p>Osobe koje svoje zdravlje ocjenjuju lo\u0161im no za to nemaju opipljive fizi\u010dke dokaze \u2013 dakle, hipohondri \u2013 doista imaju manji rizik od smrti. Radi se o tome da su zbog svoje neuroti\u010dnosti skloniji tra\u017eenju medicinskih savjeta pa su i \u010de\u0161\u0107e pod lije\u010dni\u010dkom kontrolom.<\/p>\n\n\n\n<p>&#8220;Ovo otkri\u0107e je va\u017eno jer pokazuje da neuroti\u010dno pona\u0161anje mo\u017ee imati i dobru stranu, odnosno da su takvi ljudi pa\u017eljiviji i oprezniji kad je zdravlje u pitanju&#8221;, ka\u017ee voditeljica studije, profesorica <strong>Catherine Gale<\/strong>.<\/p><div id=\"mojev-3937680130\" class=\"mojev-u-tekstu mojev-entity-placement\" style=\"margin-left: auto;margin-right: auto;text-align: center;\"><div class=\"mojev-adlabel\">oglas<\/div><div style=\"height: 250px;\"><script async src=\"https:\/\/pagead2.googlesyndication.com\/pagead\/js\/adsbygoogle.js?client=ca-pub-8106111766207173\"\r\n     crossorigin=\"anonymous\"><\/script>\r\n<!-- Prikazni 1 u tekstu -->\r\n<ins class=\"adsbygoogle\"\r\n     style=\"display:block\"\r\n     data-ad-client=\"ca-pub-8106111766207173\"\r\n     data-ad-slot=\"8535551207\"\r\n     data-ad-format=\"auto\"\r\n     data-full-width-responsive=\"true\"><\/ins>\r\n<script>\r\n     (adsbygoogle = window.adsbygoogle || []).push({});\r\n<\/script><\/div><\/div><br style=\"clear: both; display: block; float: none;\"\/>\n\n\n\n<p>Osnovne karakteristike neuroti\u010dnosti su emotivna nestabilnost, niska razina samopouzdanja, ljutnja, tuga, anksioznost i frustracija. Prija\u0161nje studije su neuroti\u010dnost povezivale i s depresijom, fobijama, napadima panike i prekomjernim u\u017eivanjem u alkoholu i duhanu. Me\u0111utim, studija objavljena 2012. godine pokazala je da neuroti\u010dne osobe ipak imaju ni\u017eu razinu biomarkera za kroni\u010dne bolesti i upale ba\u0161 zbog toga \u0161to daleko vi\u0161e brinu o svojem zdravlju.<\/p>\n\n\n\n<p>Istra\u017eiva\u010di sa Sveu\u010dili\u0161ta u Edinbourghu analizirali su podatke o 500 tisu\u0107a osoba izme\u0111u 37 i 73 godine te poku\u0161ali ustanoviti vezu izme\u0111u neuroti\u010dnosti i rizika od smrti s obzirom na to kako su ljudi ocijenili svoje zdravlje. Ispitanicima je na pitanje o zdravlju ponu\u0111eno nekoliko odgovora: osje\u0107am se odli\u010dno, dobro, srednje ili lo\u0161e. Njihovi odgovori uspore\u0111eni su s njihovom medicinskom dokumentacijom te njihovim zdravstvenim pona\u0161anjem (pu\u0161e li i koliko su tjelesno aktivni). Analiza je pokazala kako su osobe koje su bile neuroti\u010dnije imale manji rizik od raznih bolesti, uklju\u010duju\u0107i i rak.<\/p>\n\n\n\n<p>Neke ranije studije pokazale su i da neuroti\u010dnost ima veze s kreativno\u0161\u0107u i ma\u0161tovito\u0161\u0107u, no to zasad nije povezano s ovom studijom.<\/p>\n<div id=\"mojev-1644696229\" class=\"mojev-kraj-teksta mojev-entity-placement\" style=\"margin-bottom: 20px;margin-left: auto;margin-right: auto;text-align: center;\"><div class=\"mojev-adlabel\">oglas<\/div><div style=\"height: 250px;\"><script async src=\"https:\/\/pagead2.googlesyndication.com\/pagead\/js\/adsbygoogle.js?client=ca-pub-8106111766207173\"\r\n     crossorigin=\"anonymous\"><\/script>\r\n<!-- Display-1 -->\r\n<ins class=\"adsbygoogle\"\r\n     style=\"display:block\"\r\n     data-ad-client=\"ca-pub-8106111766207173\"\r\n     data-ad-slot=\"1465712950\"\r\n     data-ad-format=\"auto\"\r\n     data-full-width-responsive=\"true\"><\/ins>\r\n<script>\r\n     (adsbygoogle = window.adsbygoogle || []).push({});\r\n<\/script><\/div><\/div>","protected":false},"excerpt":{"rendered":"<p>Neprestana briga o zdravlju i grozni\u010davo tra\u017eenje bolesti, \u010dini se, ipak ima i jednu dobru stranu. Naime, istra\u017eivanje znanstvenika iz Edinbourgha pokazalo je da hipohondri \u017eive dulje. <\/p>\n","protected":false},"author":4,"featured_media":33603,"comment_status":"closed","ping_status":"closed","sticky":false,"template":"","format":"standard","meta":{"footnotes":""},"categories":[3],"tags":[680,64,567,345],"class_list":["post-33597","post","type-post","status-publish","format-standard","has-post-thumbnail","hentry","category-zdravlje","tag-bolesti","tag-dugovjecnost","tag-lijecnicki-pregled","tag-psihologija"],"_links":{"self":[{"href":"https:\/\/www.mojevrijeme.hr\/magazin\/wp-json\/wp\/v2\/posts\/33597","targetHints":{"allow":["GET"]}}],"collection":[{"href":"https:\/\/www.mojevrijeme.hr\/magazin\/wp-json\/wp\/v2\/posts"}],"about":[{"href":"https:\/\/www.mojevrijeme.hr\/magazin\/wp-json\/wp\/v2\/types\/post"}],"author":[{"embeddable":true,"href":"https:\/\/www.mojevrijeme.hr\/magazin\/wp-json\/wp\/v2\/users\/4"}],"replies":[{"embeddable":true,"href":"https:\/\/www.mojevrijeme.hr\/magazin\/wp-json\/wp\/v2\/comments?post=33597"}],"version-history":[{"count":0,"href":"https:\/\/www.mojevrijeme.hr\/magazin\/wp-json\/wp\/v2\/posts\/33597\/revisions"}],"wp:featuredmedia":[{"embeddable":true,"href":"https:\/\/www.mojevrijeme.hr\/magazin\/wp-json\/wp\/v2\/media\/33603"}],"wp:attachment":[{"href":"https:\/\/www.mojevrijeme.hr\/magazin\/wp-json\/wp\/v2\/media?parent=33597"}],"wp:term":[{"taxonomy":"category","embeddable":true,"href":"https:\/\/www.mojevrijeme.hr\/magazin\/wp-json\/wp\/v2\/categories?post=33597"},{"taxonomy":"post_tag","embeddable":true,"href":"https:\/\/www.mojevrijeme.hr\/magazin\/wp-json\/wp\/v2\/tags?post=33597"}],"curies":[{"name":"wp","href":"https:\/\/api.w.org\/{rel}","templated":true}]}}