{"id":33695,"date":"2020-02-04T13:44:54","date_gmt":"2020-02-04T12:44:54","guid":{"rendered":"https:\/\/www.mojevrijeme.hr\/magazin\/?p=33695"},"modified":"2020-02-04T14:00:15","modified_gmt":"2020-02-04T13:00:15","slug":"biste-li-radili-do-70-u-japanu-ce-to-uskoro-postati-stvarnost","status":"publish","type":"post","link":"https:\/\/www.mojevrijeme.hr\/magazin\/2020\/02\/biste-li-radili-do-70-u-japanu-ce-to-uskoro-postati-stvarnost\/","title":{"rendered":"Biste li radili do 70? U Japanu \u0107e to uskoro postati stvarnost"},"content":{"rendered":"\n<p>Japanska vlada premijera <strong>Shinzoa Abea<\/strong> zakonskim izmjenama \u017eeli potaknuti tvrtke da omogu\u0107e radnicima rad do 70. godine \u017eivota. Naime, Japan bilje\u017ei kratkoro\u010dan nedostatak radne snage. Uz to, zemlja ubrzano stari i sve su ve\u0107i tro\u0161kovi skrbi za starije. &nbsp;<\/p>\n\n\n\n<p>Novi zakon\nomogu\u0107uje tvrtkama da ukinu dob za odlazak u mirovinu, pove\u0107aju dob\numirovljenja ili da radnicima omogu\u0107e rad i mimo propisanih ograni\u010denja.\nKona\u010dna verzija prijedloga ovog zakona ve\u0107 \u0107e biti na idu\u0107oj sjednici\nparlamenta, a njegova se primjena predvi\u0111a u travnju 2021. godine. <\/p>\n\n\n\n<p>Demografi predvi\u0111aju da \u0107e 2060. godine 40 posto populacije Japana \u010diniti ljudi stariji od 65 godina \u0161to \u0107e pred ovu dr\u017eavu staviti dodatne izazove. Va\u017ee\u0107a propisana dob za umirovljenje u Japanu jest 60. godina, no mnoge tvrtke omogu\u0107avaju rad i starijim radnicima, ali uz manje pla\u0107e. Glavni razlozi nastavka rada i poslije 60. ro\u0111endana jesu mala mirovina, osje\u0107aj korisnosti te odr\u017eavanje dru\u0161tvenih veza. <\/p><div id=\"mojev-1680879261\" class=\"mojev-u-tekstu mojev-entity-placement\" style=\"margin-left: auto;margin-right: auto;text-align: center;\"><div class=\"mojev-adlabel\">oglas<\/div><div style=\"height: 250px;\"><script async src=\"https:\/\/pagead2.googlesyndication.com\/pagead\/js\/adsbygoogle.js?client=ca-pub-8106111766207173\"\r\n     crossorigin=\"anonymous\"><\/script>\r\n<!-- Prikazni 1 u tekstu -->\r\n<ins class=\"adsbygoogle\"\r\n     style=\"display:block\"\r\n     data-ad-client=\"ca-pub-8106111766207173\"\r\n     data-ad-slot=\"8535551207\"\r\n     data-ad-format=\"auto\"\r\n     data-full-width-responsive=\"true\"><\/ins>\r\n<script>\r\n     (adsbygoogle = window.adsbygoogle || []).push({});\r\n<\/script><\/div><\/div><br style=\"clear: both; display: block; float: none;\"\/>\n<div id=\"mojev-2618434138\" class=\"mojev-kraj-teksta mojev-entity-placement\" style=\"margin-bottom: 20px;margin-left: auto;margin-right: auto;text-align: center;\"><div class=\"mojev-adlabel\">oglas<\/div><div style=\"height: 250px;\"><script async src=\"https:\/\/pagead2.googlesyndication.com\/pagead\/js\/adsbygoogle.js?client=ca-pub-8106111766207173\"\r\n     crossorigin=\"anonymous\"><\/script>\r\n<!-- Display-1 -->\r\n<ins class=\"adsbygoogle\"\r\n     style=\"display:block\"\r\n     data-ad-client=\"ca-pub-8106111766207173\"\r\n     data-ad-slot=\"1465712950\"\r\n     data-ad-format=\"auto\"\r\n     data-full-width-responsive=\"true\"><\/ins>\r\n<script>\r\n     (adsbygoogle = window.adsbygoogle || []).push({});\r\n<\/script><\/div><\/div>","protected":false},"excerpt":{"rendered":"<p>Demografi predvi\u0111aju da \u0107e 2060. godine 40 posto populacije Japana \u010diniti ljudi stariji od 65 godina \u0161to \u0107e pred ovu dr\u017eavu staviti dodatne izazove. <\/p>\n","protected":false},"author":1,"featured_media":33696,"comment_status":"closed","ping_status":"closed","sticky":false,"template":"","format":"standard","meta":{"footnotes":""},"categories":[9],"tags":[693,18,921],"class_list":["post-33695","post","type-post","status-publish","format-standard","has-post-thumbnail","hentry","category-vijesti","tag-japan","tag-mirovine","tag-radni-vijek"],"_links":{"self":[{"href":"https:\/\/www.mojevrijeme.hr\/magazin\/wp-json\/wp\/v2\/posts\/33695","targetHints":{"allow":["GET"]}}],"collection":[{"href":"https:\/\/www.mojevrijeme.hr\/magazin\/wp-json\/wp\/v2\/posts"}],"about":[{"href":"https:\/\/www.mojevrijeme.hr\/magazin\/wp-json\/wp\/v2\/types\/post"}],"author":[{"embeddable":true,"href":"https:\/\/www.mojevrijeme.hr\/magazin\/wp-json\/wp\/v2\/users\/1"}],"replies":[{"embeddable":true,"href":"https:\/\/www.mojevrijeme.hr\/magazin\/wp-json\/wp\/v2\/comments?post=33695"}],"version-history":[{"count":0,"href":"https:\/\/www.mojevrijeme.hr\/magazin\/wp-json\/wp\/v2\/posts\/33695\/revisions"}],"wp:featuredmedia":[{"embeddable":true,"href":"https:\/\/www.mojevrijeme.hr\/magazin\/wp-json\/wp\/v2\/media\/33696"}],"wp:attachment":[{"href":"https:\/\/www.mojevrijeme.hr\/magazin\/wp-json\/wp\/v2\/media?parent=33695"}],"wp:term":[{"taxonomy":"category","embeddable":true,"href":"https:\/\/www.mojevrijeme.hr\/magazin\/wp-json\/wp\/v2\/categories?post=33695"},{"taxonomy":"post_tag","embeddable":true,"href":"https:\/\/www.mojevrijeme.hr\/magazin\/wp-json\/wp\/v2\/tags?post=33695"}],"curies":[{"name":"wp","href":"https:\/\/api.w.org\/{rel}","templated":true}]}}