{"id":338,"date":"2014-03-05T14:48:44","date_gmt":"2014-03-05T13:48:44","guid":{"rendered":"http:\/\/mojevrijeme.com\/?p=338"},"modified":"2019-04-24T17:14:10","modified_gmt":"2019-04-24T15:14:10","slug":"najstarija-hrvatica-kao-brend-zdravstvenog-turizma","status":"publish","type":"post","link":"https:\/\/www.mojevrijeme.hr\/magazin\/2014\/03\/najstarija-hrvatica-kao-brend-zdravstvenog-turizma\/","title":{"rendered":"Najstarija Hrvatica kao brend zdravstvenog turizma"},"content":{"rendered":"<p><span style=\"line-height: 1.5em;\">Brendom zdravstvenog turizma u Hrvatskoj mogla bi postati dosad najdugovje\u010dnija Hrvatica ro\u0111ena u 18. stolje\u0107u, <strong>Jela Ljubi\u010di\u0107<\/strong> koja je \u017eivjela 115 godina, priop\u0107ili su danas Referentni centar Ministarstva zdravlja za za\u0161titu zdravlja starijih osoba i <strong>Centar za gerontologiju Zavoda za javno zdravstvo &#8216;Dr. Andrija \u0160tampar&#8217;<\/strong>. J<\/span>ela Ljubi\u010di\u0107 bila je ro\u0111ena 1714. godine u Ar\u017eanu, a umrla je 8. o\u017eujka 1829.<\/p>\n<p><span style=\"line-height: 1.5em;\"><div id=\"quote\"> Jela je bila seljanka iz Ar\u017eana u Dalmatinskoj zagori koja je do duboke starosti bila vrlo aktivna te je obra\u0111ivala vrt i \u010duvala ovce. <\/div> <\/span><\/p>\n<p><span style=\"line-height: 1.5em;\">Navodi se kako je u Hrvatskoj broj stogodi\u0161njaka, dugovje\u010dnih osoba starijih od 95 do 106 godina, popisne 2011. godine iznosio 2201, odnosno, 1719 \u017eena i 482 mu\u0161ke osobe.\u00a0<\/span>&#8216;U popisnoj 2001. broj dugovje\u010dnih osoba iznosio je 1455, od kojih su 1132 bile \u017eene i 323 mu\u0161ke osobe,&#8217; isti\u010de Referentni centar i dodaje kako je zadnji stogodi\u0161njak bio u 106. godini \u017eivota popisne 2011.\u00a0Smatraju kako je obe\u0107avaju\u0107i podatak to da se ukupan broj stogodi\u0161njaka pove\u0107ao u deset godina za \u010dak 51,21 posto, od \u010dega su 34,15 posto bile \u017eena, a 49,23 posto mu\u0161karaca.<\/p><div id=\"mojev-1490577041\" class=\"mojev-u-tekstu mojev-entity-placement\" style=\"margin-left: auto;margin-right: auto;text-align: center;\"><div class=\"mojev-adlabel\">oglas<\/div><div style=\"height: 250px;\"><script async src=\"https:\/\/pagead2.googlesyndication.com\/pagead\/js\/adsbygoogle.js?client=ca-pub-8106111766207173\"\r\n     crossorigin=\"anonymous\"><\/script>\r\n<!-- Prikazni 1 u tekstu -->\r\n<ins class=\"adsbygoogle\"\r\n     style=\"display:block\"\r\n     data-ad-client=\"ca-pub-8106111766207173\"\r\n     data-ad-slot=\"8535551207\"\r\n     data-ad-format=\"auto\"\r\n     data-full-width-responsive=\"true\"><\/ins>\r\n<script>\r\n     (adsbygoogle = window.adsbygoogle || []).push({});\r\n<\/script><\/div><\/div><br style=\"clear: both; display: block; float: none;\"\/>\n<p>U Centru za gerontologiju, kako se navodi, u okviru redovita \u010detiri podru\u010dja gerontolo\u0161kojavnozdravstvene djelatnosti, takva gerontolo\u0161ka analiza, izme\u0111u ostalih, od iznimnoga je zna\u010denja za vrednovanje za\u0161tite zdravlja cjelokupne populacije.<\/p>\n<p>Referentni centar podsje\u0107a kako europski i hrvatski gerontolozi i futurolozi smatraju da je za 21. stolje\u0107e najve\u0107e dostignu\u0107e produ\u017eenje \u017eivotnoga vijeka. To je po njihovu mi\u0161ljenju va\u017eno i za svjetsko gospodarstvo, budu\u0107i da su mnogi starijih ljudi o\u010duvane funkcionalne sposobnosti, i to ne samo u ranijoj starosti od 65 do 74 godine, ve\u0107 i u srednjoj od 75 do 84 godine, ali i dubokoj starosti od 85 i vi\u0161e godina.<\/p>\n<p>Istovremeno to ukazuje na imperativni razvoj za\u0161tite zdravlja starijih osoba i to prvenstveno razvijanjem Programa preventivnih zdravstvenih mjera za starije, koji se velikim djelom provode i putem Programa mjera zdravstvenog turizma za starije osobe, kako iz Hrvatske tako i iz Europe, isti\u010du u priop\u0107enju.\u00a0Dodaju kako time realizacija preventivnih zdravstvenih mjera za europsku i hrvatsku populaciju starijih ljudi i u okviru djelatnosti zdravstvenog turizma u Hrvatskoj postaje sve aktualnija reformskom provedbom kategorizacije specijalnih rehabilitacijskih bolnica i lje\u010dili\u0161ta u Hrvatskoj.\u00a0Smatraju kako \u0107e vjerojatno uslijediti i izradba zakona o zdravstvenom turizmu, navodi se me\u0111u ostalim u priop\u0107enju.<\/p>\n<div id=\"mojev-352402785\" class=\"mojev-kraj-teksta mojev-entity-placement\" style=\"margin-bottom: 20px;margin-left: auto;margin-right: auto;text-align: center;\"><div class=\"mojev-adlabel\">oglas<\/div><div style=\"height: 250px;\"><script async src=\"https:\/\/pagead2.googlesyndication.com\/pagead\/js\/adsbygoogle.js?client=ca-pub-8106111766207173\"\r\n     crossorigin=\"anonymous\"><\/script>\r\n<!-- Display-1 -->\r\n<ins class=\"adsbygoogle\"\r\n     style=\"display:block\"\r\n     data-ad-client=\"ca-pub-8106111766207173\"\r\n     data-ad-slot=\"1465712950\"\r\n     data-ad-format=\"auto\"\r\n     data-full-width-responsive=\"true\"><\/ins>\r\n<script>\r\n     (adsbygoogle = window.adsbygoogle || []).push({});\r\n<\/script><\/div><\/div>","protected":false},"excerpt":{"rendered":"<p>Jela je bila seljanka iz Ar\u017eana u Dalmatinskoj zagori koja je do duboke starosti bila vrlo aktivna te je obra\u0111ivala vrt i \u010duvala ovce. \u017divjela je 115 godina. <\/p>\n","protected":false},"author":1,"featured_media":340,"comment_status":"closed","ping_status":"open","sticky":false,"template":"","format":"standard","meta":{"footnotes":""},"categories":[9],"tags":[],"class_list":["post-338","post","type-post","status-publish","format-standard","has-post-thumbnail","hentry","category-vijesti"],"_links":{"self":[{"href":"https:\/\/www.mojevrijeme.hr\/magazin\/wp-json\/wp\/v2\/posts\/338","targetHints":{"allow":["GET"]}}],"collection":[{"href":"https:\/\/www.mojevrijeme.hr\/magazin\/wp-json\/wp\/v2\/posts"}],"about":[{"href":"https:\/\/www.mojevrijeme.hr\/magazin\/wp-json\/wp\/v2\/types\/post"}],"author":[{"embeddable":true,"href":"https:\/\/www.mojevrijeme.hr\/magazin\/wp-json\/wp\/v2\/users\/1"}],"replies":[{"embeddable":true,"href":"https:\/\/www.mojevrijeme.hr\/magazin\/wp-json\/wp\/v2\/comments?post=338"}],"version-history":[{"count":0,"href":"https:\/\/www.mojevrijeme.hr\/magazin\/wp-json\/wp\/v2\/posts\/338\/revisions"}],"wp:featuredmedia":[{"embeddable":true,"href":"https:\/\/www.mojevrijeme.hr\/magazin\/wp-json\/wp\/v2\/media\/340"}],"wp:attachment":[{"href":"https:\/\/www.mojevrijeme.hr\/magazin\/wp-json\/wp\/v2\/media?parent=338"}],"wp:term":[{"taxonomy":"category","embeddable":true,"href":"https:\/\/www.mojevrijeme.hr\/magazin\/wp-json\/wp\/v2\/categories?post=338"},{"taxonomy":"post_tag","embeddable":true,"href":"https:\/\/www.mojevrijeme.hr\/magazin\/wp-json\/wp\/v2\/tags?post=338"}],"curies":[{"name":"wp","href":"https:\/\/api.w.org\/{rel}","templated":true}]}}