{"id":33863,"date":"2020-02-08T09:29:41","date_gmt":"2020-02-08T08:29:41","guid":{"rendered":"https:\/\/www.mojevrijeme.hr\/magazin\/?p=33863"},"modified":"2020-02-08T09:29:42","modified_gmt":"2020-02-08T08:29:42","slug":"ovaj-vikend-dodite-na-made-by-sajam-kreativnosti","status":"publish","type":"post","link":"https:\/\/www.mojevrijeme.hr\/magazin\/2020\/02\/ovaj-vikend-dodite-na-made-by-sajam-kreativnosti\/","title":{"rendered":"Ovaj vikend do\u0111ite na Made by: Sajam kreativnosti"},"content":{"rendered":"\n<p>Razmi\u0161ljate li o daru za Valentinovo za nekog vama posebnog ili biste sami sebe \u017eeljeli po\u010dastiti ne\u010dim unikatnim, ovaj vikend svakako do\u0111ite u Europski dom gdje se odr\u017eava &#8220;<a rel=\"noreferrer noopener\" aria-label=\" (opens in a new tab)\" href=\"https:\/\/www.facebook.com\/madebysajam\/?__tn__=K-R&amp;eid=ARB8su1vXvNH605BrTEsrAzF38aH5K16EK5_SQ_YGUh5z30SLQVumyl8wnL912wBdtlCcED5P57JSK38&amp;fref=mentions&amp;__xts__[0]=68.ARC5VYjp2J3wpqWO_4cllS0tpTKhd7DMeCJ8u9eZvz_1sCOmAllJtuNaMjeswtYR8uTPN0GuLRAhF2A99Zns5_PJtTwj7uqI1t2TKahxusN0z9-zUQBwIlbEtI7NYKHQJ4Mnc_4XLowPcYEAJVM5Xgdx3c35KgnFyvnfx0AWBYQpB9G2xiMSyGgFzCaGS5o-7cFY2b0A7FVEoXQpvG6iJEADCQpV_wImsq3vdBTkbF48frSw3WXyojfVIlh07tTvlKp511guD62ZqoGuUw9-Ta1iscGMVVkFQtXJgk5UkhOPpUqEVNWmo34qpFH4hpb6MEZ_RhpGUWQ8hDQIipJDd4Q\" target=\"_blank\">Made by: sajam kreativnosti<\/a>&#8220;.<\/p>\n\n\n\n<p>Ovaj sajam okuplja umjetnike, kreativce i zanatlije koji vlastitim rukama izra\u0111uju torbe, odje\u0107u, nakit, ukrase, igra\u010dke i razne druge stvari kakvih zasigurno nema nigdje drugdje.<\/p>\n\n\n\n<p>Pokreta\u010dica ovog jedinstvenog sajma je <strong>Ivana Pavlovi\u0107<\/strong>, i sama autorica za\u010dudnih i jedinstvenih torbi, koja nam je rekla malo vi\u0161e o &#8220;Made by sajmu&#8221;.<\/p><div id=\"mojev-495793245\" class=\"mojev-u-tekstu mojev-entity-placement\" style=\"margin-left: auto;margin-right: auto;text-align: center;\"><div class=\"mojev-adlabel\">oglas<\/div><div style=\"height: 250px;\"><script async src=\"https:\/\/pagead2.googlesyndication.com\/pagead\/js\/adsbygoogle.js?client=ca-pub-8106111766207173\"\r\n     crossorigin=\"anonymous\"><\/script>\r\n<!-- Prikazni 1 u tekstu -->\r\n<ins class=\"adsbygoogle\"\r\n     style=\"display:block\"\r\n     data-ad-client=\"ca-pub-8106111766207173\"\r\n     data-ad-slot=\"8535551207\"\r\n     data-ad-format=\"auto\"\r\n     data-full-width-responsive=\"true\"><\/ins>\r\n<script>\r\n     (adsbygoogle = window.adsbygoogle || []).push({});\r\n<\/script><\/div><\/div><br style=\"clear: both; display: block; float: none;\"\/>\n\n\n\n<p>&#8220;Ovo je ve\u0107 druga godina da izla\u017eemo u Europskom domu. Pro\u0161li je sajam bio vrlo uspje\u0161an pa smo se opet vratili na isto mjesto. I ove godine, kao i pro\u0161le, izla\u017ee tridesetak kreativaca i umjetnika koji se bave najrazli\u010ditijim stvarima \u2013 od dizajniranja nakita i raznih ukrasa, pa do torbi odje\u0107e i sli\u010dnog. Ovdje se mo\u017ee na\u0107i za svakoga pone\u0161to tako da je svakako vrijedno zaviriti na sajam.\u201c<\/p>\n\n\n\n<p>Kreativci koji izla\u017eu na sajmu su doma\u0107i, ali ima i stranaca. &#8220;Okupili smo prili\u010dan broj vrlo zanimljivih ljudi koji rade stvarno sjajne stvari. Do kraja 2020. planiramo jo\u0161 nekoliko sajmova. Ove godine predstavljaju se brendovima me\u0111u kojima su Ayelen, Boody Woody, Bookedo, Brando, Moda Malesh, Pupa Franca, Sartess, Bilja, Onyx, Bowtie wooden style, Oblutak mi pri\u010da i brojni drugi, a kompletan popis mo\u017ee se na\u0107i na na\u0161oj <a rel=\"noreferrer noopener\" aria-label=\" (opens in a new tab)\" href=\"https:\/\/www.facebook.com\/madebysajam\/?__tn__=K-R&amp;eid=ARB8su1vXvNH605BrTEsrAzF38aH5K16EK5_SQ_YGUh5z30SLQVumyl8wnL912wBdtlCcED5P57JSK38&amp;fref=mentions&amp;__xts__[0]=68.ARC5VYjp2J3wpqWO_4cllS0tpTKhd7DMeCJ8u9eZvz_1sCOmAllJtuNaMjeswtYR8uTPN0GuLRAhF2A99Zns5_PJtTwj7uqI1t2TKahxusN0z9-zUQBwIlbEtI7NYKHQJ4Mnc_4XLowPcYEAJVM5Xgdx3c35KgnFyvnfx0AWBYQpB9G2xiMSyGgFzCaGS5o-7cFY2b0A7FVEoXQpvG6iJEADCQpV_wImsq3vdBTkbF48frSw3WXyojfVIlh07tTvlKp511guD62ZqoGuUw9-Ta1iscGMVVkFQtXJgk5UkhOPpUqEVNWmo34qpFH4hpb6MEZ_RhpGUWQ8hDQIipJDd4Q\" target=\"_blank\">Facebook stranici<\/a>&#8220;, ka\u017ee Ivana.<\/p>\n\n\n\n<p>Sajam traje danas i sutra od 10 do 19 sati u Europskom domu u Juri\u0161i\u0107evoj 1 u Zagrebu. Ulaz na sajam je za posjetitelje besplatan, a ku\u0107ni ljubimci su dobrodo\u0161li.<\/p>\n\n\n\n<figure class=\"wp-block-embed-facebook wp-block-embed is-type-rich is-provider-facebook\"><div class=\"wp-block-embed__wrapper\">\n<div id=\"fb-root\"><\/div><script async=\"1\" defer=\"1\" crossorigin=\"anonymous\" src=\"https:\/\/connect.facebook.net\/de_DE\/sdk.js#xfbml=1&amp;version=v6.0\"><\/script><div class=\"fb-post\" data-href=\"https:\/\/www.facebook.com\/madebysajam\/photos\/pcb.165306088222227\/165306041555565\/?type=3&amp;theater\" data-width=\"740\"><blockquote cite=\"https:\/\/www.facebook.com\/madebysajam\/photos\/a.127513688668134\/165306041555565\/?type=3\" class=\"fb-xfbml-parse-ignore\">Gepostet von <a href=\"https:\/\/www.facebook.com\/madebysajam\/\">MADE BY:<\/a> am&nbsp;<a href=\"https:\/\/www.facebook.com\/madebysajam\/photos\/a.127513688668134\/165306041555565\/?type=3\">Freitag, 7. Februar 2020<\/a><\/blockquote><\/div>\n<\/div><\/figure>\n\n\n\n<figure class=\"wp-block-embed-facebook wp-block-embed is-type-rich is-provider-facebook\"><div class=\"wp-block-embed__wrapper\">\n<div id=\"fb-root\"><\/div><script async=\"1\" defer=\"1\" crossorigin=\"anonymous\" src=\"https:\/\/connect.facebook.net\/de_DE\/sdk.js#xfbml=1&amp;version=v6.0\"><\/script><div class=\"fb-post\" data-href=\"https:\/\/www.facebook.com\/madebysajam\/photos\/pcb.165153628237473\/165153424904160\/?type=3&amp;theater\" data-width=\"740\"><blockquote cite=\"https:\/\/www.facebook.com\/madebysajam\/photos\/a.127513688668134\/165153424904160\/?type=3\" class=\"fb-xfbml-parse-ignore\">Gepostet von <a href=\"https:\/\/www.facebook.com\/madebysajam\/\">MADE BY:<\/a> am&nbsp;<a href=\"https:\/\/www.facebook.com\/madebysajam\/photos\/a.127513688668134\/165153424904160\/?type=3\">Freitag, 7. Februar 2020<\/a><\/blockquote><\/div>\n<\/div><\/figure>\n\n\n\n<figure class=\"wp-block-embed-facebook wp-block-embed is-type-rich is-provider-facebook\"><div class=\"wp-block-embed__wrapper\">\n<div id=\"fb-root\"><\/div><script async=\"1\" defer=\"1\" crossorigin=\"anonymous\" src=\"https:\/\/connect.facebook.net\/de_DE\/sdk.js#xfbml=1&amp;version=v6.0\"><\/script><div class=\"fb-post\" data-href=\"https:\/\/www.facebook.com\/madebysajam\/photos\/pcb.164740234945479\/164740154945487\/?type=3&amp;theater\" data-width=\"740\"><blockquote cite=\"https:\/\/www.facebook.com\/madebysajam\/photos\/a.127513688668134\/164740154945487\/?type=3\" class=\"fb-xfbml-parse-ignore\">Gepostet von <a href=\"https:\/\/www.facebook.com\/madebysajam\/\">MADE BY:<\/a> am&nbsp;<a href=\"https:\/\/www.facebook.com\/madebysajam\/photos\/a.127513688668134\/164740154945487\/?type=3\">Donnerstag, 6. Februar 2020<\/a><\/blockquote><\/div>\n<\/div><\/figure>\n\n\n\n<figure class=\"wp-block-embed-facebook wp-block-embed is-type-rich is-provider-facebook\"><div class=\"wp-block-embed__wrapper\">\n<div id=\"fb-root\"><\/div><script async=\"1\" defer=\"1\" crossorigin=\"anonymous\" src=\"https:\/\/connect.facebook.net\/de_DE\/sdk.js#xfbml=1&amp;version=v6.0\"><\/script><div class=\"fb-post\" data-href=\"https:\/\/www.facebook.com\/madebysajam\/photos\/pcb.164550221631147\/164550101631159\/?type=3&amp;theater\" data-width=\"740\"><blockquote cite=\"https:\/\/www.facebook.com\/madebysajam\/photos\/a.127513688668134\/164550101631159\/?type=3\" class=\"fb-xfbml-parse-ignore\">Gepostet von <a href=\"https:\/\/www.facebook.com\/madebysajam\/\">MADE BY:<\/a> am&nbsp;<a href=\"https:\/\/www.facebook.com\/madebysajam\/photos\/a.127513688668134\/164550101631159\/?type=3\">Donnerstag, 6. Februar 2020<\/a><\/blockquote><\/div>\n<\/div><\/figure>\n\n\n\n<figure class=\"wp-block-embed-facebook wp-block-embed is-type-rich is-provider-facebook\"><div class=\"wp-block-embed__wrapper\">\n<div id=\"fb-root\"><\/div><script async=\"1\" defer=\"1\" crossorigin=\"anonymous\" src=\"https:\/\/connect.facebook.net\/de_DE\/sdk.js#xfbml=1&amp;version=v6.0\"><\/script><div class=\"fb-post\" data-href=\"https:\/\/www.facebook.com\/madebysajam\/photos\/pcb.163967191689450\/163967155022787\/?type=3&amp;theater\" data-width=\"740\"><blockquote cite=\"https:\/\/www.facebook.com\/madebysajam\/photos\/a.127513688668134\/163967155022787\/?type=3\" class=\"fb-xfbml-parse-ignore\">Gepostet von <a href=\"https:\/\/www.facebook.com\/madebysajam\/\">MADE BY:<\/a> am&nbsp;<a href=\"https:\/\/www.facebook.com\/madebysajam\/photos\/a.127513688668134\/163967155022787\/?type=3\">Mittwoch, 5. Februar 2020<\/a><\/blockquote><\/div>\n<\/div><\/figure>\n<div id=\"mojev-1365078995\" class=\"mojev-kraj-teksta mojev-entity-placement\" style=\"margin-bottom: 20px;margin-left: auto;margin-right: auto;text-align: center;\"><div class=\"mojev-adlabel\">oglas<\/div><div style=\"height: 250px;\"><script async src=\"https:\/\/pagead2.googlesyndication.com\/pagead\/js\/adsbygoogle.js?client=ca-pub-8106111766207173\"\r\n     crossorigin=\"anonymous\"><\/script>\r\n<!-- Display-1 -->\r\n<ins class=\"adsbygoogle\"\r\n     style=\"display:block\"\r\n     data-ad-client=\"ca-pub-8106111766207173\"\r\n     data-ad-slot=\"1465712950\"\r\n     data-ad-format=\"auto\"\r\n     data-full-width-responsive=\"true\"><\/ins>\r\n<script>\r\n     (adsbygoogle = window.adsbygoogle || []).push({});\r\n<\/script><\/div><\/div>","protected":false},"excerpt":{"rendered":"<p>Ako vam je ikad zasmetala ponuda istih ili vrlo sli\u010dnih stvari po buticima u trgova\u010dkim centrima, onda je ovaj sajam mjesto za vas. Kreativci iz Hrvatske i svijeta pokazat \u0107e ru\u010dno ra\u0111en nakit, torbe, odje\u0107u, igra\u010dke i sli\u010dno te \u0107e svatko mo\u0107i prona\u0107i ne\u0161to za sebe. <\/p>\n","protected":false},"author":4,"featured_media":33876,"comment_status":"closed","ping_status":"closed","sticky":false,"template":"","format":"standard","meta":{"footnotes":""},"categories":[136],"tags":[1643,374,1073],"class_list":["post-33863","post","type-post","status-publish","format-standard","has-post-thumbnail","hentry","category-promo","tag-kreativnost","tag-odjeca","tag-trgovine"],"_links":{"self":[{"href":"https:\/\/www.mojevrijeme.hr\/magazin\/wp-json\/wp\/v2\/posts\/33863","targetHints":{"allow":["GET"]}}],"collection":[{"href":"https:\/\/www.mojevrijeme.hr\/magazin\/wp-json\/wp\/v2\/posts"}],"about":[{"href":"https:\/\/www.mojevrijeme.hr\/magazin\/wp-json\/wp\/v2\/types\/post"}],"author":[{"embeddable":true,"href":"https:\/\/www.mojevrijeme.hr\/magazin\/wp-json\/wp\/v2\/users\/4"}],"replies":[{"embeddable":true,"href":"https:\/\/www.mojevrijeme.hr\/magazin\/wp-json\/wp\/v2\/comments?post=33863"}],"version-history":[{"count":0,"href":"https:\/\/www.mojevrijeme.hr\/magazin\/wp-json\/wp\/v2\/posts\/33863\/revisions"}],"wp:featuredmedia":[{"embeddable":true,"href":"https:\/\/www.mojevrijeme.hr\/magazin\/wp-json\/wp\/v2\/media\/33876"}],"wp:attachment":[{"href":"https:\/\/www.mojevrijeme.hr\/magazin\/wp-json\/wp\/v2\/media?parent=33863"}],"wp:term":[{"taxonomy":"category","embeddable":true,"href":"https:\/\/www.mojevrijeme.hr\/magazin\/wp-json\/wp\/v2\/categories?post=33863"},{"taxonomy":"post_tag","embeddable":true,"href":"https:\/\/www.mojevrijeme.hr\/magazin\/wp-json\/wp\/v2\/tags?post=33863"}],"curies":[{"name":"wp","href":"https:\/\/api.w.org\/{rel}","templated":true}]}}