{"id":33929,"date":"2020-02-10T10:35:58","date_gmt":"2020-02-10T09:35:58","guid":{"rendered":"https:\/\/www.mojevrijeme.hr\/magazin\/?p=33929"},"modified":"2020-02-10T10:35:59","modified_gmt":"2020-02-10T09:35:59","slug":"sretan-85-rodendan-ciro-evo-sto-je-rekao-o-zenidbi-zenama-nogometasa-igracima","status":"publish","type":"post","link":"https:\/\/www.mojevrijeme.hr\/magazin\/2020\/02\/sretan-85-rodendan-ciro-evo-sto-je-rekao-o-zenidbi-zenama-nogometasa-igracima\/","title":{"rendered":"Sretan 85. ro\u0111endan, \u0106iro! Evo \u0161to je rekao o \u017eenidbi, \u017eenama nogometa\u0161a, igra\u010dima&#8230;"},"content":{"rendered":"\n<p>Ako trener svih trenera slavi ro\u0111endan, je li to onda ro\u0111endan svih ro\u0111endana? Za brojne poklonike nogometa u Hrvatsku je jama\u010dno tako. Naime, danas 85. ro\u0111endan slavi <strong>Miroslav \u0106iro Bla\u017eevi\u0107<\/strong>, legendarni trener koji je hrvatsku nogometnu reprezentaciju odveo do tre\u0107eg mjesta na svjetskom prvenstvu 1996. u Francuskoj i \u010diji je uspjeh nadma\u0161en tek pro\u0161le godine osvajanjem drugog mjesta pod vodstvom izbornika Zlatka Dali\u0107a.<\/p>\n\n\n\n<p>\u0106iro, ina\u010de ro\u0111eni Travni\u010danin, nakon povijesnog uspjeha s hrvatskom reprezentacijom, kazao je da je on &#8220;najve\u0107i trener na svijetu&#8221; jer je postigao jako mnogo &#8211; a iz Travnika je te \u0161to bi tek bilo da je ro\u0111en u nekom velegradu. Uz ovu izjavu, odlu\u010dili smo se prisjetiti jo\u0161 nekih \u0106irinih legendarnih izjava:<\/p>\n\n\n\n<div id=\"crveno\"><\/p>\n\n\n\n<h3 class=\"wp-block-heading\"><strong>O novinarima<\/strong><\/h3>\n\n\n\n<p>Nema ni\u0161ta bolje od novinarskog posla. Ima\u0161 vlast, pije\u0161 ljudima krv na slamku i jo\u0161 te pla\u0107aju za to.<\/p>\n\n\n\n<p><\/div>\n\n\n\n<div id=\"crveno\"> <\/p>\n\n\n\n<h3 class=\"wp-block-heading\">O igra\u010dima<\/h3>\n\n\n\n<p>Ja sam prema svojim igra\u010dima tiranin, a samo tiranin mo\u017ee egzistirati na \u010delu reprezentacije.<\/p>\n\n\n\n<p><\/div>\n\n\n\n<div id=\"crveno\"> <\/p>\n\n\n\n<h3 class=\"wp-block-heading\">O \u017eenama nogometa\u0161a<\/h3>\n\n\n\n<p>One imaju jedan fenomen da misle da je njihov mu\u017e najbolji i da bi on trebao biti najbolje pla\u0107en. I onda njemu pije krv: &#8216;zamisli ti nisi tako pla\u0107en&#8217;, to su \u017eenska posla.<\/p>\n\n\n\n<p><\/div>\n\n\n\n<div id=\"crveno\"> <\/p>\n\n\n\n<h3 class=\"wp-block-heading\">O seksu prije utakmice<\/h3>\n\n\n\n<p>Seks umara, on uzima najvitalniju energiju. I sad da ja njih pustim da im fali ona reakcija u frakciji sekunde koja se tra\u017ei od nogometa\u0161a.<\/p>\n\n\n\n<p><\/div>\n\n\n\n<div id=\"crveno\"> <\/p>\n\n\n\n<h3 class=\"wp-block-heading\">O \u017eenidbi<\/h3>\n\n\n\n<p>Jedan igra\u010d mi je do\u0161ao: &#8220;\u0160efe mogu li ja nju o\u017eeniti?&#8221; Ja sam rekao: &#8220;\u010cekaj da se malo informiram pa da vidim tko joj je mama, tko joj je tata.&#8221; I sve ja to doku\u010dim i ka\u017eem: &#8220;Pri\u010dekaj malo&#8221;, ali on ne\u0107e \u010dekati i o\u017eeni je. Pro\u0111e 15 godina i do\u0111e on meni i ka\u017ee da sam imao pravo. Ja imam rendgen u o\u010dima za \u017eenu pravu i za \u017eenu krivu.<\/p>\n\n\n\n<p><\/div>\n\n\n\n<div id=\"crveno\"> <\/p>\n\n\n\n<h3 class=\"wp-block-heading\">O Zdravku Mami\u0107u<\/h3>\n\n\n\n<p>Mami\u0107 se u mnogome transformirao, to nije vi\u0161e onaj Zdravko Mami\u0107 agresivni, kojeg smo nau\u010dili vidjeti &#8211; nego je Zdravko Mami\u0107 postao &#8220;sve\u0107enik&#8221;. Ja sam jako solidaran s njim i \u017eelim mu sve najbolje.<\/p>\n\n\n\n<p><\/div>\n\n\n\n<div id=\"crveno\"> <\/p>\n\n\n\n<h3 class=\"wp-block-heading\">O svojoj la\u017enoj osmrtnici<\/h3>\n\n\n\n<p>Naravno da sam vidio osmrtnicu, ali hvala Bogu, \u017eiv sam. No, \u0161to se mo\u017ee, takav je \u017eivot. Meni je drago da sam \u017eiv i da tako \u017eiv mogu \u010ditati i gledati svoju osmrtnicu.<\/p>\n\n\n\n<p><\/div>\n<div id=\"mojev-1175674638\" class=\"mojev-kraj-teksta mojev-entity-placement\" style=\"margin-bottom: 20px;margin-left: auto;margin-right: auto;text-align: center;\"><div class=\"mojev-adlabel\">oglas<\/div><div style=\"height: 250px;\"><script async src=\"https:\/\/pagead2.googlesyndication.com\/pagead\/js\/adsbygoogle.js?client=ca-pub-8106111766207173\"\r\n     crossorigin=\"anonymous\"><\/script>\r\n<!-- Display-1 -->\r\n<ins class=\"adsbygoogle\"\r\n     style=\"display:block\"\r\n     data-ad-client=\"ca-pub-8106111766207173\"\r\n     data-ad-slot=\"1465712950\"\r\n     data-ad-format=\"auto\"\r\n     data-full-width-responsive=\"true\"><\/ins>\r\n<script>\r\n     (adsbygoogle = window.adsbygoogle || []).push({});\r\n<\/script><\/div><\/div>","protected":false},"excerpt":{"rendered":"<p>Na dana\u0161nji dan ro\u0111en je &#8216;trener svih trenera&#8217;, legendarni Miroslav \u0106iro Bla\u017eevi\u0107, a mi smo se tom prilikom prisjetili nekih od njegovih najzanimljivijih izjava. <\/p>\n","protected":false},"author":4,"featured_media":27156,"comment_status":"closed","ping_status":"closed","sticky":false,"template":"","format":"standard","meta":{"footnotes":""},"categories":[84],"tags":[1149,1296,38],"class_list":["post-33929","post","type-post","status-publish","format-standard","has-post-thumbnail","hentry","category-show","tag-ciro-blazevic","tag-nogomet","tag-rodendan"],"_links":{"self":[{"href":"https:\/\/www.mojevrijeme.hr\/magazin\/wp-json\/wp\/v2\/posts\/33929","targetHints":{"allow":["GET"]}}],"collection":[{"href":"https:\/\/www.mojevrijeme.hr\/magazin\/wp-json\/wp\/v2\/posts"}],"about":[{"href":"https:\/\/www.mojevrijeme.hr\/magazin\/wp-json\/wp\/v2\/types\/post"}],"author":[{"embeddable":true,"href":"https:\/\/www.mojevrijeme.hr\/magazin\/wp-json\/wp\/v2\/users\/4"}],"replies":[{"embeddable":true,"href":"https:\/\/www.mojevrijeme.hr\/magazin\/wp-json\/wp\/v2\/comments?post=33929"}],"version-history":[{"count":0,"href":"https:\/\/www.mojevrijeme.hr\/magazin\/wp-json\/wp\/v2\/posts\/33929\/revisions"}],"wp:featuredmedia":[{"embeddable":true,"href":"https:\/\/www.mojevrijeme.hr\/magazin\/wp-json\/wp\/v2\/media\/27156"}],"wp:attachment":[{"href":"https:\/\/www.mojevrijeme.hr\/magazin\/wp-json\/wp\/v2\/media?parent=33929"}],"wp:term":[{"taxonomy":"category","embeddable":true,"href":"https:\/\/www.mojevrijeme.hr\/magazin\/wp-json\/wp\/v2\/categories?post=33929"},{"taxonomy":"post_tag","embeddable":true,"href":"https:\/\/www.mojevrijeme.hr\/magazin\/wp-json\/wp\/v2\/tags?post=33929"}],"curies":[{"name":"wp","href":"https:\/\/api.w.org\/{rel}","templated":true}]}}