{"id":34045,"date":"2020-02-12T16:02:00","date_gmt":"2020-02-12T15:02:00","guid":{"rendered":"https:\/\/www.mojevrijeme.hr\/magazin\/?p=34045"},"modified":"2020-02-13T09:12:46","modified_gmt":"2020-02-13T08:12:46","slug":"ruza-tomasic-61-cuvat-cu-unuke-ceka-me-dobra-kanadska-mirovina","status":"publish","type":"post","link":"https:\/\/www.mojevrijeme.hr\/magazin\/2020\/02\/ruza-tomasic-61-cuvat-cu-unuke-ceka-me-dobra-kanadska-mirovina\/","title":{"rendered":"Ru\u017ea Toma\u0161i\u0107 (61): \u010cuvat \u0107u unuke, \u010deka me dobra kanadska mirovina"},"content":{"rendered":"\n<p>Konzervativna politi\u010darka i nekada\u0161nja policajka s kaskaderskim iskustvom, <strong>Ru\u017ea Toma\u0161i\u0107<\/strong>, objavila je da \u0107e 3. lipnja 2021. godine napustiti Europski parlament u kojem odra\u0111uje drugi mandat. To \u0107e, ka\u017ee, mnoge usre\u0107iti. <\/p>\n\n\n\n<p>&#8220;Nisam mislila ni na koga konkretno, nego op\u0107enito na sve one koji me godinama pitaju &#8211; kad \u0107e\u0161 vi\u0161e u mirovinu? Ve\u0107 su mi po\u010deli dosa\u0111ivati pa sam im, eto, odgovorila. Izabrala sam taj datum jer do tada bih trebala dovr\u0161iti neke poslove i obaveze koje imam u EP-u i odborima za poljoprivredu i ribarstvo&#8221;, objasnila je svoju izjavu <a href=\"https:\/\/www.jutarnji.hr\/vijesti\/hrvatska\/ruza-tomasic-otvorila-dusu-otkrila-sve-detalje-povlacenja-iz-eu-parlamenta-idem-u-penziju-cuvat-cu-unucad-i-trositi-jako-dobru-kanadsku-mirovinu\/9964048\/\">Jutarnjem listu<\/a>. <\/p>\n\n\n\n<p>&#8220;Ve\u0107 dugo me pe\u010de savjest \u0161to ne provodim vi\u0161e vremena sa svojom unu\u010dadi, a djeca brzo rastu. Ne, ne brinem se oko mirovine, \u010deka me jako dobra kanadska, imala sam dobru pla\u0107u i puno upla\u0107ivala u fond. Idem na svoju Kor\u010dulu i ve\u0107 sam si dala napraviti majicu s natpisom \u2018Ni\u0161ta ja vi\u0161e ne moram, ja sam se namorala&#8221;, ka\u017ee Ru\u017ea koja \u0107e svoju dobro pla\u0107enu briselsku fotelju prepustiti Ladislavu Il\u010di\u0107u. <\/p><div id=\"mojev-1078071889\" class=\"mojev-u-tekstu mojev-entity-placement\" style=\"margin-left: auto;margin-right: auto;text-align: center;\"><div class=\"mojev-adlabel\">oglas<\/div><div style=\"height: 250px;\"><script async src=\"https:\/\/pagead2.googlesyndication.com\/pagead\/js\/adsbygoogle.js?client=ca-pub-8106111766207173\"\r\n     crossorigin=\"anonymous\"><\/script>\r\n<!-- Prikazni 1 u tekstu -->\r\n<ins class=\"adsbygoogle\"\r\n     style=\"display:block\"\r\n     data-ad-client=\"ca-pub-8106111766207173\"\r\n     data-ad-slot=\"8535551207\"\r\n     data-ad-format=\"auto\"\r\n     data-full-width-responsive=\"true\"><\/ins>\r\n<script>\r\n     (adsbygoogle = window.adsbygoogle || []).push({});\r\n<\/script><\/div><\/div><br style=\"clear: both; display: block; float: none;\"\/>\n<div id=\"mojev-1298812932\" class=\"mojev-kraj-teksta mojev-entity-placement\" style=\"margin-bottom: 20px;margin-left: auto;margin-right: auto;text-align: center;\"><div class=\"mojev-adlabel\">oglas<\/div><div style=\"height: 250px;\"><script async src=\"https:\/\/pagead2.googlesyndication.com\/pagead\/js\/adsbygoogle.js?client=ca-pub-8106111766207173\"\r\n     crossorigin=\"anonymous\"><\/script>\r\n<!-- Display-1 -->\r\n<ins class=\"adsbygoogle\"\r\n     style=\"display:block\"\r\n     data-ad-client=\"ca-pub-8106111766207173\"\r\n     data-ad-slot=\"1465712950\"\r\n     data-ad-format=\"auto\"\r\n     data-full-width-responsive=\"true\"><\/ins>\r\n<script>\r\n     (adsbygoogle = window.adsbygoogle || []).push({});\r\n<\/script><\/div><\/div>","protected":false},"excerpt":{"rendered":"<p>Ve\u0107 dugo me pe\u010de savjest \u0161to ne provodim vi\u0161e vremena sa svojom unu\u010dadi, a djeca brzo rastu.<\/p>\n","protected":false},"author":1,"featured_media":34051,"comment_status":"closed","ping_status":"closed","sticky":false,"template":"","format":"standard","meta":{"footnotes":""},"categories":[84],"tags":[1319,957,1801],"class_list":["post-34045","post","type-post","status-publish","format-standard","has-post-thumbnail","hentry","category-show","tag-europski-parlament","tag-mirovina","tag-ruza-tomasic"],"_links":{"self":[{"href":"https:\/\/www.mojevrijeme.hr\/magazin\/wp-json\/wp\/v2\/posts\/34045","targetHints":{"allow":["GET"]}}],"collection":[{"href":"https:\/\/www.mojevrijeme.hr\/magazin\/wp-json\/wp\/v2\/posts"}],"about":[{"href":"https:\/\/www.mojevrijeme.hr\/magazin\/wp-json\/wp\/v2\/types\/post"}],"author":[{"embeddable":true,"href":"https:\/\/www.mojevrijeme.hr\/magazin\/wp-json\/wp\/v2\/users\/1"}],"replies":[{"embeddable":true,"href":"https:\/\/www.mojevrijeme.hr\/magazin\/wp-json\/wp\/v2\/comments?post=34045"}],"version-history":[{"count":0,"href":"https:\/\/www.mojevrijeme.hr\/magazin\/wp-json\/wp\/v2\/posts\/34045\/revisions"}],"wp:featuredmedia":[{"embeddable":true,"href":"https:\/\/www.mojevrijeme.hr\/magazin\/wp-json\/wp\/v2\/media\/34051"}],"wp:attachment":[{"href":"https:\/\/www.mojevrijeme.hr\/magazin\/wp-json\/wp\/v2\/media?parent=34045"}],"wp:term":[{"taxonomy":"category","embeddable":true,"href":"https:\/\/www.mojevrijeme.hr\/magazin\/wp-json\/wp\/v2\/categories?post=34045"},{"taxonomy":"post_tag","embeddable":true,"href":"https:\/\/www.mojevrijeme.hr\/magazin\/wp-json\/wp\/v2\/tags?post=34045"}],"curies":[{"name":"wp","href":"https:\/\/api.w.org\/{rel}","templated":true}]}}