{"id":3454,"date":"2015-03-05T21:22:58","date_gmt":"2015-03-05T20:22:58","guid":{"rendered":"http:\/\/www.mojevrijeme.hr\/magazin\/?p=3454"},"modified":"2015-04-01T21:10:20","modified_gmt":"2015-04-01T19:10:20","slug":"umro-vlada-divljan","status":"publish","type":"post","link":"https:\/\/www.mojevrijeme.hr\/magazin\/2015\/03\/umro-vlada-divljan\/","title":{"rendered":"Umro Vlada Divljan"},"content":{"rendered":"<p>Jedan do velikana jugoslavenske glazbene scene <strong>Vlada Divljan<\/strong>\u00a0(57) preminuo je u Be\u010du nakon duge i te\u0161ke bolesti, potvrdila je njegova izdava\u010dka ku\u0107a <strong>Long Play<\/strong>.\u00a0Nekada\u0161nji frontmen \u2018Idola\u2019 nedavno je zavr\u0161io u bolnici zbog zdravstvenih problema koji su ga dulje vrijeme mu\u010dili, no sam je Vlada opovrgavao da je \u017eivotno ugro\u017een i tvrdio da se osje\u0107a jako dobro.<\/p>\n<p>Vlada Divljan svojom je glazbom uvelike utjecao na rock scenu biv\u0161e dr\u017eave. Krajem sedamdesetih, Divljan je svirao u bendovima \u2018Merlin\u2019 i \u2018Zvuk ulice\u2019, a 1979. sa\u00a0<strong>Sr\u0111anom \u0160aperom<\/strong>\u00a0osniva &#8216;Idole&#8217;. Ve\u0107 s prvom objavljenom pjesmom (&#8216;Retko te vi\u0111am s devojkama&#8217;) izaziva pa\u017enju medija zbog aluzija na homoseksualnost.<\/p>\n<p>Zagreba\u010dki Jugoton objavio je prvi album \u2018Idola\u2019, a gotovo instantni hit postala je pjesma &#8216;Malj\u010diki&#8217;. Njihova kultna kompilacija &#8216;Paket aran\u017eman&#8217;, ostat \u0107e zapam\u0107ena kao jedno od najutjecajnijiih izdanja yu-rocka. Valja spomenuti i kako je to prvo izdanje prodano u vi\u0161e od 200 tisu\u0107a primjeraka. Tako\u0111er, album \u201cOdbrana i poslednji dani\u201d progla\u0161en je najboljom rock plo\u010dom biv\u0161e Jugoslavije.<\/p><div id=\"mojev-469808513\" class=\"mojev-u-tekstu mojev-entity-placement\" style=\"margin-left: auto;margin-right: auto;text-align: center;\"><div class=\"mojev-adlabel\">oglas<\/div><div style=\"height: 250px;\"><script async src=\"https:\/\/pagead2.googlesyndication.com\/pagead\/js\/adsbygoogle.js?client=ca-pub-8106111766207173\"\r\n     crossorigin=\"anonymous\"><\/script>\r\n<!-- Prikazni 1 u tekstu -->\r\n<ins class=\"adsbygoogle\"\r\n     style=\"display:block\"\r\n     data-ad-client=\"ca-pub-8106111766207173\"\r\n     data-ad-slot=\"8535551207\"\r\n     data-ad-format=\"auto\"\r\n     data-full-width-responsive=\"true\"><\/ins>\r\n<script>\r\n     (adsbygoogle = window.adsbygoogle || []).push({});\r\n<\/script><\/div><\/div><br style=\"clear: both; display: block; float: none;\"\/>\n<p>Nakon raspada \u2018Idola\u2019, Divljan je zapo\u010deo uspje\u0161nu solo karijeru, a radio je i filmsku glazbu. Objavio je i tri albuma glazbe za djecu. Posljednjih nekoliko godina \u017eivota \u017eivio je u glavnom gradu Austrije, Be\u010du.<\/p>\n<p>Glazbena scena i brojni obo\u017eavatelji shrvani su smr\u0107u Vlade Divljana.<\/p>\n<div id=\"mojev-2065394754\" class=\"mojev-kraj-teksta mojev-entity-placement\" style=\"margin-bottom: 20px;margin-left: auto;margin-right: auto;text-align: center;\"><div class=\"mojev-adlabel\">oglas<\/div><div style=\"height: 250px;\"><script async src=\"https:\/\/pagead2.googlesyndication.com\/pagead\/js\/adsbygoogle.js?client=ca-pub-8106111766207173\"\r\n     crossorigin=\"anonymous\"><\/script>\r\n<!-- Display-1 -->\r\n<ins class=\"adsbygoogle\"\r\n     style=\"display:block\"\r\n     data-ad-client=\"ca-pub-8106111766207173\"\r\n     data-ad-slot=\"1465712950\"\r\n     data-ad-format=\"auto\"\r\n     data-full-width-responsive=\"true\"><\/ins>\r\n<script>\r\n     (adsbygoogle = window.adsbygoogle || []).push({});\r\n<\/script><\/div><\/div>","protected":false},"excerpt":{"rendered":"<p>Mnogobrojni obo\u017eavatelji i kolege shrvani su zbog vijesti o smrti Vlade Divljana, legendarnog frontmena &#8216;Idola&#8217;, jedne od najzna\u010dajnijih grupa s ovih prostora. <\/p>\n","protected":false},"author":1,"featured_media":1187,"comment_status":"closed","ping_status":"open","sticky":false,"template":"","format":"standard","meta":{"footnotes":""},"categories":[84],"tags":[459,75,66,460],"class_list":["post-3454","post","type-post","status-publish","format-standard","has-post-thumbnail","hentry","category-show","tag-estrada","tag-glazba","tag-smrt","tag-vlada-divljan"],"_links":{"self":[{"href":"https:\/\/www.mojevrijeme.hr\/magazin\/wp-json\/wp\/v2\/posts\/3454","targetHints":{"allow":["GET"]}}],"collection":[{"href":"https:\/\/www.mojevrijeme.hr\/magazin\/wp-json\/wp\/v2\/posts"}],"about":[{"href":"https:\/\/www.mojevrijeme.hr\/magazin\/wp-json\/wp\/v2\/types\/post"}],"author":[{"embeddable":true,"href":"https:\/\/www.mojevrijeme.hr\/magazin\/wp-json\/wp\/v2\/users\/1"}],"replies":[{"embeddable":true,"href":"https:\/\/www.mojevrijeme.hr\/magazin\/wp-json\/wp\/v2\/comments?post=3454"}],"version-history":[{"count":0,"href":"https:\/\/www.mojevrijeme.hr\/magazin\/wp-json\/wp\/v2\/posts\/3454\/revisions"}],"wp:featuredmedia":[{"embeddable":true,"href":"https:\/\/www.mojevrijeme.hr\/magazin\/wp-json\/wp\/v2\/media\/1187"}],"wp:attachment":[{"href":"https:\/\/www.mojevrijeme.hr\/magazin\/wp-json\/wp\/v2\/media?parent=3454"}],"wp:term":[{"taxonomy":"category","embeddable":true,"href":"https:\/\/www.mojevrijeme.hr\/magazin\/wp-json\/wp\/v2\/categories?post=3454"},{"taxonomy":"post_tag","embeddable":true,"href":"https:\/\/www.mojevrijeme.hr\/magazin\/wp-json\/wp\/v2\/tags?post=3454"}],"curies":[{"name":"wp","href":"https:\/\/api.w.org\/{rel}","templated":true}]}}