{"id":34699,"date":"2020-02-27T18:39:31","date_gmt":"2020-02-27T17:39:31","guid":{"rendered":"https:\/\/www.mojevrijeme.hr\/magazin\/?p=34699"},"modified":"2020-02-27T21:55:40","modified_gmt":"2020-02-27T20:55:40","slug":"gabi-novak-o-zivotu-s-arsenom-uvijek-se-znalo-da-ce-se-vratiti-meni","status":"publish","type":"post","link":"https:\/\/www.mojevrijeme.hr\/magazin\/2020\/02\/gabi-novak-o-zivotu-s-arsenom-uvijek-se-znalo-da-ce-se-vratiti-meni\/","title":{"rendered":"Gabi Novak o \u017eivotu s Arsenom: &#8216;Uvijek se znalo da \u0107e se vratiti meni&#8217;"},"content":{"rendered":"\n<p>&#8220;Arsen je bio te\u017eak \u010dovjek&#8221;, izjavila je u programu <a href=\"http:\/\/hr.n1info.com\/Kultura\/a486367\/Gabi-Novak-otkrila-zasto-je-nakon-12-godina-odlucila-snimiti-novu-pjesmu.html\" target=\"_blank\" rel=\"noreferrer noopener\" aria-label=\"N1 (opens in a new tab)\">N1<\/a> televizije pjeva\u010dica <strong>Gabi Novak (83)<\/strong>. Prisje\u0107aju\u0107i se su\u017eivota s proslavljenim autorom Arsenom Dedi\u0107em (1938.-2015.), a koji je trajao 45 godina, kazala je kako je njihovo upoznavanje bilo dugo te da su u vezu su u\u0161li nakon desetlje\u0107a poznanstva i propasti brakova u kojima su bili.<\/p>\n\n\n\n<p>Gabi je, podsjetimo, bila udana za dirigenta i skladatelja Stipicu Kalogjeru, a Arsen je bio o\u017eenjen s Vesnom Suligoj s kojom ima k\u0107i Sandru. &#8220;Jednog dana smo kliknuli i odlu\u010dili krenuti. Obavijestili smo obitelji da \u0107emo biti zajedno. Ve\u0107 se i \u0161u\u0161kalo o nama. Ozbiljno smo krenuli 1970. godine&#8221;, prisjetila se Gabi. Vjen\u010dali su se 1973. godine kada im se i rodio sin Matija.<\/p>\n\n\n\n<p>&#8220;Bila sam mu mirna luka kroz ta sva njegova lutanja i faze. Organizirala sam mu uredniji \u017eivot. Bila sam mu velika podr\u0161ka, a on je imao veliko povjerenje i vjerovao je u moj glazbeni ukus i intuiciju. Imali smo predivne godine&#8221;, ispri\u010dala je o ljubavi koju znamo gotovo cijeli \u017eivot. Jer tko nije \u010duo za Gabi i Arsena, njenu blagost i njegovu &#8220;bodljikavu&#8221; narav? <\/p><div id=\"mojev-156366892\" class=\"mojev-u-tekstu mojev-entity-placement\" style=\"margin-left: auto;margin-right: auto;text-align: center;\"><div class=\"mojev-adlabel\">oglas<\/div><div style=\"height: 250px;\"><script async src=\"https:\/\/pagead2.googlesyndication.com\/pagead\/js\/adsbygoogle.js?client=ca-pub-8106111766207173\"\r\n     crossorigin=\"anonymous\"><\/script>\r\n<!-- Prikazni 1 u tekstu -->\r\n<ins class=\"adsbygoogle\"\r\n     style=\"display:block\"\r\n     data-ad-client=\"ca-pub-8106111766207173\"\r\n     data-ad-slot=\"8535551207\"\r\n     data-ad-format=\"auto\"\r\n     data-full-width-responsive=\"true\"><\/ins>\r\n<script>\r\n     (adsbygoogle = window.adsbygoogle || []).push({});\r\n<\/script><\/div><\/div><br style=\"clear: both; display: block; float: none;\"\/>\n\n\n\n<p>&#8220;On je bio vrlo te\u0161ka osoba i trebalo je izdr\u017eati njegove momente. Znao je biti itekako o\u0161tar, sarkasti\u010dan, mnoge je uvrijedio. Ali je bio i nje\u017ena osoba i dobar \u010dovjek, ali ba\u0161 poeta. Po njegovim pjesmama sam znala u kojoj je fazi. Bio je vidovit u svojim tekstovima. Bila je to borba u njemu. Trebala mu je takva podr\u0161ka koja \u0107e biti prisutna i koja \u0107e mu pra\u0161tati&#8221;, navela je pjeva\u010dica koja je bila i prvi filter za ozbiljnije kompozicije koje je radio za, primjerice, film: &#8220;Koliko god je bio drzak i samo\u017eiv, trebao mu je netko da ga razumije, upravo i u toj zlo\u010desto\u0107i, sarkazmu i svemu \u0161to je izgovorio ljudima\u2026 Ve\u0107ina ljudi to nije prihvatila. Neki jesu.&#8221;<\/p>\n\n\n\n<h3 class=\"wp-block-heading\">Najlak\u0161e je spakirati kofere&#8230;<\/h3>\n\n\n\n<p>&#8220;Ja sam to sve tolerirala. Ka\u017eu ljudi da ne mogu uvijek biti tolerantna. Ali u braku koji ima \u010dvrstu osnovu, ako se poznajemo u du\u0161u, u nadogradnjama mora\u0161 na\u0107i neku vrstu tolerancije i obzira. Pitali su me kako ga mogu trpjeti, ali ne smije\u0161 biti egoist, ako nekoga iskreno voli\u0161, po\u0161tuje\u0161 i poznaje\u0161. Lako je uzeti kofer i re\u0107i da ti je dosta. Nisam to napravila, jer uvijek se znalo da \u0107e se on vratiti Gabi. To je bila sve njegova maska pod kojom je skrivao svoje emotivno stanje. Trebalo je znati \u017eivjeti s tom osobom, da ju mo\u017ee\u0161 tolerirati i prihvatiti&#8221;, kazala je o &#8220;burama i bonacama&#8221;, kako naziva \u017eivot s velikim pjesnikom. <\/p>\n\n\n\n<p>Objasnila je i da je &nbsp;kada bi joj dao svoje pjesme na \u010ditanje, uvijek u njima prepoznavala njegova politi\u010dka, svakodnevna razmi\u0161ljanja i flertove. &#8220;Ka\u017eu mi &#8216;\u010destitamo ti \u0161to si to izdr\u017eala&#8217;, ali ja sam ga stvarno voljela i po\u0161tovala&#8221;, zaklju\u010dila je Gabi. <\/p>\n\n\n\n<figure class=\"wp-block-embed-youtube wp-block-embed is-type-video is-provider-youtube wp-embed-aspect-4-3 wp-has-aspect-ratio\"><div class=\"wp-block-embed__wrapper\">\n<iframe loading=\"lazy\" title=\"GABI NOVAK I ARSEN DEDIC - Ti u mom \u017eivotu\" width=\"740\" height=\"555\" src=\"https:\/\/www.youtube.com\/embed\/IU-axzdhRTk?feature=oembed\" frameborder=\"0\" allow=\"accelerometer; autoplay; encrypted-media; gyroscope; picture-in-picture\" allowfullscreen><\/iframe>\n<\/div><figcaption>&#8220;Ti u mom \u017eivotu&#8221;, pjesma koju Gabi i Arsen nisu nikada objavili na nosa\u010du zvuka<\/figcaption><\/figure>\n<div id=\"mojev-3247783137\" class=\"mojev-kraj-teksta mojev-entity-placement\" style=\"margin-bottom: 20px;margin-left: auto;margin-right: auto;text-align: center;\"><div class=\"mojev-adlabel\">oglas<\/div><div style=\"height: 250px;\"><script async src=\"https:\/\/pagead2.googlesyndication.com\/pagead\/js\/adsbygoogle.js?client=ca-pub-8106111766207173\"\r\n     crossorigin=\"anonymous\"><\/script>\r\n<!-- Display-1 -->\r\n<ins class=\"adsbygoogle\"\r\n     style=\"display:block\"\r\n     data-ad-client=\"ca-pub-8106111766207173\"\r\n     data-ad-slot=\"1465712950\"\r\n     data-ad-format=\"auto\"\r\n     data-full-width-responsive=\"true\"><\/ins>\r\n<script>\r\n     (adsbygoogle = window.adsbygoogle || []).push({});\r\n<\/script><\/div><\/div>","protected":false},"excerpt":{"rendered":"<p>&#8216;Pitali su me kako ga mogu trpjeti, ali ne smije\u0161 biti egoist, ako nekoga iskreno voli\u0161, po\u0161tuje\u0161 i poznaje\u0161&#8217;, kazala je Gabi o 45 godina s Arsenom. <\/p>\n","protected":false},"author":1,"featured_media":34701,"comment_status":"closed","ping_status":"closed","sticky":false,"template":"","format":"standard","meta":{"footnotes":""},"categories":[84],"tags":[652,1829,270],"class_list":["post-34699","post","type-post","status-publish","format-standard","has-post-thumbnail","hentry","category-show","tag-arsen-dedic","tag-gabi-novak","tag-pjevaci"],"_links":{"self":[{"href":"https:\/\/www.mojevrijeme.hr\/magazin\/wp-json\/wp\/v2\/posts\/34699","targetHints":{"allow":["GET"]}}],"collection":[{"href":"https:\/\/www.mojevrijeme.hr\/magazin\/wp-json\/wp\/v2\/posts"}],"about":[{"href":"https:\/\/www.mojevrijeme.hr\/magazin\/wp-json\/wp\/v2\/types\/post"}],"author":[{"embeddable":true,"href":"https:\/\/www.mojevrijeme.hr\/magazin\/wp-json\/wp\/v2\/users\/1"}],"replies":[{"embeddable":true,"href":"https:\/\/www.mojevrijeme.hr\/magazin\/wp-json\/wp\/v2\/comments?post=34699"}],"version-history":[{"count":0,"href":"https:\/\/www.mojevrijeme.hr\/magazin\/wp-json\/wp\/v2\/posts\/34699\/revisions"}],"wp:featuredmedia":[{"embeddable":true,"href":"https:\/\/www.mojevrijeme.hr\/magazin\/wp-json\/wp\/v2\/media\/34701"}],"wp:attachment":[{"href":"https:\/\/www.mojevrijeme.hr\/magazin\/wp-json\/wp\/v2\/media?parent=34699"}],"wp:term":[{"taxonomy":"category","embeddable":true,"href":"https:\/\/www.mojevrijeme.hr\/magazin\/wp-json\/wp\/v2\/categories?post=34699"},{"taxonomy":"post_tag","embeddable":true,"href":"https:\/\/www.mojevrijeme.hr\/magazin\/wp-json\/wp\/v2\/tags?post=34699"}],"curies":[{"name":"wp","href":"https:\/\/api.w.org\/{rel}","templated":true}]}}