{"id":34861,"date":"2020-03-02T10:42:03","date_gmt":"2020-03-02T09:42:03","guid":{"rendered":"https:\/\/www.mojevrijeme.hr\/magazin\/?p=34861"},"modified":"2020-03-02T10:42:05","modified_gmt":"2020-03-02T09:42:05","slug":"rastala-se-od-muza-kad-je-doznala-da-ovaj-podrzava-trumpa","status":"publish","type":"post","link":"https:\/\/www.mojevrijeme.hr\/magazin\/2020\/03\/rastala-se-od-muza-kad-je-doznala-da-ovaj-podrzava-trumpa\/","title":{"rendered":"Rastala se od mu\u017ea kad je doznala da ovaj podr\u017eava Trumpa"},"content":{"rendered":"\n<p>Jedna je \u017eena iz Kalifornije zatra\u017eila razvod od svojeg mu\u017ea nakon 22 godine braka nakon \u0161to je doznala da ovaj namjerava glasati za <strong>Donalda Trumpa<\/strong>, pi\u0161e <a href=\"https:\/\/www.businessinsider.com\/californian-woman-divorces-husband-because-he-voted-for-donald-trump-2017-2?fbclid=IwAR1HXZaC9ntwUT40W9U3AmE4CYtho6pMHk4Rq2gUT07tpZBoaScOEcPwego\" target=\"_blank\" rel=\"noreferrer noopener\" aria-label=\" (opens in a new tab)\">Business Insider<\/a>.<\/p>\n\n\n\n<p>Umirovljena zatvorska \u010duvarica <strong>Gayle McCormick<\/strong> (73) bila je \u0161okirana kad je tijekom jedne ve\u010dere s prijateljima njezin mu\u017e otkrio da planira glasati za kontroverznog republikanskog kandidata.<\/p>\n\n\n\n<p>&#8220;Nisam mogla vjerovati da bi mogao glasati za Trumpa. To je bilo veliko razo\u010daranje&#8221;, rekla je Gayle. &#8220;Osje\u0107ala sam se kao da samu sebe zavaravam. Ta je odluka me\u0111u nama otvorila jaz za koji prije nisam znala da postoji. Shvatila sam koliko sam daleko oti\u0161la u prihva\u0107anju stvari koje kao mla\u0111a nikad ne bih prihvatila.&#8221;<\/p><div id=\"mojev-2242127587\" class=\"mojev-u-tekstu mojev-entity-placement\" style=\"margin-left: auto;margin-right: auto;text-align: center;\"><div class=\"mojev-adlabel\">oglas<\/div><div style=\"height: 250px;\"><script async src=\"https:\/\/pagead2.googlesyndication.com\/pagead\/js\/adsbygoogle.js?client=ca-pub-8106111766207173\"\r\n     crossorigin=\"anonymous\"><\/script>\r\n<!-- Prikazni 1 u tekstu -->\r\n<ins class=\"adsbygoogle\"\r\n     style=\"display:block\"\r\n     data-ad-client=\"ca-pub-8106111766207173\"\r\n     data-ad-slot=\"8535551207\"\r\n     data-ad-format=\"auto\"\r\n     data-full-width-responsive=\"true\"><\/ins>\r\n<script>\r\n     (adsbygoogle = window.adsbygoogle || []).push({});\r\n<\/script><\/div><\/div><br style=\"clear: both; display: block; float: none;\"\/>\n\n\n\n<p>McCormick, koja sebe opisuje kao demokratkinju koja naginje socijalizmu, sada \u017eivi odvojeno od svojeg konzervativnog mu\u017ea.<\/p>\n\n\n\n<p>Ova vijest zapravo i ne \u010dudi uzme li se u obzir da su pred Amerikancima jo\u0161 jedni izbori na kojima velike izglede ima upravo Trump \u010dija je pojava na politi\u010dkoj sceni izazvala nevi\u0111ene podjele u ameri\u010dkom dru\u0161tvu.<\/p>\n\n\n\n<p>Istra\u017eivanje Reutersa i Ipsosa pokazalo je da je jaz me\u0111u republikancima i demokratima sve dublji, a broj ljudi koji se i unutar svoje obitelji i naju\u017eeg kruga prijatelja ne mogu dogovoriti oko politi\u010dkih pitanja sko\u010dio je sa \u0161est na \u010dak 39 posto.<\/p>\n\n\n\n<p>U istra\u017eivanju koje je od 27. prosinca do 6. sije\u010dnja provedeno na 6000 ljudi, \u010dak 16 posto ispitanika je reklo da bi prestalo razgovarati s \u010dlanom obitelji ili prijateljem zbog politike.<\/p>\n\n\n\n<p>Daljnjih 17 posto kazalo je da bi blokirali \u010dlana obitelji ili prijatelja na dru\u0161tvenim mre\u017eama \u0161to je tako\u0111er skok u odnosu na 14 posto koliko ih je u listopadu 2019. godine reklo da bi to u\u010dinili.<\/p>\n<div id=\"mojev-742995019\" class=\"mojev-kraj-teksta mojev-entity-placement\" style=\"margin-bottom: 20px;margin-left: auto;margin-right: auto;text-align: center;\"><div class=\"mojev-adlabel\">oglas<\/div><div style=\"height: 250px;\"><script async src=\"https:\/\/pagead2.googlesyndication.com\/pagead\/js\/adsbygoogle.js?client=ca-pub-8106111766207173\"\r\n     crossorigin=\"anonymous\"><\/script>\r\n<!-- Display-1 -->\r\n<ins class=\"adsbygoogle\"\r\n     style=\"display:block\"\r\n     data-ad-client=\"ca-pub-8106111766207173\"\r\n     data-ad-slot=\"1465712950\"\r\n     data-ad-format=\"auto\"\r\n     data-full-width-responsive=\"true\"><\/ins>\r\n<script>\r\n     (adsbygoogle = window.adsbygoogle || []).push({});\r\n<\/script><\/div><\/div>","protected":false},"excerpt":{"rendered":"<p>Izbori nam se bli\u017ee pa nije zgorega uzeati ovu pri\u010du kao opomenu. Naime, jedna je Amerikanka odlu\u010dila re\u0107i zbogom svojemu mu\u017eu nakon 22 godine braka nakon \u0161to je doznala da \u0107e ovaj glasati za Donalda Trumpa. <\/p>\n","protected":false},"author":4,"featured_media":34866,"comment_status":"closed","ping_status":"closed","sticky":false,"template":"","format":"standard","meta":{"footnotes":""},"categories":[2],"tags":[908,223,198,238],"class_list":["post-34861","post","type-post","status-publish","format-standard","has-post-thumbnail","hentry","category-mozaik","tag-donald-trump","tag-izbori","tag-obitelj","tag-politika"],"_links":{"self":[{"href":"https:\/\/www.mojevrijeme.hr\/magazin\/wp-json\/wp\/v2\/posts\/34861","targetHints":{"allow":["GET"]}}],"collection":[{"href":"https:\/\/www.mojevrijeme.hr\/magazin\/wp-json\/wp\/v2\/posts"}],"about":[{"href":"https:\/\/www.mojevrijeme.hr\/magazin\/wp-json\/wp\/v2\/types\/post"}],"author":[{"embeddable":true,"href":"https:\/\/www.mojevrijeme.hr\/magazin\/wp-json\/wp\/v2\/users\/4"}],"replies":[{"embeddable":true,"href":"https:\/\/www.mojevrijeme.hr\/magazin\/wp-json\/wp\/v2\/comments?post=34861"}],"version-history":[{"count":0,"href":"https:\/\/www.mojevrijeme.hr\/magazin\/wp-json\/wp\/v2\/posts\/34861\/revisions"}],"wp:featuredmedia":[{"embeddable":true,"href":"https:\/\/www.mojevrijeme.hr\/magazin\/wp-json\/wp\/v2\/media\/34866"}],"wp:attachment":[{"href":"https:\/\/www.mojevrijeme.hr\/magazin\/wp-json\/wp\/v2\/media?parent=34861"}],"wp:term":[{"taxonomy":"category","embeddable":true,"href":"https:\/\/www.mojevrijeme.hr\/magazin\/wp-json\/wp\/v2\/categories?post=34861"},{"taxonomy":"post_tag","embeddable":true,"href":"https:\/\/www.mojevrijeme.hr\/magazin\/wp-json\/wp\/v2\/tags?post=34861"}],"curies":[{"name":"wp","href":"https:\/\/api.w.org\/{rel}","templated":true}]}}