{"id":35403,"date":"2020-03-15T10:09:47","date_gmt":"2020-03-15T09:09:47","guid":{"rendered":"https:\/\/www.mojevrijeme.hr\/magazin\/?p=35403"},"modified":"2020-03-15T10:11:00","modified_gmt":"2020-03-15T09:11:00","slug":"gradani-prijavljuju-one-koji-se-ne-drze-samoizolacije-mup-je-prijavio-18-prekrsitelja","status":"publish","type":"post","link":"https:\/\/www.mojevrijeme.hr\/magazin\/2020\/03\/gradani-prijavljuju-one-koji-se-ne-drze-samoizolacije-mup-je-prijavio-18-prekrsitelja\/","title":{"rendered":"Gra\u0111ani prijavljuju one koji se ne dr\u017ee samoizolacije, MUP je prijavio 18 prekr\u0161itelja"},"content":{"rendered":"\n<p>&#8220;U protekla 24 sata je izvr\u0161ena kontrola za 57 gra\u0111ana koji se ne pridr\u017eavaju mjera samoizolacije. Osamnaest ih je prijavljeno sanitarnoj inspekciji i bit \u0107e sankcionirani&#8221;, kazao je ministar unutarnjih poslova <strong>Davor Bo\u017einovi\u0107<\/strong> na redovnoj tiskovnoj konferencija Sto\u017eera Civilne za\u0161tite. <\/p>\n\n\n\n<p>&#8220;Postupamo po dojavama, a one mogu biti razli\u010dite. To je bitno, to je ne\u0161to \u0161to je policija napravila kako bi pomogla svima u ovom trenutku&#8221;, naveo je Bo\u017einovi\u0107. <\/p>\n\n\n\n<p>Objavio je i da informati\u010dki sustav MUP-a ima podatke o onima kojima je nalo\u017eena samoizolacija: &#8220;Kada nekog zaustave u prometu, ne samo da \u0107e se vidjeti ima li ta osoba voza\u010dku nego i je li joj propisana mjera samoizolacije.&#8221; Za kr\u0161enje mjera samoizolacije propisane su <a href=\"https:\/\/www.mojevrijeme.hr\/magazin\/2020\/03\/kazne-za-nepostivanje-samoizolacije-i-do-8-000-kuna\/\" target=\"_blank\" rel=\"noreferrer noopener\" aria-label=\"kazne do 8.000 (opens in a new tab)\">kazne do 8.000<\/a> kuna. <\/p><div id=\"mojev-3996104022\" class=\"mojev-u-tekstu mojev-entity-placement\" style=\"margin-left: auto;margin-right: auto;text-align: center;\"><div class=\"mojev-adlabel\">oglas<\/div><div style=\"height: 250px;\"><script async src=\"https:\/\/pagead2.googlesyndication.com\/pagead\/js\/adsbygoogle.js?client=ca-pub-8106111766207173\"\r\n     crossorigin=\"anonymous\"><\/script>\r\n<!-- Prikazni 1 u tekstu -->\r\n<ins class=\"adsbygoogle\"\r\n     style=\"display:block\"\r\n     data-ad-client=\"ca-pub-8106111766207173\"\r\n     data-ad-slot=\"8535551207\"\r\n     data-ad-format=\"auto\"\r\n     data-full-width-responsive=\"true\"><\/ins>\r\n<script>\r\n     (adsbygoogle = window.adsbygoogle || []).push({});\r\n<\/script><\/div><\/div><br style=\"clear: both; display: block; float: none;\"\/>\n\n\n\n<p>Prema najsvje\u017eijim podacima, u Hrvatskoj je dosad zabilje\u017eeno 46 slu\u010dajeva zaraze koronavirusom, objavio je sto\u017eer.<\/p>\n<div id=\"mojev-2342326130\" class=\"mojev-kraj-teksta mojev-entity-placement\" style=\"margin-bottom: 20px;margin-left: auto;margin-right: auto;text-align: center;\"><div class=\"mojev-adlabel\">oglas<\/div><div style=\"height: 250px;\"><script async src=\"https:\/\/pagead2.googlesyndication.com\/pagead\/js\/adsbygoogle.js?client=ca-pub-8106111766207173\"\r\n     crossorigin=\"anonymous\"><\/script>\r\n<!-- Display-1 -->\r\n<ins class=\"adsbygoogle\"\r\n     style=\"display:block\"\r\n     data-ad-client=\"ca-pub-8106111766207173\"\r\n     data-ad-slot=\"1465712950\"\r\n     data-ad-format=\"auto\"\r\n     data-full-width-responsive=\"true\"><\/ins>\r\n<script>\r\n     (adsbygoogle = window.adsbygoogle || []).push({});\r\n<\/script><\/div><\/div>","protected":false},"excerpt":{"rendered":"<p>Za kr\u0161enje mjera samoizolacije propisane su kazne do 8.000 kuna. Prema najsvje\u017eijim podacima, u Hrvatskoj je dosad zabilje\u017eeno 46 slu\u010dajeva zaraze koronavirusom, objavio je Sto\u017eer Civilne za\u0161tite.<\/p>\n","protected":false},"author":1,"featured_media":14984,"comment_status":"closed","ping_status":"closed","sticky":false,"template":"","format":"standard","meta":{"footnotes":""},"categories":[9],"tags":[2046,2141],"class_list":["post-35403","post","type-post","status-publish","format-standard","has-post-thumbnail","hentry","category-vijesti","tag-korona-virus","tag-samoizolacija"],"_links":{"self":[{"href":"https:\/\/www.mojevrijeme.hr\/magazin\/wp-json\/wp\/v2\/posts\/35403","targetHints":{"allow":["GET"]}}],"collection":[{"href":"https:\/\/www.mojevrijeme.hr\/magazin\/wp-json\/wp\/v2\/posts"}],"about":[{"href":"https:\/\/www.mojevrijeme.hr\/magazin\/wp-json\/wp\/v2\/types\/post"}],"author":[{"embeddable":true,"href":"https:\/\/www.mojevrijeme.hr\/magazin\/wp-json\/wp\/v2\/users\/1"}],"replies":[{"embeddable":true,"href":"https:\/\/www.mojevrijeme.hr\/magazin\/wp-json\/wp\/v2\/comments?post=35403"}],"version-history":[{"count":0,"href":"https:\/\/www.mojevrijeme.hr\/magazin\/wp-json\/wp\/v2\/posts\/35403\/revisions"}],"wp:featuredmedia":[{"embeddable":true,"href":"https:\/\/www.mojevrijeme.hr\/magazin\/wp-json\/wp\/v2\/media\/14984"}],"wp:attachment":[{"href":"https:\/\/www.mojevrijeme.hr\/magazin\/wp-json\/wp\/v2\/media?parent=35403"}],"wp:term":[{"taxonomy":"category","embeddable":true,"href":"https:\/\/www.mojevrijeme.hr\/magazin\/wp-json\/wp\/v2\/categories?post=35403"},{"taxonomy":"post_tag","embeddable":true,"href":"https:\/\/www.mojevrijeme.hr\/magazin\/wp-json\/wp\/v2\/tags?post=35403"}],"curies":[{"name":"wp","href":"https:\/\/api.w.org\/{rel}","templated":true}]}}