{"id":35552,"date":"2020-03-20T16:10:00","date_gmt":"2020-03-20T15:10:00","guid":{"rendered":"https:\/\/www.mojevrijeme.hr\/magazin\/?p=35552"},"modified":"2020-03-20T20:12:23","modified_gmt":"2020-03-20T19:12:23","slug":"epidemija-vas-je-zatvorila-u-kucu-nista-zato-jer-umjetnost-dolazi-vama","status":"publish","type":"post","link":"https:\/\/www.mojevrijeme.hr\/magazin\/2020\/03\/epidemija-vas-je-zatvorila-u-kucu-nista-zato-jer-umjetnost-dolazi-vama\/","title":{"rendered":"Epidemija vas je zatvorila u ku\u0107u? Ni\u0161ta zato jer &#8216;Umjetnost dolazi vama&#8217;"},"content":{"rendered":"\n<p>Epidemija koronavirusa je u punom jeku. Sva kina, kazali\u0161ta, muzeji i galerije privremeno su zatvorili svoja vrata (ili \u0107e to ubrzo u\u010diniti), no to ipak ne zna\u010di da \u0107e svi ljubitelji umjetnosti ostati kratkih rukava. Sre\u0107a u nesre\u0107i je da nas je epidemija zahvatila u doba interneta te je pokrenuta inicijativa <a href=\"https:\/\/www.facebook.com\/groups\/634901463744586\/\" target=\"_blank\" rel=\"noreferrer noopener\" aria-label=\" (opens in a new tab)\">&#8220;Umjetnost dolazi vama&#8221;<\/a> u sklopu koje \u0107e, posredstvom dru\u0161tvenih mre\u017ea, ekipa momentalno zato\u010dena u svojim domovima, mo\u0107i u\u017eivati u kulturnim sadr\u017eajima.<\/p>\n\n\n\n<p>Sve je osmislila ekipa Radija Student. Ekipa kulturne redakcije Radio Studenta (K_ulturizacija, Knji\u0161ki moljac &#8211; Radio Student i Generalna proba \/ Radio Student) odlu\u010dila je pokrenuti ovu grupu pod nazivom &#8220;Umjetnost dolazi vama&#8221; u nadi da \u0107emo kulturno uzdisati i u izolaciji!<\/p>\n\n\n\n<p>O \u010demu je zapravo rije\u010d? Naime, ovo je grupa u kojoj je dopu\u0161teno dijeliti sve \u0161to se ti\u010de kulture: virtualne \u0161etnje po galerijama, muzejima, radio drame, snimke predstava, live streamove predstava, <em>online<\/em> knjige, audio knjige, platforme za gledanje filmova, emisije, podcaste, razgovore s umjetnicima i tako dalje, i tako bli\u017ee, \u010dega se sjetimo i \u0161to prona\u0111emo ili \u0161to prona\u0111e nas (\u010dudni su putevi kulturni). U grupi su teme objava &#8220;Filmsko2, &#8220;Kazali\u0161no&#8221;, &#8220;Knji\u017eevno&#8221; i &#8220;Likovno&#8221;, \u010disto da se lak\u0161e svi sna\u0111emo u pretra\u017eivanju onoga \u0161to nas zanima, a tako\u0111er postoji i tema &#8220;Informativno&#8221;, u slu\u010daju da \u017eelite podijeliti kakvu informaciju ili pitanje s nama.<\/p><div id=\"mojev-3675768801\" class=\"mojev-u-tekstu mojev-entity-placement\" style=\"margin-left: auto;margin-right: auto;text-align: center;\"><div class=\"mojev-adlabel\">oglas<\/div><div style=\"height: 250px;\"><script async src=\"https:\/\/pagead2.googlesyndication.com\/pagead\/js\/adsbygoogle.js?client=ca-pub-8106111766207173\"\r\n     crossorigin=\"anonymous\"><\/script>\r\n<!-- Prikazni 1 u tekstu -->\r\n<ins class=\"adsbygoogle\"\r\n     style=\"display:block\"\r\n     data-ad-client=\"ca-pub-8106111766207173\"\r\n     data-ad-slot=\"8535551207\"\r\n     data-ad-format=\"auto\"\r\n     data-full-width-responsive=\"true\"><\/ins>\r\n<script>\r\n     (adsbygoogle = window.adsbygoogle || []).push({});\r\n<\/script><\/div><\/div><br style=\"clear: both; display: block; float: none;\"\/>\n\n\n\n<p>&#8220;Tako\u0111er se i slobodno mogu podijeliti doga\u0111aji koji \u0107e se zbivati, uz, naravno, svijest o brizi te preporukama nadle\u017enih. Na\u0161i \u0107e kulturni admini odobravati objave zbog lak\u0161e preglednosti, da ne bi dolazilo do ponavljanja objava i do povrede autorskih prava. Nemojte se ustru\u010davati podijeliti ne\u0161to u grupi i nemojte se ustru\u010davati dodati u grupu svoje prijatelje zaljubljenike u kulturu, \u0161to vi\u0161e, to bolje!&#8221;, poru\u010duju s Radio Studenta.<\/p>\n\n\n\n<p>Evo na\u0161eg izbora kulturnih doga\u0111anja <em>online<\/em>:<\/p>\n\n\n\n<figure class=\"wp-block-embed-facebook wp-block-embed is-type-rich is-provider-facebook\"><div class=\"wp-block-embed__wrapper\">\n<div id=\"fb-root\"><\/div><script async=\"1\" defer=\"1\" crossorigin=\"anonymous\" src=\"https:\/\/connect.facebook.net\/de_DE\/sdk.js#xfbml=1&amp;version=v6.0\"><\/script><div class=\"fb-post\" data-href=\"https:\/\/www.facebook.com\/centarknap\/photos\/a.633166880121804\/2479435508828256\/?type=3&amp;theater&amp;ifg=1\" data-width=\"740\"><blockquote cite=\"https:\/\/www.facebook.com\/centarknap\/photos\/a.633166880121804\/2479435508828256\/?type=3\" class=\"fb-xfbml-parse-ignore\"><p>Dragi na\u0161i, od danas svaki dan u 18 sati Kazali\u0161te Knap i Centar Knap objavljivat \u0107e na svojim dru\u0161tvenim mre\u017eama&#8230;<\/p>Gepostet von <a href=\"https:\/\/www.facebook.com\/centarknap\/\">Centar kulture na Pe\u0161\u010denici &#8211; KNAP<\/a> am&nbsp;<a href=\"https:\/\/www.facebook.com\/centarknap\/photos\/a.633166880121804\/2479435508828256\/?type=3\">Mittwoch, 18. M\u00e4rz 2020<\/a><\/blockquote><\/div>\n<\/div><\/figure>\n\n\n\n<figure class=\"wp-block-embed-facebook wp-block-embed is-type-video is-provider-facebook\"><div class=\"wp-block-embed__wrapper\">\n<div id=\"fb-root\"><\/div><script async=\"1\" defer=\"1\" crossorigin=\"anonymous\" src=\"https:\/\/connect.facebook.net\/de_DE\/sdk.js#xfbml=1&amp;version=v6.0\"><\/script><div class=\"fb-video\" data-href=\"https:\/\/www.facebook.com\/teatartirena\/videos\/681545419257614\/UzpfSTU2OTU2MTgxODpWSzo2MzY3MjI2NjM1NjI0NjY\/\" data-width=\"740\"><blockquote cite=\"https:\/\/www.facebook.com\/teatartirena\/videos\/681545419257614\/\" class=\"fb-xfbml-parse-ignore\"><a href=\"https:\/\/www.facebook.com\/teatartirena\/videos\/681545419257614\/\">Ma\u0161ta je supermo\u0107 &#8211; 2. Izokreni bajku (1. dio)<\/a><p>Nastavljamo sa serijom \u201cMa\u0161ta je supermo\u0107\u201d video uradaka za koje se nadamo da \u0107e vam olak\u0161ati boravak kod ku\u0107e! Danas su na redu bajke, ali ne u obliku u kojem su vam poznate \ud83d\ude42 Dosadilo vam je da su prin\u010devi samo lijepi, a da princeze stalno \u010dekaju da ih netko spasi? I nama je. Izokrenimo bajke!<\/p>Gepostet von <a href=\"https:\/\/www.facebook.com\/teatartirena\/\">Teatar Tirena<\/a> am Dienstag, 17. M\u00e4rz 2020<\/blockquote><\/div>\n<\/div><\/figure>\n\n\n\n<figure class=\"wp-block-embed-facebook wp-block-embed is-type-video is-provider-facebook\"><div class=\"wp-block-embed__wrapper\">\n<div id=\"fb-root\"><\/div><script async=\"1\" defer=\"1\" crossorigin=\"anonymous\" src=\"https:\/\/connect.facebook.net\/de_DE\/sdk.js#xfbml=1&amp;version=v6.0\"><\/script><div class=\"fb-video\" data-href=\"https:\/\/www.facebook.com\/teatarpunakuca\/videos\/514300392846675\/UzpfSTEwMjI0MzU2NDE6Vks6NjM2NzQxODAwMjI3MjE5\/\" data-width=\"740\"><blockquote cite=\"https:\/\/www.facebook.com\/teatarpunakuca\/videos\/514300392846675\/\" class=\"fb-xfbml-parse-ignore\"><a href=\"https:\/\/www.facebook.com\/teatarpunakuca\/videos\/514300392846675\/\">PUNA KU\u0106A PRI\u010cA &#8211; Baci kocku! 3<\/a><p>Sti\u017ee zadatak br. 3 i interpretacija Katjine pri\u010de o putovanju na odmor. Donosimo vam jednu zanimljivu obiteljsku igru koju smo nazvali BACI KOCKU! i u kojoj \u0107ete vi kreirati pri\u010de. Radioni\u010dki program PUNA KU\u0106A PRI\u010cA provodimo od 2015. godine. Svaki dan u 10.00 zadatak za novu pri\u010du!U komentaru je fotografija pojmova koji su iza\u0161li u ovom bacanju. Vi\u0161e o na\u0161im predstavama i radionicama na www.punakuca.hr #punakucaprica #teatarpunakuca #pricezadjecuiodrasle #kazalistezadjecu #interaktivneigre #umjetnostdolazivama #pozoristeutvojojsobi#ostanidoma<\/p>Gepostet von <a href=\"https:\/\/www.facebook.com\/teatarpunakuca\/\">Teatar PUNA KU\u0106A<\/a> am Mittwoch, 18. M\u00e4rz 2020<\/blockquote><\/div>\n<\/div><\/figure>\n\n\n\n<figure class=\"wp-block-embed-facebook wp-block-embed is-type-rich is-provider-facebook\"><div class=\"wp-block-embed__wrapper\">\n<div id=\"fb-root\"><\/div><script async=\"1\" defer=\"1\" crossorigin=\"anonymous\" src=\"https:\/\/connect.facebook.net\/de_DE\/sdk.js#xfbml=1&amp;version=v6.0\"><\/script><div class=\"fb-post\" data-href=\"https:\/\/www.facebook.com\/irena.music\/photos\/a.688423441276832\/2755122231273599\/?type=3&amp;theater&amp;ifg=1\" data-width=\"740\"><blockquote cite=\"https:\/\/www.facebook.com\/irena.music\/photos\/a.688423441276832\/2755122231273599\/?type=3\" class=\"fb-xfbml-parse-ignore\"><p>Any plans this weekend? If not, see you at midnight this Friday! (Streaming will be on my Instagram) #smallhours #bringyourblanket? foto.hr<\/p>Gepostet von <a href=\"https:\/\/www.facebook.com\/irena.music\/\">Irena Zilic<\/a> am&nbsp;<a href=\"https:\/\/www.facebook.com\/irena.music\/photos\/a.688423441276832\/2755122231273599\/?type=3\">Mittwoch, 18. M\u00e4rz 2020<\/a><\/blockquote><\/div>\n<\/div><\/figure>\n\n\n\n<figure class=\"wp-block-embed-facebook wp-block-embed is-type-rich is-provider-facebook\"><div class=\"wp-block-embed__wrapper\">\n<div id=\"fb-root\"><\/div><script async=\"1\" defer=\"1\" crossorigin=\"anonymous\" src=\"https:\/\/connect.facebook.net\/de_DE\/sdk.js#xfbml=1&amp;version=v6.0\"><\/script><div class=\"fb-post\" data-href=\"https:\/\/www.facebook.com\/ateljenabr.1\/photos\/a.552447758462434\/1050999768607228\/?type=3&amp;theater&amp;ifg=1\" data-width=\"740\"><blockquote cite=\"https:\/\/www.facebook.com\/ateljenabr.1\/photos\/a.552447758462434\/1050999768607228\/?type=3\" class=\"fb-xfbml-parse-ignore\"><p>?Kreativna izolacija s Atelje na br. 1 &#8211; A1?Kako naredna dva tjedna ne bi pro\u0161la samo u gledanju Netflixa i pani\u010dnom&#8230;<\/p>Gepostet von <a href=\"https:\/\/www.facebook.com\/ateljenabr.1\/\">Atelje na br. 1 &#8211; A1<\/a> am&nbsp;<a href=\"https:\/\/www.facebook.com\/ateljenabr.1\/photos\/a.552447758462434\/1050999768607228\/?type=3\">Mittwoch, 18. M\u00e4rz 2020<\/a><\/blockquote><\/div>\n<\/div><\/figure>\n<div id=\"mojev-4118891777\" class=\"mojev-kraj-teksta mojev-entity-placement\" style=\"margin-bottom: 20px;margin-left: auto;margin-right: auto;text-align: center;\"><div class=\"mojev-adlabel\">oglas<\/div><div style=\"height: 250px;\"><script async src=\"https:\/\/pagead2.googlesyndication.com\/pagead\/js\/adsbygoogle.js?client=ca-pub-8106111766207173\"\r\n     crossorigin=\"anonymous\"><\/script>\r\n<!-- Display-1 -->\r\n<ins class=\"adsbygoogle\"\r\n     style=\"display:block\"\r\n     data-ad-client=\"ca-pub-8106111766207173\"\r\n     data-ad-slot=\"1465712950\"\r\n     data-ad-format=\"auto\"\r\n     data-full-width-responsive=\"true\"><\/ins>\r\n<script>\r\n     (adsbygoogle = window.adsbygoogle || []).push({});\r\n<\/script><\/div><\/div>","protected":false},"excerpt":{"rendered":"<p>Epidemija koronavirusa na neko nas je vrijeme osudila na boravak u ku\u0107i i izbjegavanje svih okupljanja. No umjetnost i kultura zbog toga ne moraju stati. Sre\u0107om, tu su internet i dru\u0161tvene mre\u017ee&#8230; <\/p>\n","protected":false},"author":4,"featured_media":35672,"comment_status":"closed","ping_status":"closed","sticky":false,"template":"","format":"standard","meta":{"footnotes":""},"categories":[2],"tags":[453,257,2046,92],"class_list":["post-35552","post","type-post","status-publish","format-standard","has-post-thumbnail","hentry","category-mozaik","tag-drustvene-mreze","tag-internet","tag-korona-virus","tag-umjetnost"],"_links":{"self":[{"href":"https:\/\/www.mojevrijeme.hr\/magazin\/wp-json\/wp\/v2\/posts\/35552","targetHints":{"allow":["GET"]}}],"collection":[{"href":"https:\/\/www.mojevrijeme.hr\/magazin\/wp-json\/wp\/v2\/posts"}],"about":[{"href":"https:\/\/www.mojevrijeme.hr\/magazin\/wp-json\/wp\/v2\/types\/post"}],"author":[{"embeddable":true,"href":"https:\/\/www.mojevrijeme.hr\/magazin\/wp-json\/wp\/v2\/users\/4"}],"replies":[{"embeddable":true,"href":"https:\/\/www.mojevrijeme.hr\/magazin\/wp-json\/wp\/v2\/comments?post=35552"}],"version-history":[{"count":0,"href":"https:\/\/www.mojevrijeme.hr\/magazin\/wp-json\/wp\/v2\/posts\/35552\/revisions"}],"wp:featuredmedia":[{"embeddable":true,"href":"https:\/\/www.mojevrijeme.hr\/magazin\/wp-json\/wp\/v2\/media\/35672"}],"wp:attachment":[{"href":"https:\/\/www.mojevrijeme.hr\/magazin\/wp-json\/wp\/v2\/media?parent=35552"}],"wp:term":[{"taxonomy":"category","embeddable":true,"href":"https:\/\/www.mojevrijeme.hr\/magazin\/wp-json\/wp\/v2\/categories?post=35552"},{"taxonomy":"post_tag","embeddable":true,"href":"https:\/\/www.mojevrijeme.hr\/magazin\/wp-json\/wp\/v2\/tags?post=35552"}],"curies":[{"name":"wp","href":"https:\/\/api.w.org\/{rel}","templated":true}]}}