{"id":35585,"date":"2020-03-19T19:19:01","date_gmt":"2020-03-19T18:19:01","guid":{"rendered":"https:\/\/www.mojevrijeme.hr\/magazin\/?p=35585"},"modified":"2020-03-19T21:09:03","modified_gmt":"2020-03-19T20:09:03","slug":"ne-slika-vojnog-konvoja-koji-odvozi-trupla-nije-lazna-niti-je-izvadena-iz-konteksta","status":"publish","type":"post","link":"https:\/\/www.mojevrijeme.hr\/magazin\/2020\/03\/ne-slika-vojnog-konvoja-koji-odvozi-trupla-nije-lazna-niti-je-izvadena-iz-konteksta\/","title":{"rendered":"Ne, fotografija vojnog konvoja koji odvozi trupla nije la\u017ena niti je izva\u0111ena iz konteksta"},"content":{"rendered":"\n<p>Dru\u0161tvenim mre\u017eama dijeli se fotografija konvoja vojnih kamiona za koje se navodi da iz Bergama odvoze trupla preminulih od koronavirusa, budu\u0107i da njihov broj nadilazi kapacitete lokalnih krematorija. Paralelno se u komentarima javljaju oni koji tvrde da je rije\u010d o\u00a0<em>fake newsu<\/em> te da se radi o ulasku vojske u Bergamo. <\/p>\n\n\n\n<p>Provjera fotografije pokazuje da ju je objavila ANSA, talijanski pandan na\u0161e Hrvatske izvje\u0161tajne novinske agencije (HINA). U tekstu uz fotografiju <a rel=\"noreferrer noopener\" aria-label=\"ANSA 19. o\u017eujka pi\u0161e (opens in a new tab)\" href=\"http:\/\/www.ansa.it\/english\/news\/2020\/03\/19\/coronavirus-army-takes-bergamo-coffins-out-of-lombardy_6903e8f3-c6d8-4a1c-909b-f415acf1a2b9.html\" target=\"_blank\">ANSA 19. o\u017eujka pi\u0161e<\/a>: &#8220;Talijanska vojska je po\u010dela izvla\u010diti lijesove iz Bergama, grada kojeg je najja\u010de pogodila epidemija koronavirusa. Trupla se odvoze iz regije Lombardija jer ih lokalna pogrebna poduze\u0107a ne mogu zbrinuti.&#8221;<\/p>\n\n\n\n<p>&#8220;Prvi konvoj vojnih vozila je u srijedu nave\u010der preuzeo prvih 60 lijesova s groblja u Bergamu kako bi ih prevezao u krematorije drugih regija. Lijesovi se gomilaju na groblju sjevernog dijela grada&#8221;, stoji u kratkoj vijesti uz fotografiju. <\/p><div id=\"mojev-319323827\" class=\"mojev-u-tekstu mojev-entity-placement\" style=\"margin-left: auto;margin-right: auto;text-align: center;\"><div class=\"mojev-adlabel\">oglas<\/div><div style=\"height: 250px;\"><script async src=\"https:\/\/pagead2.googlesyndication.com\/pagead\/js\/adsbygoogle.js?client=ca-pub-8106111766207173\"\r\n     crossorigin=\"anonymous\"><\/script>\r\n<!-- Prikazni 1 u tekstu -->\r\n<ins class=\"adsbygoogle\"\r\n     style=\"display:block\"\r\n     data-ad-client=\"ca-pub-8106111766207173\"\r\n     data-ad-slot=\"8535551207\"\r\n     data-ad-format=\"auto\"\r\n     data-full-width-responsive=\"true\"><\/ins>\r\n<script>\r\n     (adsbygoogle = window.adsbygoogle || []).push({});\r\n<\/script><\/div><\/div><br style=\"clear: both; display: block; float: none;\"\/>\n\n\n\n<h3 class=\"wp-block-heading\">\u0160to je ANSA?<\/h3>\n\n\n\n<p>ANSA (akronim od <em>Agenzia Nazionale Stampa Associata<\/em>), talijanska novinska agencija, osnovana 1945., sa sjedi\u0161tem u Rimu. Prete\u010da joj je Agenzia Stefani, osnovana 1853. ANSA ima 18 podru\u010dnih uredni\u0161tava u Italiji i 90 dopisni\u0161tava u svijetu. Vijesti emitira na \u010detiri jezika (talijanski, engleski, francuski i \u0161panjolski) u vi\u0161e od 317 000 rije\u010di dnevno. Ima i vlastiti fotoservis, elektroni\u010dku bazu podataka (DEA) s dva milijuna dokumenata. <em>(Hrvatska enciklopedija)<\/em><\/p>\n<div id=\"mojev-1952895471\" class=\"mojev-kraj-teksta mojev-entity-placement\" style=\"margin-bottom: 20px;margin-left: auto;margin-right: auto;text-align: center;\"><div class=\"mojev-adlabel\">oglas<\/div><div style=\"height: 250px;\"><script async src=\"https:\/\/pagead2.googlesyndication.com\/pagead\/js\/adsbygoogle.js?client=ca-pub-8106111766207173\"\r\n     crossorigin=\"anonymous\"><\/script>\r\n<!-- Display-1 -->\r\n<ins class=\"adsbygoogle\"\r\n     style=\"display:block\"\r\n     data-ad-client=\"ca-pub-8106111766207173\"\r\n     data-ad-slot=\"1465712950\"\r\n     data-ad-format=\"auto\"\r\n     data-full-width-responsive=\"true\"><\/ins>\r\n<script>\r\n     (adsbygoogle = window.adsbygoogle || []).push({});\r\n<\/script><\/div><\/div>","protected":false},"excerpt":{"rendered":"<p>Prvi konvoj vojnih vozila je u srijedu nave\u010der preuzeo prvih 60 lijesova s groblja u Bergamu kako bi ih prevezao u krematorije drugih regija. Ljesovi se gomilaju na groblju sjevernog dijela grada.<\/p>\n","protected":false},"author":1,"featured_media":35587,"comment_status":"closed","ping_status":"closed","sticky":false,"template":"","format":"standard","meta":{"footnotes":""},"categories":[9],"tags":[982,2046,1333],"class_list":["post-35585","post","type-post","status-publish","format-standard","has-post-thumbnail","hentry","category-vijesti","tag-fake-news","tag-korona-virus","tag-medijska-pismenost"],"_links":{"self":[{"href":"https:\/\/www.mojevrijeme.hr\/magazin\/wp-json\/wp\/v2\/posts\/35585","targetHints":{"allow":["GET"]}}],"collection":[{"href":"https:\/\/www.mojevrijeme.hr\/magazin\/wp-json\/wp\/v2\/posts"}],"about":[{"href":"https:\/\/www.mojevrijeme.hr\/magazin\/wp-json\/wp\/v2\/types\/post"}],"author":[{"embeddable":true,"href":"https:\/\/www.mojevrijeme.hr\/magazin\/wp-json\/wp\/v2\/users\/1"}],"replies":[{"embeddable":true,"href":"https:\/\/www.mojevrijeme.hr\/magazin\/wp-json\/wp\/v2\/comments?post=35585"}],"version-history":[{"count":0,"href":"https:\/\/www.mojevrijeme.hr\/magazin\/wp-json\/wp\/v2\/posts\/35585\/revisions"}],"wp:featuredmedia":[{"embeddable":true,"href":"https:\/\/www.mojevrijeme.hr\/magazin\/wp-json\/wp\/v2\/media\/35587"}],"wp:attachment":[{"href":"https:\/\/www.mojevrijeme.hr\/magazin\/wp-json\/wp\/v2\/media?parent=35585"}],"wp:term":[{"taxonomy":"category","embeddable":true,"href":"https:\/\/www.mojevrijeme.hr\/magazin\/wp-json\/wp\/v2\/categories?post=35585"},{"taxonomy":"post_tag","embeddable":true,"href":"https:\/\/www.mojevrijeme.hr\/magazin\/wp-json\/wp\/v2\/tags?post=35585"}],"curies":[{"name":"wp","href":"https:\/\/api.w.org\/{rel}","templated":true}]}}