{"id":35841,"date":"2020-03-25T08:43:11","date_gmt":"2020-03-25T07:43:11","guid":{"rendered":"https:\/\/www.mojevrijeme.hr\/magazin\/?p=35841"},"modified":"2020-03-25T08:43:43","modified_gmt":"2020-03-25T07:43:43","slug":"grba-bujevic-ne-idite-baki-jer-baka-zbog-vase-posjete-moze-umrijeti","status":"publish","type":"post","link":"https:\/\/www.mojevrijeme.hr\/magazin\/2020\/03\/grba-bujevic-ne-idite-baki-jer-baka-zbog-vase-posjete-moze-umrijeti\/","title":{"rendered":"Grba-Bujevi\u0107: Ne idite baki, jer baka zbog va\u0161e posjete mo\u017ee umrijeti"},"content":{"rendered":"\n<p>Ravnateljica Hitne i Kriznog sto\u017eera Ministarstva zdravstva <strong>Maja Grba-Bujevi\u0107 <\/strong>upozorila je mla\u0111e \u010dlanove obitelji da nije vrijeme za posjetu starih. <\/p>\n\n\n\n<p>&#8220;Nema kretanja, idu samo oni koji to moraju. Meni nije jasan teza da tra\u017eim dozvolu da posjetim moju baku u Krapini. Moja baka ima 89, svijest bi trebala biti takva da ja ne \u017eelim i\u0107i vidjeti svoju baku jer joj mogu donijeti koronavirus, a mogu\u0107nost da ona umre je jako velika, to treba osvijestiti ljudima ne \u017eelite i\u0107i kod svoje bake&#8221;, objasnila je. <\/p>\n\n\n\n<p>&#8220;Nije stvar ne i\u0107i vidjeti baku, ali ovog \u010dasa ne \u017eelimo stvoriti problem jer zbog toga ona mo\u017ee umrijeti, mo\u017eete donijeti problem cijelom zdravstvenom sustavu jer ne\u0107emo imati dovoljno respiratora&#8221;, kazala je Grba-Bujevi\u0107.<\/p><div id=\"mojev-2515112331\" class=\"mojev-u-tekstu mojev-entity-placement\" style=\"margin-left: auto;margin-right: auto;text-align: center;\"><div class=\"mojev-adlabel\">oglas<\/div><div style=\"height: 250px;\"><script async src=\"https:\/\/pagead2.googlesyndication.com\/pagead\/js\/adsbygoogle.js?client=ca-pub-8106111766207173\"\r\n     crossorigin=\"anonymous\"><\/script>\r\n<!-- Prikazni 1 u tekstu -->\r\n<ins class=\"adsbygoogle\"\r\n     style=\"display:block\"\r\n     data-ad-client=\"ca-pub-8106111766207173\"\r\n     data-ad-slot=\"8535551207\"\r\n     data-ad-format=\"auto\"\r\n     data-full-width-responsive=\"true\"><\/ins>\r\n<script>\r\n     (adsbygoogle = window.adsbygoogle || []).push({});\r\n<\/script><\/div><\/div><br style=\"clear: both; display: block; float: none;\"\/>\n\n\n\n<p>Uputila je apel svim gra\u0111anima da ostanu doma te najavila da \u0107e sama tra\u017eiti od Sto\u017eera da se zatvore specijalizirane trgovine za djecu, jer roditelji s djecom tamo dolaze kupovati igra\u010dke.<\/p>\n<div id=\"mojev-2776927830\" class=\"mojev-kraj-teksta mojev-entity-placement\" style=\"margin-bottom: 20px;margin-left: auto;margin-right: auto;text-align: center;\"><div class=\"mojev-adlabel\">oglas<\/div><div style=\"height: 250px;\"><script async src=\"https:\/\/pagead2.googlesyndication.com\/pagead\/js\/adsbygoogle.js?client=ca-pub-8106111766207173\"\r\n     crossorigin=\"anonymous\"><\/script>\r\n<!-- Display-1 -->\r\n<ins class=\"adsbygoogle\"\r\n     style=\"display:block\"\r\n     data-ad-client=\"ca-pub-8106111766207173\"\r\n     data-ad-slot=\"1465712950\"\r\n     data-ad-format=\"auto\"\r\n     data-full-width-responsive=\"true\"><\/ins>\r\n<script>\r\n     (adsbygoogle = window.adsbygoogle || []).push({});\r\n<\/script><\/div><\/div>","protected":false},"excerpt":{"rendered":"<p>&#8216;Nije stvar ne i\u0107i vidjeti baku, ali ovog \u010dasa ne \u017eelimo stvoriti problem jer zbog toga ona mo\u017ee umrijeti, mo\u017eete donijeti problem cijelom zdravstvenom sustavu jer ne\u0107emo imati dovoljno respiratora&#8217;, kazala je ravnateljica Kriznog sto\u017eera.<\/p>\n","protected":false},"author":1,"featured_media":35845,"comment_status":"closed","ping_status":"closed","sticky":false,"template":"","format":"standard","meta":{"footnotes":""},"categories":[9],"tags":[2046,2160],"class_list":["post-35841","post","type-post","status-publish","format-standard","has-post-thumbnail","hentry","category-vijesti","tag-korona-virus","tag-maja-grba-bujevic"],"_links":{"self":[{"href":"https:\/\/www.mojevrijeme.hr\/magazin\/wp-json\/wp\/v2\/posts\/35841","targetHints":{"allow":["GET"]}}],"collection":[{"href":"https:\/\/www.mojevrijeme.hr\/magazin\/wp-json\/wp\/v2\/posts"}],"about":[{"href":"https:\/\/www.mojevrijeme.hr\/magazin\/wp-json\/wp\/v2\/types\/post"}],"author":[{"embeddable":true,"href":"https:\/\/www.mojevrijeme.hr\/magazin\/wp-json\/wp\/v2\/users\/1"}],"replies":[{"embeddable":true,"href":"https:\/\/www.mojevrijeme.hr\/magazin\/wp-json\/wp\/v2\/comments?post=35841"}],"version-history":[{"count":0,"href":"https:\/\/www.mojevrijeme.hr\/magazin\/wp-json\/wp\/v2\/posts\/35841\/revisions"}],"wp:featuredmedia":[{"embeddable":true,"href":"https:\/\/www.mojevrijeme.hr\/magazin\/wp-json\/wp\/v2\/media\/35845"}],"wp:attachment":[{"href":"https:\/\/www.mojevrijeme.hr\/magazin\/wp-json\/wp\/v2\/media?parent=35841"}],"wp:term":[{"taxonomy":"category","embeddable":true,"href":"https:\/\/www.mojevrijeme.hr\/magazin\/wp-json\/wp\/v2\/categories?post=35841"},{"taxonomy":"post_tag","embeddable":true,"href":"https:\/\/www.mojevrijeme.hr\/magazin\/wp-json\/wp\/v2\/tags?post=35841"}],"curies":[{"name":"wp","href":"https:\/\/api.w.org\/{rel}","templated":true}]}}